{"id":22622,"date":"2022-10-05T10:47:34","date_gmt":"2022-10-05T13:47:34","guid":{"rendered":"https:\/\/radiorevelacionfm.cl\/?p=22622"},"modified":"2022-10-05T10:47:34","modified_gmt":"2022-10-05T13:47:34","slug":"realizan-plaza-de-justicia-con-junta-de-vecinos-las-orquideas-del-sector-cerro-negro","status":"publish","type":"post","link":"https:\/\/radiorevelacionfm.cl\/?p=22622","title":{"rendered":"Realizan Plaza de Justicia con Junta de Vecinos Las Orqu\u00eddeas del sector Cerro Negro"},"content":{"rendered":"<div class=\"flex_column av_one_full  flex_column_div av-zero-column-padding first  avia-builder-el-0  el_before_av_one_full  avia-builder-el-first  \" style='border-radius:0px; '><div  class='avia-image-container  av-styling-    avia-builder-el-1  avia-builder-el-no-sibling  avia-align-center '  itemprop=\"image\" itemscope=\"itemscope\" itemtype=\"https:\/\/schema.org\/ImageObject\"  ><div class='avia-image-container-inner'><div class='avia-image-overlay-wrap'><img decoding=\"async\" class='wp-image-22623 avia-img-lazy-loading-not-22623 avia_image' src=\"https:\/\/radiorevelacionfm.cl\/wp-content\/uploads\/2022\/10\/plaza-4-1-1-1.jpg\" alt='' title='plaza 4 (1) (1) (1)' height=\"600\" width=\"800\"  itemprop=\"thumbnailUrl\" srcset=\"https:\/\/radiorevelacionfm.cl\/wp-content\/uploads\/2022\/10\/plaza-4-1-1-1.jpg 800w, https:\/\/radiorevelacionfm.cl\/wp-content\/uploads\/2022\/10\/plaza-4-1-1-1-300x225.jpg 300w, https:\/\/radiorevelacionfm.cl\/wp-content\/uploads\/2022\/10\/plaza-4-1-1-1-768x576.jpg 768w, https:\/\/radiorevelacionfm.cl\/wp-content\/uploads\/2022\/10\/plaza-4-1-1-1-705x529.jpg 705w, https:\/\/radiorevelacionfm.cl\/wp-content\/uploads\/2022\/10\/plaza-4-1-1-1-600x450.jpg 600w\" sizes=\"(max-width: 800px) 100vw, 800px\" \/><\/div><\/div><\/div><\/div><div class=\"flex_column av_one_full  flex_column_div av-zero-column-padding first  avia-builder-el-2  el_after_av_one_full  el_before_av_one_full  column-top-margin\" style='border-radius:0px; '><section class=\"av_textblock_section \"  itemscope=\"itemscope\" itemtype=\"https:\/\/schema.org\/BlogPosting\" itemprop=\"blogPost\" ><div class='avia_textblock  '   itemprop=\"text\" ><p style=\"text-align: center;\"><strong><span style=\"font-size: 18pt;\">Realizan Plaza de Justicia con Junta de Vecinos Las Orqu\u00eddeas del sector Cerro Negro<\/span><\/strong><\/p>\n<div id=\"gtx-trans\" style=\"position: absolute; left: -50px; top: 4.31534px;\">\n<div class=\"gtx-trans-icon\"><\/div>\n<\/div>\n<\/div><\/section><\/div><div class=\"flex_column av_one_full  flex_column_div av-zero-column-padding first  avia-builder-el-4  el_after_av_one_full  el_before_av_hr  column-top-margin\" style='border-radius:0px; '><section class=\"av_textblock_section \"  itemscope=\"itemscope\" itemtype=\"https:\/\/schema.org\/BlogPosting\" itemprop=\"blogPost\" ><div class='avia_textblock  '   itemprop=\"text\" ><p style=\"text-align: justify;\">M\u00e1s de 40 personas de la Junta de Vecinos Las Orqu\u00eddeas del sector Cerro Negro se dieron cita el pasado viernes en dependencias del gimnasio del Colegio Sembradores, a una nueva Plaza de Justicia y Derechos Humanos, la que en esta oportunidad congreg\u00f3 a distintos servicios p\u00fablicos externos al sector Justicia, esto con el prop\u00f3sito de escuchar las demandas y requerimientos de quienes residen en este sector de Coyhaique.<\/p>\n<p style=\"text-align: justify;\">Dicha instancia fue encabezada por el Seremi de Justicia y Derechos Humanos, Samuel Navarro Castro y cont\u00f3 con la presencia del Delegado Presidencial Regional Rodrigo Araya Morales, as\u00ed tambi\u00e9n estuvieron presente funcionarios\/as de la Delegaci\u00f3n Presidencial Regional, CONAF, SAG, Carabineros y de la Serem\u00eda de Justicia y Derechos Humanos, quienes atentamente respondieron las consultas de los vecinos que se dieron cita en este lugar.<\/p>\n<p style=\"text-align: justify;\">El presidente de la Junta de Vecinos Las Orqu\u00eddeas del sector Cerro Negro Gonzalo Fuenzalida se\u00f1al\u00f3 \u201cdamos la gracias a todas las autoridades presentes, esto se genera luego de que nos conformarnos como Junta de Vecinos hace muy poco tiempo, menos de un mes, y hay mucha gente viviendo en el sector, y empezamos a visitar todos los estamentos p\u00fablicos y en cada uno fuimos consultando en que nos pod\u00edan ayudar, y en la Seremi de Justicia y Derechos Humanos nos ofrecieron esta magnifica Plaza de Justicia que llevamos a cabo hoy d\u00eda, la fue muy beneficiosa para nuestros vecinos y les damos las gracias, y espero que podamos hacer muchas m\u00e1s, porque se despejaron much\u00edsimas dudas y muchas soluciones para nuestra Junta de Vecinos\u201d.<\/p>\n<p style=\"text-align: justify;\">En tanto, el Delegado Presidencial Regional Rodrigo Araya indic\u00f3 que \u201choy asistimos a una actividad de Plaza de Justicia a solicitud de una Junta de vecinos del sector Cerro Negro, y justamente la importancia radica en como acercamos los servicios p\u00fablicos a las personas, ac\u00e1 pudimos escuchar una serie de temas que van desde la conectividad, la seguridad en la ruta, la tala ilegal de los bosques, el tema de los perros abandonados, se\u00f1al\u00e9tica de los caminos, la seguridad ante el aumento del flujo de personas que van a botar basura, en fin, temas que podemos trabajar con distintas instituciones, ac\u00e1 hubo una serie de servicios aparte de la Seremi de Justicia y pudimos avanzar en posibles soluciones en v\u00edas y sobre todo en las denuncias, carabineros funciona priorizando sectores que tienen problem\u00e1ticas, movilizando a sus funcionarios en la medida que sabe donde ocurren cosas, por lo tanto las denuncias siguen siendo trascendental para que se puedan focalizar los recursos\u201d.<\/p>\n<p style=\"text-align: justify;\">Por su parte, el Seremi de Justicia y Derechos Humanos Samuel Navarro Castro destac\u00f3 la participaci\u00f3n e inter\u00e9s de los vecinos se\u00f1alando que \u201cfue una actividad realizada con la Junta de Vecinos Las Orqu\u00eddeas del sector Cerro Negro de Coyhaique, a requerimiento de esa organizaci\u00f3n vecinal y comunitaria, y que adem\u00e1s nos sirvi\u00f3 para interactuar con la comunidad, ver de cerca sus problemas, algunos cercanos a nuestro ministerio, otros con otros servicios p\u00fablicos, pero que permiti\u00f3 este acercamiento con la comunidad y este di\u00e1logo franco y directo respecto a sus requerimientos y sus inquietudes\u201d.<\/p>\n<p style=\"text-align: justify;\">Finalmente, Johanna Zajc vecina del sector destac\u00f3 la actividad se\u00f1alando que \u201cnunca hab\u00eda participado en una plaza de justicia y esto me pareci\u00f3 incre\u00edble, maravilloso poder tener a todas las autoridades juntas y poder agotar todas las dudas que ten\u00edamos y tener el compromiso de entre todas las autoridades y de saber a qui\u00e9n preguntarle cada cosa y saber que contamos con el apoyo de todos\u201d.<\/p>\n<\/div><\/section><\/div><div  style='height:50px' class='hr hr-invisible   avia-builder-el-6  el_after_av_one_full  el_before_av_social_share '><span class='hr-inner ' ><span class='hr-inner-style'><\/span><\/span><\/div><\/p>\n<div  class='av-social-sharing-box  avia-builder-el-7  el_after_av_hr  el_before_av_hr  '><div class='av-share-box'><h5 class='av-share-link-description av-no-toc '>Compartir esta noticia<\/h5><ul class='av-share-box-list noLightbox'><li class='av-share-link av-social-link-facebook' ><a target=\"_blank\" aria-label=\"Compartir en Facebook\" href='https:\/\/www.facebook.com\/sharer.php?u=https:\/\/radiorevelacionfm.cl\/?p=22622&#038;t=Realizan%20Plaza%20de%20Justicia%20con%20Junta%20de%20Vecinos%20Las%20Orqu%C3%ADdeas%20del%20sector%20Cerro%20Negro' aria-hidden='false' data-av_icon='\ue8f3' data-av_iconfont='entypo-fontello' title='' data-avia-related-tooltip='Compartir en Facebook' rel=\"noopener\"><span class='avia_hidden_link_text'>Compartir en Facebook<\/span><\/a><\/li><li class='av-share-link av-social-link-twitter' ><a target=\"_blank\" aria-label=\"Compartir en Twitter\" href='https:\/\/twitter.com\/share?text=Realizan%20Plaza%20de%20Justicia%20con%20Junta%20de%20Vecinos%20Las%20Orqu%C3%ADdeas%20del%20sector%20Cerro%20Negro&#038;url=https:\/\/radiorevelacionfm.cl\/?p=22622' aria-hidden='false' data-av_icon='\ue8f1' data-av_iconfont='entypo-fontello' title='' data-avia-related-tooltip='Compartir en Twitter' rel=\"noopener\"><span class='avia_hidden_link_text'>Compartir en Twitter<\/span><\/a><\/li><li class='av-share-link av-social-link-whatsapp' ><a target=\"_blank\" aria-label=\"Compartir en Whatsapp\" href='https:\/\/api.whatsapp.com\/send?text=https:\/\/radiorevelacionfm.cl\/?p=22622' aria-hidden='false' data-av_icon='\uf232' data-av_iconfont='entypo-fontello' title='' data-avia-related-tooltip='Compartir en Whatsapp' rel=\"noopener\"><span class='avia_hidden_link_text'>Compartir en Whatsapp<\/span><\/a><\/li><li class='av-share-link av-social-link-linkedin' ><a target=\"_blank\" aria-label=\"Compartir en LinkedIn\" href='https:\/\/linkedin.com\/shareArticle?mini=true&#038;title=Realizan%20Plaza%20de%20Justicia%20con%20Junta%20de%20Vecinos%20Las%20Orqu%C3%ADdeas%20del%20sector%20Cerro%20Negro&#038;url=https:\/\/radiorevelacionfm.cl\/?p=22622' aria-hidden='false' data-av_icon='\ue8fc' data-av_iconfont='entypo-fontello' title='' data-avia-related-tooltip='Compartir en LinkedIn' rel=\"noopener\"><span class='avia_hidden_link_text'>Compartir en LinkedIn<\/span><\/a><\/li><li class='av-share-link av-social-link-mail' ><a  aria-label=\"Compartir por correo\" href='mailto:?subject=Realizan%20Plaza%20de%20Justicia%20con%20Junta%20de%20Vecinos%20Las%20Orqu%C3%ADdeas%20del%20sector%20Cerro%20Negro&#038;body=https:\/\/radiorevelacionfm.cl\/?p=22622' aria-hidden='false' data-av_icon='\ue805' data-av_iconfont='entypo-fontello' title='' data-avia-related-tooltip='Compartir por correo'><span class='avia_hidden_link_text'>Compartir por correo<\/span><\/a><\/li><\/ul><\/div><\/div>\n<div  style='height:50px' class='hr hr-invisible   avia-builder-el-8  el_after_av_social_share  el_before_av_comments_list '><span class='hr-inner ' ><span class='hr-inner-style'><\/span><\/span><\/div>\n<div  class='av-buildercomment  av-blog-meta-html-info-disabled av-blog-meta-tag-disabled  '><\/div>\n","protected":false},"excerpt":{"rendered":"","protected":false},"author":1,"featured_media":22623,"comment_status":"open","ping_status":"open","sticky":false,"template":"","format":"standard","meta":{"footnotes":""},"categories":[55],"tags":[],"class_list":["post-22622","post","type-post","status-publish","format-standard","has-post-thumbnail","hentry","category-justicia"],"jetpack_featured_media_url":"https:\/\/radiorevelacionfm.cl\/wp-content\/uploads\/2022\/10\/plaza-4-1-1-1.jpg","_links":{"self":[{"href":"https:\/\/radiorevelacionfm.cl\/index.php?rest_route=\/wp\/v2\/posts\/22622","targetHints":{"allow":["GET"]}}],"collection":[{"href":"https:\/\/radiorevelacionfm.cl\/index.php?rest_route=\/wp\/v2\/posts"}],"about":[{"href":"https:\/\/radiorevelacionfm.cl\/index.php?rest_route=\/wp\/v2\/types\/post"}],"author":[{"embeddable":true,"href":"https:\/\/radiorevelacionfm.cl\/index.php?rest_route=\/wp\/v2\/users\/1"}],"replies":[{"embeddable":true,"href":"https:\/\/radiorevelacionfm.cl\/index.php?rest_route=%2Fwp%2Fv2%2Fcomments&post=22622"}],"version-history":[{"count":2,"href":"https:\/\/radiorevelacionfm.cl\/index.php?rest_route=\/wp\/v2\/posts\/22622\/revisions"}],"predecessor-version":[{"id":22669,"href":"https:\/\/radiorevelacionfm.cl\/index.php?rest_route=\/wp\/v2\/posts\/22622\/revisions\/22669"}],"wp:featuredmedia":[{"embeddable":true,"href":"https:\/\/radiorevelacionfm.cl\/index.php?rest_route=\/wp\/v2\/media\/22623"}],"wp:attachment":[{"href":"https:\/\/radiorevelacionfm.cl\/index.php?rest_route=%2Fwp%2Fv2%2Fmedia&parent=22622"}],"wp:term":[{"taxonomy":"category","embeddable":true,"href":"https:\/\/radiorevelacionfm.cl\/index.php?rest_route=%2Fwp%2Fv2%2Fcategories&post=22622"},{"taxonomy":"post_tag","embeddable":true,"href":"https:\/\/radiorevelacionfm.cl\/index.php?rest_route=%2Fwp%2Fv2%2Ftags&post=22622"}],"curies":[{"name":"wp","href":"https:\/\/api.w.org\/{rel}","templated":true}]}}