{"id":22618,"date":"2022-10-04T17:15:06","date_gmt":"2022-10-04T20:15:06","guid":{"rendered":"https:\/\/radiorevelacionfm.cl\/?p=22618"},"modified":"2022-10-04T17:15:06","modified_gmt":"2022-10-04T20:15:06","slug":"alcalde-de-cisnes-expone-ante-sus-pares-de-palena-y-logra-respaldo-en-materias-de-conectividad","status":"publish","type":"post","link":"https:\/\/radiorevelacionfm.cl\/?p=22618","title":{"rendered":"Alcalde de Cisnes expone ante sus pares de Palena y logra respaldo en materias de conectividad"},"content":{"rendered":"<div class=\"flex_column av_one_full  flex_column_div av-zero-column-padding first  avia-builder-el-0  el_before_av_one_full  avia-builder-el-first  \" style='border-radius:0px; '><div  class='avia-image-container  av-styling-    avia-builder-el-1  avia-builder-el-no-sibling  avia-align-center '  itemprop=\"image\" itemscope=\"itemscope\" itemtype=\"https:\/\/schema.org\/ImageObject\"  ><div class='avia-image-container-inner'><div class='avia-image-overlay-wrap'><img decoding=\"async\" class='wp-image-22619 avia-img-lazy-loading-not-22619 avia_image' src=\"https:\/\/radiorevelacionfm.cl\/wp-content\/uploads\/2022\/10\/EXPOSICION-PALENA-1-1-1.jpg\" alt='' title='EXPOSICION PALENA 1 (1) (1)' height=\"600\" width=\"800\"  itemprop=\"thumbnailUrl\" srcset=\"https:\/\/radiorevelacionfm.cl\/wp-content\/uploads\/2022\/10\/EXPOSICION-PALENA-1-1-1.jpg 800w, https:\/\/radiorevelacionfm.cl\/wp-content\/uploads\/2022\/10\/EXPOSICION-PALENA-1-1-1-300x225.jpg 300w, https:\/\/radiorevelacionfm.cl\/wp-content\/uploads\/2022\/10\/EXPOSICION-PALENA-1-1-1-768x576.jpg 768w, https:\/\/radiorevelacionfm.cl\/wp-content\/uploads\/2022\/10\/EXPOSICION-PALENA-1-1-1-705x529.jpg 705w, https:\/\/radiorevelacionfm.cl\/wp-content\/uploads\/2022\/10\/EXPOSICION-PALENA-1-1-1-600x450.jpg 600w\" sizes=\"(max-width: 800px) 100vw, 800px\" \/><\/div><\/div><\/div><\/div><div class=\"flex_column av_one_full  flex_column_div av-zero-column-padding first  avia-builder-el-2  el_after_av_one_full  el_before_av_one_full  column-top-margin\" style='border-radius:0px; '><section class=\"av_textblock_section \"  itemscope=\"itemscope\" itemtype=\"https:\/\/schema.org\/BlogPosting\" itemprop=\"blogPost\" ><div class='avia_textblock  '   itemprop=\"text\" ><p style=\"text-align: center;\"><strong><span style=\"font-size: 18pt;\">Alcalde de Cisnes expone ante sus pares de Palena y logra respaldo en materias de conectividad<\/span><\/strong><\/p>\n<div id=\"gtx-trans\" style=\"position: absolute; left: -50px; top: 4.31534px;\">\n<div class=\"gtx-trans-icon\"><\/div>\n<\/div>\n<\/div><\/section><\/div><div class=\"flex_column av_one_full  flex_column_div av-zero-column-padding first  avia-builder-el-4  el_after_av_one_full  el_before_av_hr  column-top-margin\" style='border-radius:0px; '><section class=\"av_textblock_section \"  itemscope=\"itemscope\" itemtype=\"https:\/\/schema.org\/BlogPosting\" itemprop=\"blogPost\" ><div class='avia_textblock  '   itemprop=\"text\" ><p style=\"text-align: justify;\">El Alcalde de la Comuna de Cisnes, Francisco Roncagliolo Lepio expuso ante la Asociaci\u00f3n de Municipios de la Provincia de Palena los avances y acuerdos sobre conectividad mar\u00edtima y terrestre gestionados desde La Regi\u00f3n de Ays\u00e9n ante el Ministerio de Obras P\u00fablicas en reuni\u00f3n sostenida en Santiago el 12 de septiembre pasado.<\/p>\n<p style=\"text-align: justify;\">Recordar que en ese encuentro participaron los cinco Parlamentarios de nuestra regi\u00f3n, representantes de la Comisi\u00f3n de Infraestructura y otras comisiones del Consejo Regional de Ays\u00e9n, Alcaldes y equipos t\u00e9cnicos del Ministerio.<\/p>\n<p style=\"text-align: justify;\">Como conclusi\u00f3n de dicha reuni\u00f3n se obtuvo el compromiso del Ministro de Obras Publicas de concretar un Plan de Conectividad para La regi\u00f3n de Ays\u00e9n en 60 d\u00edas, plazo que se cumple el 12 de noviembre del presente a\u00f1o. Ante este compromiso es que la Comuna de Cisnes expuso que las cuatro comunas de la Provincia de Palena son socias estrat\u00e9gicas, frente a los intereses de conectividad de nuestra regi\u00f3n hacia el resto del pa\u00eds. Dado este planteamiento, nace la necesidad que en las diversas tratativas dicha Provincia pueda estar incluida.<\/p>\n<p style=\"text-align: justify;\">\u201cEra tremendamente importante que la Provincia de Palena se incorporara, porque estamos conectados, estamos juntos y tenemos las mismas necesidades y es fundamental trabajar en esta Provincia tambi\u00e9n para poder mejorar la conectividad en nuestra regi\u00f3n de Ays\u00e9n. As\u00ed es que, hoy hemos conversado bastante, se han generado acuerdos de apoyos mutuos para lo que significa el trabajo de la conectividad y defendemos nosotros la idea que hemos planteado hace un tiempo atr\u00e1s, las rutas terrestres se proyectan en el mar. Por lo tanto, tenemos que fortalecer las rutas mar\u00edtimas y tenemos ese tremendo desaf\u00edo de conectar a Chile por Chile y por tierra, que es un trabajo que tambi\u00e9n tiene que llevar el Ministerio de Obras P\u00fablicas en esta hermosa Provincia. As\u00ed es que, a seguir trabajando en conjunto, hay muchas voluntades que se han sumado para que esto siga adelante y esperamos tener resultados\u201d, enfatiz\u00f3 el Alcalde Francisco Roncagliolo.<\/p>\n<p style=\"text-align: justify;\">Al t\u00e9rmino de la exposici\u00f3n el alcalde Alejandro Avello, presidente de la asociaci\u00f3n de Municipalidades de la Provincia de Palena, manifest\u00f3 su apoyo en la incorporaci\u00f3n a la mesa de trabajo y recalc\u00f3 la importancia del trabajo conjunto que se pueda desarrollar para lograr las mejoras en la conectividad de la zona.<\/p>\n<p style=\"text-align: justify;\">\u201cNos sumamos y vamos a ver los caminos para participar de las mesas de trabajo que se est\u00e1n sosteniendo, principalmente entre la regi\u00f3n de Ays\u00e9n y Los Lagos, para poder mejorar en varios aspectos el tema de la conectividad. En t\u00e9rminos de mejorar la frecuencia de las embarcaciones, mejorar la cantidad de metros lineales que podemos tener por embarcaci\u00f3n, pero tambi\u00e9n continuar con la construcci\u00f3n de la ruta y que tiene que ver con la ruta que nos conecta desde Caleta Gonzalo hacia la comuna de Hualaihue y lo que es el servicio de la ruta bimodal. Entonces, a nosotros nos hace mucho sentido lo que est\u00e1 planteando el Alcalde de Cisnes y lo vamos a apoyar como Asociaci\u00f3n, sum\u00e1ndonos a las mesas de trabajo y vamos a estar atentos a las convocatorias para poder trabajar en conjunto\u201d.<\/p>\n<p style=\"text-align: justify;\">La reuni\u00f3n se desarroll\u00f3 en Palena y participaron Alejandro Avello, alcalde de Futaleuf\u00fa, Pedro V\u00e1squez, alcalde de Chait\u00e9n, Julio Delgado, alcalde de Palena, la Concejal y representante del municipio de Hualaihue, Yanina Vargas, Alejandra Torres concejal de Futaleuf\u00fa, Bernardo Riquelme concejal de Chait\u00e9n, Mario Galindo concejal de Palena y Juan Pablo Figueroa Secretario Ejecutivo (I).<\/p>\n<\/div><\/section><\/div><div  style='height:50px' class='hr hr-invisible   avia-builder-el-6  el_after_av_one_full  el_before_av_social_share '><span class='hr-inner ' ><span class='hr-inner-style'><\/span><\/span><\/div><\/p>\n<div  class='av-social-sharing-box  avia-builder-el-7  el_after_av_hr  el_before_av_hr  '><div class='av-share-box'><h5 class='av-share-link-description av-no-toc '>Compartir esta noticia<\/h5><ul class='av-share-box-list noLightbox'><li class='av-share-link av-social-link-facebook' ><a target=\"_blank\" aria-label=\"Compartir en Facebook\" href='https:\/\/www.facebook.com\/sharer.php?u=https:\/\/radiorevelacionfm.cl\/?p=22618&#038;t=Alcalde%20de%20Cisnes%20expone%20ante%20sus%20pares%20de%20Palena%20y%20logra%20respaldo%20en%20materias%20de%20conectividad' aria-hidden='false' data-av_icon='\ue8f3' data-av_iconfont='entypo-fontello' title='' data-avia-related-tooltip='Compartir en Facebook' rel=\"noopener\"><span class='avia_hidden_link_text'>Compartir en Facebook<\/span><\/a><\/li><li class='av-share-link av-social-link-twitter' ><a target=\"_blank\" aria-label=\"Compartir en Twitter\" href='https:\/\/twitter.com\/share?text=Alcalde%20de%20Cisnes%20expone%20ante%20sus%20pares%20de%20Palena%20y%20logra%20respaldo%20en%20materias%20de%20conectividad&#038;url=https:\/\/radiorevelacionfm.cl\/?p=22618' aria-hidden='false' data-av_icon='\ue8f1' data-av_iconfont='entypo-fontello' title='' data-avia-related-tooltip='Compartir en Twitter' rel=\"noopener\"><span class='avia_hidden_link_text'>Compartir en Twitter<\/span><\/a><\/li><li class='av-share-link av-social-link-whatsapp' ><a target=\"_blank\" aria-label=\"Compartir en Whatsapp\" href='https:\/\/api.whatsapp.com\/send?text=https:\/\/radiorevelacionfm.cl\/?p=22618' aria-hidden='false' data-av_icon='\uf232' data-av_iconfont='entypo-fontello' title='' data-avia-related-tooltip='Compartir en Whatsapp' rel=\"noopener\"><span class='avia_hidden_link_text'>Compartir en Whatsapp<\/span><\/a><\/li><li class='av-share-link av-social-link-linkedin' ><a target=\"_blank\" aria-label=\"Compartir en LinkedIn\" href='https:\/\/linkedin.com\/shareArticle?mini=true&#038;title=Alcalde%20de%20Cisnes%20expone%20ante%20sus%20pares%20de%20Palena%20y%20logra%20respaldo%20en%20materias%20de%20conectividad&#038;url=https:\/\/radiorevelacionfm.cl\/?p=22618' aria-hidden='false' data-av_icon='\ue8fc' data-av_iconfont='entypo-fontello' title='' data-avia-related-tooltip='Compartir en LinkedIn' rel=\"noopener\"><span class='avia_hidden_link_text'>Compartir en LinkedIn<\/span><\/a><\/li><li class='av-share-link av-social-link-mail' ><a  aria-label=\"Compartir por correo\" href='mailto:?subject=Alcalde%20de%20Cisnes%20expone%20ante%20sus%20pares%20de%20Palena%20y%20logra%20respaldo%20en%20materias%20de%20conectividad&#038;body=https:\/\/radiorevelacionfm.cl\/?p=22618' aria-hidden='false' data-av_icon='\ue805' data-av_iconfont='entypo-fontello' title='' data-avia-related-tooltip='Compartir por correo'><span class='avia_hidden_link_text'>Compartir por correo<\/span><\/a><\/li><\/ul><\/div><\/div>\n<div  style='height:50px' class='hr hr-invisible   avia-builder-el-8  el_after_av_social_share  el_before_av_comments_list '><span class='hr-inner ' ><span class='hr-inner-style'><\/span><\/span><\/div>\n<div  class='av-buildercomment  av-blog-meta-html-info-disabled av-blog-meta-tag-disabled  '><\/div>\n","protected":false},"excerpt":{"rendered":"","protected":false},"author":1,"featured_media":22619,"comment_status":"open","ping_status":"open","sticky":false,"template":"","format":"standard","meta":{"footnotes":""},"categories":[38],"tags":[],"class_list":["post-22618","post","type-post","status-publish","format-standard","has-post-thumbnail","hentry","category-regional"],"jetpack_featured_media_url":"https:\/\/radiorevelacionfm.cl\/wp-content\/uploads\/2022\/10\/EXPOSICION-PALENA-1-1-1.jpg","_links":{"self":[{"href":"https:\/\/radiorevelacionfm.cl\/index.php?rest_route=\/wp\/v2\/posts\/22618","targetHints":{"allow":["GET"]}}],"collection":[{"href":"https:\/\/radiorevelacionfm.cl\/index.php?rest_route=\/wp\/v2\/posts"}],"about":[{"href":"https:\/\/radiorevelacionfm.cl\/index.php?rest_route=\/wp\/v2\/types\/post"}],"author":[{"embeddable":true,"href":"https:\/\/radiorevelacionfm.cl\/index.php?rest_route=\/wp\/v2\/users\/1"}],"replies":[{"embeddable":true,"href":"https:\/\/radiorevelacionfm.cl\/index.php?rest_route=%2Fwp%2Fv2%2Fcomments&post=22618"}],"version-history":[{"count":2,"href":"https:\/\/radiorevelacionfm.cl\/index.php?rest_route=\/wp\/v2\/posts\/22618\/revisions"}],"predecessor-version":[{"id":22621,"href":"https:\/\/radiorevelacionfm.cl\/index.php?rest_route=\/wp\/v2\/posts\/22618\/revisions\/22621"}],"wp:featuredmedia":[{"embeddable":true,"href":"https:\/\/radiorevelacionfm.cl\/index.php?rest_route=\/wp\/v2\/media\/22619"}],"wp:attachment":[{"href":"https:\/\/radiorevelacionfm.cl\/index.php?rest_route=%2Fwp%2Fv2%2Fmedia&parent=22618"}],"wp:term":[{"taxonomy":"category","embeddable":true,"href":"https:\/\/radiorevelacionfm.cl\/index.php?rest_route=%2Fwp%2Fv2%2Fcategories&post=22618"},{"taxonomy":"post_tag","embeddable":true,"href":"https:\/\/radiorevelacionfm.cl\/index.php?rest_route=%2Fwp%2Fv2%2Ftags&post=22618"}],"curies":[{"name":"wp","href":"https:\/\/api.w.org\/{rel}","templated":true}]}}