{"id":22612,"date":"2022-10-05T09:41:21","date_gmt":"2022-10-05T12:41:21","guid":{"rendered":"https:\/\/radiorevelacionfm.cl\/?p=22612"},"modified":"2022-10-05T09:41:21","modified_gmt":"2022-10-05T12:41:21","slug":"para-aumentar-seguridad-instalan-camaras-y-guardias-en-establecimientos-de-atencion-primaria-de-coyhaique","status":"publish","type":"post","link":"https:\/\/radiorevelacionfm.cl\/?p=22612","title":{"rendered":"Para aumentar seguridad instalan c\u00e1maras y guardias en establecimientos de Atenci\u00f3n Primaria de Coyhaique"},"content":{"rendered":"<div class=\"flex_column av_one_full  flex_column_div av-zero-column-padding first  avia-builder-el-0  el_before_av_one_full  avia-builder-el-first  \" style='border-radius:0px; '><div  class='avia-image-container  av-styling-    avia-builder-el-1  avia-builder-el-no-sibling  avia-align-center '  itemprop=\"image\" itemscope=\"itemscope\" itemtype=\"https:\/\/schema.org\/ImageObject\"  ><div class='avia-image-container-inner'><div class='avia-image-overlay-wrap'><img decoding=\"async\" class='wp-image-22613 avia-img-lazy-loading-not-22613 avia_image' src=\"https:\/\/radiorevelacionfm.cl\/wp-content\/uploads\/2022\/10\/VDS-Image-2022-10-04-at-12.36.12-PM-1-1.jpeg\" alt='' title='VDS Image 2022-10-04 at 12.36.12 PM (1) (1)' height=\"600\" width=\"1067\"  itemprop=\"thumbnailUrl\" srcset=\"https:\/\/radiorevelacionfm.cl\/wp-content\/uploads\/2022\/10\/VDS-Image-2022-10-04-at-12.36.12-PM-1-1.jpeg 1067w, https:\/\/radiorevelacionfm.cl\/wp-content\/uploads\/2022\/10\/VDS-Image-2022-10-04-at-12.36.12-PM-1-1-300x169.jpeg 300w, https:\/\/radiorevelacionfm.cl\/wp-content\/uploads\/2022\/10\/VDS-Image-2022-10-04-at-12.36.12-PM-1-1-1030x579.jpeg 1030w, https:\/\/radiorevelacionfm.cl\/wp-content\/uploads\/2022\/10\/VDS-Image-2022-10-04-at-12.36.12-PM-1-1-768x432.jpeg 768w, https:\/\/radiorevelacionfm.cl\/wp-content\/uploads\/2022\/10\/VDS-Image-2022-10-04-at-12.36.12-PM-1-1-705x396.jpeg 705w, https:\/\/radiorevelacionfm.cl\/wp-content\/uploads\/2022\/10\/VDS-Image-2022-10-04-at-12.36.12-PM-1-1-600x337.jpeg 600w\" sizes=\"(max-width: 1067px) 100vw, 1067px\" \/><\/div><\/div><\/div><\/div>\n<div class=\"flex_column av_one_full  flex_column_div av-zero-column-padding first  avia-builder-el-2  el_after_av_one_full  el_before_av_one_full  column-top-margin\" style='border-radius:0px; '><section class=\"av_textblock_section \"  itemscope=\"itemscope\" itemtype=\"https:\/\/schema.org\/BlogPosting\" itemprop=\"blogPost\" ><div class='avia_textblock  '   itemprop=\"text\" ><p style=\"text-align: center;\"><strong><span style=\"font-size: 18pt;\">Para aumentar seguridad instalan c\u00e1maras y guardias en establecimientos de Atenci\u00f3n Primaria de Coyhaique<\/span><\/strong><\/p>\n<div id=\"gtx-trans\" style=\"position: absolute; left: -50px; top: 4.31534px;\">\n<div class=\"gtx-trans-icon\"><\/div>\n<\/div>\n<\/div><\/section><\/div><div class=\"flex_column av_one_full  flex_column_div av-zero-column-padding first  avia-builder-el-4  el_after_av_one_full  el_before_av_hr  column-top-margin\" style='border-radius:0px; '><section class=\"av_textblock_section \"  itemscope=\"itemscope\" itemtype=\"https:\/\/schema.org\/BlogPosting\" itemprop=\"blogPost\" ><div class='avia_textblock  '   itemprop=\"text\" ><p class=\"v1MsoNormal\" style=\"text-align: justify;\">Un importante trabajo para mejorar las condiciones de seguridad de los establecimientos de Atenci\u00f3n Primaria de la Regi\u00f3n de Ays\u00e9n se ha realizado durante los \u00faltimos 6 meses, acciones encabezadas por el Departamento de Relaciones Laborales del Servicio de Salud.<\/p>\n<p class=\"v1MsoNormal\" style=\"text-align: justify;\">El objetivo de este trabajo es entregar un espacio m\u00e1s seguro, tanto para los usuarios como para los funcionarios, intentando con ello evitar situaciones como la agresi\u00f3n f\u00edsica que afect\u00f3 a un doctor del CESFAM V\u00edctor Domingo Silva.<\/p>\n<p class=\"v1MsoNormal\" style=\"text-align: justify;\">\u00abEstamos muy contentos en realidad como funcionarios de poder contar con estas medidas de seguridad y tambi\u00e9n estamos atentos a la respuesta que nos est\u00e1 dando el Servicio frente a otras solicitudes destinadas tambi\u00e9n a entregar una mejor atenci\u00f3n a los usuarios\u00bb, se\u00f1al\u00f3 Maritza \u00c1lvarez, Presidenta del Comit\u00e9 Paritario del establecimiento.<\/p>\n<p class=\"v1MsoNormal\" style=\"text-align: justify;\">Este martes se inform\u00f3 la instalaci\u00f3n de un sistema de c\u00e1maras de vigilancia en distintos puntos del CESFAM V\u00edctor Domingo Silva, adem\u00e1s de la contrataci\u00f3n de guardias de seguridad. Estas medidas ser\u00e1n replicadas en otros establecimientos de Atenci\u00f3n Primaria, tomando en cuenta para ello las caracter\u00edsticas propias de cada una de las localidades.<\/p>\n<p class=\"v1MsoNormal\" style=\"text-align: justify;\">\u00abLas medidas se tienen que implementar en forma gradual en todos los establecimientos que lo vayan requiriendo, porque este fen\u00f3meno no se da de igual forma en Coyhaique o Puerto Ays\u00e9n como en otras localidades como Cochrane o Chile Chico. Nosotros estamos poniendo en el centro a las personas, la seguridad de las personas, tanto los usuarios de la comunidad como nuestros funcionarios y funcionarias\u00bb, agreg\u00f3 Nicol\u00e1s Meier, Encargado de Relaciones Laborales del SSA.<\/p>\n<p class=\"v1MsoNormal\" style=\"text-align: justify;\">Las agresiones a las y los trabajadores de la Salud son un tema que preocupa a nivel nacional, por esto es muy relevante avanzar en medidas preventivas para entregar mayor seguridad y con ello una mejor calidad de atenci\u00f3n a las y los usuarios.<\/p>\n<p class=\"v1MsoNormal\" style=\"text-align: justify;\">El Director (S) del Servicio de Salud Ays\u00e9n, Mauricio Cort\u00e9s Molina, indic\u00f3 que \u00abes importante se\u00f1alar que una vez que se constat\u00f3 esta lamentable agresi\u00f3n, el Servicio tomo las medidas legales respectivas presentando una querella que actualmente sigue su curso. Hemos instalado estas c\u00e1maras y contratado el servicio de vigilancia, se hizo un esfuerzo presupuestario para implementar estas medidas y esperamos que estas agresiones no vuelvan a ocurrir\u00bb.<\/p>\n<p style=\"text-align: justify;\">Actualmente se est\u00e1 desarrollando un proyecto similar para dotar de guardias de seguridad al CESFAM Alejandro Guti\u00e9rrez, establecimiento que ya cuenta con c\u00e1maras de vigilancia para disuadir hechos de violencia que puedan afectar a la comunidad.<\/p>\n<div style=\"text-align: justify;\"><\/div>\n<\/div><\/section><\/div><\/p>\n<div  style='height:50px' class='hr hr-invisible   avia-builder-el-6  el_after_av_one_full  el_before_av_social_share '><span class='hr-inner ' ><span class='hr-inner-style'><\/span><\/span><\/div>\n<div  class='av-social-sharing-box  avia-builder-el-7  el_after_av_hr  el_before_av_hr  '><div class='av-share-box'><h5 class='av-share-link-description av-no-toc '>Compartir esta noticia<\/h5><ul class='av-share-box-list noLightbox'><li class='av-share-link av-social-link-facebook' ><a target=\"_blank\" aria-label=\"Compartir en Facebook\" href='https:\/\/www.facebook.com\/sharer.php?u=https:\/\/radiorevelacionfm.cl\/?p=22612&#038;t=Para%20aumentar%20seguridad%20instalan%20c%C3%A1maras%20y%20guardias%20en%20establecimientos%20de%20Atenci%C3%B3n%20Primaria%20de%20Coyhaique' aria-hidden='false' data-av_icon='\ue8f3' data-av_iconfont='entypo-fontello' title='' data-avia-related-tooltip='Compartir en Facebook' rel=\"noopener\"><span class='avia_hidden_link_text'>Compartir en Facebook<\/span><\/a><\/li><li class='av-share-link av-social-link-twitter' ><a target=\"_blank\" aria-label=\"Compartir en Twitter\" href='https:\/\/twitter.com\/share?text=Para%20aumentar%20seguridad%20instalan%20c%C3%A1maras%20y%20guardias%20en%20establecimientos%20de%20Atenci%C3%B3n%20Primaria%20de%20Coyhaique&#038;url=https:\/\/radiorevelacionfm.cl\/?p=22612' aria-hidden='false' data-av_icon='\ue8f1' data-av_iconfont='entypo-fontello' title='' data-avia-related-tooltip='Compartir en Twitter' rel=\"noopener\"><span class='avia_hidden_link_text'>Compartir en Twitter<\/span><\/a><\/li><li class='av-share-link av-social-link-whatsapp' ><a target=\"_blank\" aria-label=\"Compartir en Whatsapp\" href='https:\/\/api.whatsapp.com\/send?text=https:\/\/radiorevelacionfm.cl\/?p=22612' aria-hidden='false' data-av_icon='\uf232' data-av_iconfont='entypo-fontello' title='' data-avia-related-tooltip='Compartir en Whatsapp' rel=\"noopener\"><span class='avia_hidden_link_text'>Compartir en Whatsapp<\/span><\/a><\/li><li class='av-share-link av-social-link-linkedin' ><a target=\"_blank\" aria-label=\"Compartir en LinkedIn\" href='https:\/\/linkedin.com\/shareArticle?mini=true&#038;title=Para%20aumentar%20seguridad%20instalan%20c%C3%A1maras%20y%20guardias%20en%20establecimientos%20de%20Atenci%C3%B3n%20Primaria%20de%20Coyhaique&#038;url=https:\/\/radiorevelacionfm.cl\/?p=22612' aria-hidden='false' data-av_icon='\ue8fc' data-av_iconfont='entypo-fontello' title='' data-avia-related-tooltip='Compartir en LinkedIn' rel=\"noopener\"><span class='avia_hidden_link_text'>Compartir en LinkedIn<\/span><\/a><\/li><li class='av-share-link av-social-link-mail' ><a  aria-label=\"Compartir por correo\" href='mailto:?subject=Para%20aumentar%20seguridad%20instalan%20c%C3%A1maras%20y%20guardias%20en%20establecimientos%20de%20Atenci%C3%B3n%20Primaria%20de%20Coyhaique&#038;body=https:\/\/radiorevelacionfm.cl\/?p=22612' aria-hidden='false' data-av_icon='\ue805' data-av_iconfont='entypo-fontello' title='' data-avia-related-tooltip='Compartir por correo'><span class='avia_hidden_link_text'>Compartir por correo<\/span><\/a><\/li><\/ul><\/div><\/div>\n<div  style='height:50px' class='hr hr-invisible   avia-builder-el-8  el_after_av_social_share  el_before_av_comments_list '><span class='hr-inner ' ><span class='hr-inner-style'><\/span><\/span><\/div>\n<div  class='av-buildercomment  av-blog-meta-html-info-disabled av-blog-meta-tag-disabled  '><\/div>\n","protected":false},"excerpt":{"rendered":"","protected":false},"author":1,"featured_media":22613,"comment_status":"open","ping_status":"open","sticky":false,"template":"","format":"standard","meta":{"footnotes":""},"categories":[46],"tags":[],"class_list":["post-22612","post","type-post","status-publish","format-standard","has-post-thumbnail","hentry","category-salud"],"jetpack_featured_media_url":"https:\/\/radiorevelacionfm.cl\/wp-content\/uploads\/2022\/10\/VDS-Image-2022-10-04-at-12.36.12-PM-1-1.jpeg","_links":{"self":[{"href":"https:\/\/radiorevelacionfm.cl\/index.php?rest_route=\/wp\/v2\/posts\/22612","targetHints":{"allow":["GET"]}}],"collection":[{"href":"https:\/\/radiorevelacionfm.cl\/index.php?rest_route=\/wp\/v2\/posts"}],"about":[{"href":"https:\/\/radiorevelacionfm.cl\/index.php?rest_route=\/wp\/v2\/types\/post"}],"author":[{"embeddable":true,"href":"https:\/\/radiorevelacionfm.cl\/index.php?rest_route=\/wp\/v2\/users\/1"}],"replies":[{"embeddable":true,"href":"https:\/\/radiorevelacionfm.cl\/index.php?rest_route=%2Fwp%2Fv2%2Fcomments&post=22612"}],"version-history":[{"count":3,"href":"https:\/\/radiorevelacionfm.cl\/index.php?rest_route=\/wp\/v2\/posts\/22612\/revisions"}],"predecessor-version":[{"id":22665,"href":"https:\/\/radiorevelacionfm.cl\/index.php?rest_route=\/wp\/v2\/posts\/22612\/revisions\/22665"}],"wp:featuredmedia":[{"embeddable":true,"href":"https:\/\/radiorevelacionfm.cl\/index.php?rest_route=\/wp\/v2\/media\/22613"}],"wp:attachment":[{"href":"https:\/\/radiorevelacionfm.cl\/index.php?rest_route=%2Fwp%2Fv2%2Fmedia&parent=22612"}],"wp:term":[{"taxonomy":"category","embeddable":true,"href":"https:\/\/radiorevelacionfm.cl\/index.php?rest_route=%2Fwp%2Fv2%2Fcategories&post=22612"},{"taxonomy":"post_tag","embeddable":true,"href":"https:\/\/radiorevelacionfm.cl\/index.php?rest_route=%2Fwp%2Fv2%2Ftags&post=22612"}],"curies":[{"name":"wp","href":"https:\/\/api.w.org\/{rel}","templated":true}]}}