{"id":22609,"date":"2022-10-04T18:20:35","date_gmt":"2022-10-04T21:20:35","guid":{"rendered":"https:\/\/radiorevelacionfm.cl\/?p=22609"},"modified":"2022-10-04T18:20:35","modified_gmt":"2022-10-04T21:20:35","slug":"invitan-a-participar-en-la-4ta-feria-laboral-energia-mujer","status":"publish","type":"post","link":"https:\/\/radiorevelacionfm.cl\/?p=22609","title":{"rendered":"Invitan a participar en la 4ta Feria Laboral Energ\u00eda + Mujer"},"content":{"rendered":"<div class=\"flex_column av_one_full  flex_column_div av-zero-column-padding first  avia-builder-el-0  el_before_av_one_full  avia-builder-el-first  \" style='border-radius:0px; '><div  class='avia-image-container  av-styling-    avia-builder-el-1  avia-builder-el-no-sibling  avia-align-center '  itemprop=\"image\" itemscope=\"itemscope\" itemtype=\"https:\/\/schema.org\/ImageObject\"  ><div class='avia-image-container-inner'><div class='avia-image-overlay-wrap'><img decoding=\"async\" class='wp-image-22610 avia-img-lazy-loading-not-22610 avia_image' src=\"https:\/\/radiorevelacionfm.cl\/wp-content\/uploads\/2022\/10\/feria-mujer_00-1-1.jpg\" alt='' title='feria-mujer_00 (1) (1)' height=\"600\" width=\"712\"  itemprop=\"thumbnailUrl\" srcset=\"https:\/\/radiorevelacionfm.cl\/wp-content\/uploads\/2022\/10\/feria-mujer_00-1-1.jpg 712w, https:\/\/radiorevelacionfm.cl\/wp-content\/uploads\/2022\/10\/feria-mujer_00-1-1-300x253.jpg 300w, https:\/\/radiorevelacionfm.cl\/wp-content\/uploads\/2022\/10\/feria-mujer_00-1-1-705x594.jpg 705w, https:\/\/radiorevelacionfm.cl\/wp-content\/uploads\/2022\/10\/feria-mujer_00-1-1-600x506.jpg 600w\" sizes=\"(max-width: 712px) 100vw, 712px\" \/><\/div><\/div><\/div><\/div><div class=\"flex_column av_one_full  flex_column_div av-zero-column-padding first  avia-builder-el-2  el_after_av_one_full  el_before_av_one_full  column-top-margin\" style='border-radius:0px; '><section class=\"av_textblock_section \"  itemscope=\"itemscope\" itemtype=\"https:\/\/schema.org\/BlogPosting\" itemprop=\"blogPost\" ><div class='avia_textblock  '   itemprop=\"text\" ><p style=\"text-align: center;\"><strong><span style=\"font-size: 18pt;\">Invitan a participar en la 4ta Feria Laboral Energ\u00eda + Mujer<\/span><\/strong><\/p>\n<div id=\"gtx-trans\" style=\"position: absolute; left: -50px; top: 4.31534px;\"><\/div>\n<\/div><\/section><\/div><div class=\"flex_column av_one_full  flex_column_div av-zero-column-padding first  avia-builder-el-4  el_after_av_one_full  el_before_av_hr  column-top-margin\" style='border-radius:0px; '><section class=\"av_textblock_section \"  itemscope=\"itemscope\" itemtype=\"https:\/\/schema.org\/BlogPosting\" itemprop=\"blogPost\" ><div class='avia_textblock  '   itemprop=\"text\" ><p style=\"text-align: justify;\">La industria energ\u00e9tica es una fuente de progreso y desarrollo para el pa\u00eds que ha avanzado integrando una cultura de diversidad e inclusi\u00f3n. Sin embargo, las cifras de participaci\u00f3n femenina en sus filas a\u00fan no son suficientes. De acuerdo con el diagn\u00f3stico realizado por el Ministerio de Energ\u00eda y su mesa de trabajo Energ\u00eda + Mujer, las mujeres en el sector solo representan el 23% de la fuerza laboral y en espacios de toma de decisiones el n\u00famero se reduce al 18% junto a una brecha salarial del 24%.<\/p>\n<p style=\"text-align: justify;\">Ante este panorama, el pr\u00f3ximo 5 y 6 de octubre se realizar\u00e1 la 4ta Feria Laboral Energ\u00eda + Mujer, organizada por Anesco Chile, la Agencia de Sostenibilidad Energ\u00e9tica y el Mag\u00edster de Ingenier\u00eda de la Pontificia Universidad Cat\u00f3lica de Chile. La instancia busca abrir un espacio para sumar a m\u00e1s mujeres al sector energ\u00e9tico y, de esa manera, ser un aporte directo en lograr una transici\u00f3n energ\u00e9tica justa y con equidad de g\u00e9nero.<\/p>\n<p style=\"text-align: justify;\">El seremi de Energ\u00eda de Ays\u00e9n, Carlos D\u00edaz, se\u00f1al\u00f3 que \u201cqueremos que cada d\u00eda m\u00e1s mujeres trabajen en el sector Energ\u00eda en nuestra regi\u00f3n, necesitamos su empuje, creatividad, su talento para lograr que este sector siga avanzando. En este sentido, esta iniciativa es una gran oportunidad para que las mujeres de nuestra regi\u00f3n puedan conocer el funcionamiento del sector, capacitarse y explorar las diferentes ofertas que tiene esta industria estrat\u00e9gica para Chile\u201d.<\/p>\n<p style=\"text-align: justify;\">El evento se realizar\u00e1 en formato h\u00edbrido con paneles de conversaci\u00f3n y talleres de capacitaci\u00f3n virtuales para ampliar la participaci\u00f3n a todo el territorio nacional.<\/p>\n<p style=\"text-align: justify;\">Adicionalmente, el 4 de octubre, se realizar\u00e1 una jornada inaugural en formato presencial para las entidades organizadoras y colaboradoras del evento, la cual se transmitir\u00e1 desde las 15:00 horas en el canal de Youtube de la Agencia de Sostenibilidad Energ\u00e9tica. En la actividad participar\u00e1n la ministra de la Mujer, Antonia Orellana y el ministro de Energ\u00eda, Diego Pardow.<\/p>\n<p style=\"text-align: justify;\">La Feria Laboral Energ\u00eda + Mujer contar\u00e1 con grandes expositoras y expositores que conformar\u00e1n distintos paneles de conversaci\u00f3n. El primer d\u00eda se dialogar\u00e1 sobre \u201cMujeres en Energ\u00eda, pr\u00f3ximos pasos para la sustentabilidad del sector\u201d y \u201cMujeres disidencias y sostenibilidad\u201d en un panel interministerial.<\/p>\n<p style=\"text-align: justify;\">\u201cExperiencias e implementaciones de la agenda del sector\u201d ser\u00e1 la conversaci\u00f3n que inaugurar\u00e1 la segunda jornada, seguido por un panel de regiones titulado \u201cAcci\u00f3n Local: Panorama Nacional\u201d. Adem\u00e1s, en ambos d\u00edas se dictar\u00e1n diversos talleres sobre la eficiencia energ\u00e9tica, el mercado el\u00e9ctrico chileno, sustentabilidad y cambio clim\u00e1tico junto a c\u00f3mo fortalecer la autopercepci\u00f3n profesional. Todos ellos abiertos, pero con cupos limitados.<\/p>\n<p style=\"text-align: justify;\">EL A\u00d1O DE LAS REGIONES<\/p>\n<p style=\"text-align: justify;\">La versi\u00f3n 2022 de la Feria Laboral Energ\u00eda +Mujer tiene un principal inter\u00e9s por llegar a m\u00e1s mujeres de las diferentes regiones del pa\u00eds, a trav\u00e9s de mayores opciones laborales a lo largo del territorio e instalando un panel de conversaci\u00f3n dedicado especialmente a las regiones.<\/p>\n<p style=\"text-align: justify;\">Este enfoque se refuerza con el trabajo de descentralizaci\u00f3n que ha desarrollado el Ministerio de Energ\u00eda al extender las mesas de trabajo de la iniciativa Energ\u00eda +Mujer (actualmente la Oficina de G\u00e9nero y Derechos Humanos de la cartera) en todo el territorio, liderado por los Seremis de Energ\u00eda de cada regi\u00f3n.<\/p>\n<p style=\"text-align: justify;\">No te pierdas la oportunidad de conocer las m\u00e1s de 130 ofertas laborales en el sector energ\u00e9tico disponibles para ti.<\/p>\n<p style=\"text-align: justify;\">Las inscripciones est\u00e1n disponibles en <a href=\"https:\/\/bit.ly\/3Shp8Bl\">https:\/\/bit.ly\/3Shp8Bl<\/a> y para m\u00e1s informaci\u00f3n sobre este evento visita <a href=\"https:\/\/ferialaboralenergiamujer.cl\/\">https:\/\/ferialaboralenergiamujer.cl\/<\/a>.<\/p>\n<\/div><\/section><\/div><div  style='height:50px' class='hr hr-invisible   avia-builder-el-6  el_after_av_one_full  el_before_av_social_share '><span class='hr-inner ' ><span class='hr-inner-style'><\/span><\/span><\/div><\/p>\n<div  class='av-social-sharing-box  avia-builder-el-7  el_after_av_hr  el_before_av_hr  '><div class='av-share-box'><h5 class='av-share-link-description av-no-toc '>Compartir esta noticia<\/h5><ul class='av-share-box-list noLightbox'><li class='av-share-link av-social-link-facebook' ><a target=\"_blank\" aria-label=\"Compartir en Facebook\" href='https:\/\/www.facebook.com\/sharer.php?u=https:\/\/radiorevelacionfm.cl\/?p=22609&#038;t=Invitan%20a%20participar%20en%20la%204ta%20Feria%20Laboral%20Energ%C3%ADa%20%2B%20Mujer' aria-hidden='false' data-av_icon='\ue8f3' data-av_iconfont='entypo-fontello' title='' data-avia-related-tooltip='Compartir en Facebook' rel=\"noopener\"><span class='avia_hidden_link_text'>Compartir en Facebook<\/span><\/a><\/li><li class='av-share-link av-social-link-twitter' ><a target=\"_blank\" aria-label=\"Compartir en Twitter\" href='https:\/\/twitter.com\/share?text=Invitan%20a%20participar%20en%20la%204ta%20Feria%20Laboral%20Energ%C3%ADa%20%2B%20Mujer&#038;url=https:\/\/radiorevelacionfm.cl\/?p=22609' aria-hidden='false' data-av_icon='\ue8f1' data-av_iconfont='entypo-fontello' title='' data-avia-related-tooltip='Compartir en Twitter' rel=\"noopener\"><span class='avia_hidden_link_text'>Compartir en Twitter<\/span><\/a><\/li><li class='av-share-link av-social-link-whatsapp' ><a target=\"_blank\" aria-label=\"Compartir en Whatsapp\" href='https:\/\/api.whatsapp.com\/send?text=https:\/\/radiorevelacionfm.cl\/?p=22609' aria-hidden='false' data-av_icon='\uf232' data-av_iconfont='entypo-fontello' title='' data-avia-related-tooltip='Compartir en Whatsapp' rel=\"noopener\"><span class='avia_hidden_link_text'>Compartir en Whatsapp<\/span><\/a><\/li><li class='av-share-link av-social-link-linkedin' ><a target=\"_blank\" aria-label=\"Compartir en LinkedIn\" href='https:\/\/linkedin.com\/shareArticle?mini=true&#038;title=Invitan%20a%20participar%20en%20la%204ta%20Feria%20Laboral%20Energ%C3%ADa%20%2B%20Mujer&#038;url=https:\/\/radiorevelacionfm.cl\/?p=22609' aria-hidden='false' data-av_icon='\ue8fc' data-av_iconfont='entypo-fontello' title='' data-avia-related-tooltip='Compartir en LinkedIn' rel=\"noopener\"><span class='avia_hidden_link_text'>Compartir en LinkedIn<\/span><\/a><\/li><li class='av-share-link av-social-link-mail' ><a  aria-label=\"Compartir por correo\" href='mailto:?subject=Invitan%20a%20participar%20en%20la%204ta%20Feria%20Laboral%20Energ%C3%ADa%20%2B%20Mujer&#038;body=https:\/\/radiorevelacionfm.cl\/?p=22609' aria-hidden='false' data-av_icon='\ue805' data-av_iconfont='entypo-fontello' title='' data-avia-related-tooltip='Compartir por correo'><span class='avia_hidden_link_text'>Compartir por correo<\/span><\/a><\/li><\/ul><\/div><\/div>\n<div  style='height:50px' class='hr hr-invisible   avia-builder-el-8  el_after_av_social_share  el_before_av_comments_list '><span class='hr-inner ' ><span class='hr-inner-style'><\/span><\/span><\/div>\n<div  class='av-buildercomment  av-blog-meta-html-info-disabled av-blog-meta-tag-disabled  '><\/div>\n","protected":false},"excerpt":{"rendered":"","protected":false},"author":1,"featured_media":22610,"comment_status":"open","ping_status":"open","sticky":false,"template":"","format":"standard","meta":{"footnotes":""},"categories":[61],"tags":[],"class_list":["post-22609","post","type-post","status-publish","format-standard","has-post-thumbnail","hentry","category-nacional"],"jetpack_featured_media_url":"https:\/\/radiorevelacionfm.cl\/wp-content\/uploads\/2022\/10\/feria-mujer_00-1-1.jpg","_links":{"self":[{"href":"https:\/\/radiorevelacionfm.cl\/index.php?rest_route=\/wp\/v2\/posts\/22609","targetHints":{"allow":["GET"]}}],"collection":[{"href":"https:\/\/radiorevelacionfm.cl\/index.php?rest_route=\/wp\/v2\/posts"}],"about":[{"href":"https:\/\/radiorevelacionfm.cl\/index.php?rest_route=\/wp\/v2\/types\/post"}],"author":[{"embeddable":true,"href":"https:\/\/radiorevelacionfm.cl\/index.php?rest_route=\/wp\/v2\/users\/1"}],"replies":[{"embeddable":true,"href":"https:\/\/radiorevelacionfm.cl\/index.php?rest_route=%2Fwp%2Fv2%2Fcomments&post=22609"}],"version-history":[{"count":2,"href":"https:\/\/radiorevelacionfm.cl\/index.php?rest_route=\/wp\/v2\/posts\/22609\/revisions"}],"predecessor-version":[{"id":22639,"href":"https:\/\/radiorevelacionfm.cl\/index.php?rest_route=\/wp\/v2\/posts\/22609\/revisions\/22639"}],"wp:featuredmedia":[{"embeddable":true,"href":"https:\/\/radiorevelacionfm.cl\/index.php?rest_route=\/wp\/v2\/media\/22610"}],"wp:attachment":[{"href":"https:\/\/radiorevelacionfm.cl\/index.php?rest_route=%2Fwp%2Fv2%2Fmedia&parent=22609"}],"wp:term":[{"taxonomy":"category","embeddable":true,"href":"https:\/\/radiorevelacionfm.cl\/index.php?rest_route=%2Fwp%2Fv2%2Fcategories&post=22609"},{"taxonomy":"post_tag","embeddable":true,"href":"https:\/\/radiorevelacionfm.cl\/index.php?rest_route=%2Fwp%2Fv2%2Ftags&post=22609"}],"curies":[{"name":"wp","href":"https:\/\/api.w.org\/{rel}","templated":true}]}}