{"id":22606,"date":"2022-10-04T16:18:19","date_gmt":"2022-10-04T19:18:19","guid":{"rendered":"https:\/\/radiorevelacionfm.cl\/?p=22606"},"modified":"2022-10-04T16:18:19","modified_gmt":"2022-10-04T19:18:19","slug":"corte-de-coyhaique-confirma-fallo-que-condeno-a-7-anos-de-presidio-a-autor-de-dos-delitos-de-abuso-sexual","status":"publish","type":"post","link":"https:\/\/radiorevelacionfm.cl\/?p=22606","title":{"rendered":"Corte de Coyhaique confirma fallo que conden\u00f3 a 7 a\u00f1os de presidio a autor de dos delitos de abuso sexual"},"content":{"rendered":"<div class=\"flex_column av_one_full  flex_column_div av-zero-column-padding first  avia-builder-el-0  el_before_av_one_full  avia-builder-el-first  \" style='border-radius:0px; '><div  class='avia-image-container  av-styling-    avia-builder-el-1  avia-builder-el-no-sibling  avia-align-center '  itemprop=\"image\" itemscope=\"itemscope\" itemtype=\"https:\/\/schema.org\/ImageObject\"  ><div class='avia-image-container-inner'><div class='avia-image-overlay-wrap'><img decoding=\"async\" class='wp-image-7263 avia-img-lazy-loading-not-7263 avia_image' src=\"https:\/\/radiorevelacionfm.cl\/wp-content\/uploads\/2021\/08\/corte1-1_optimized.jpg\" alt='' title='corte1-(1)_optimized' height=\"600\" width=\"1067\"  itemprop=\"thumbnailUrl\" srcset=\"https:\/\/radiorevelacionfm.cl\/wp-content\/uploads\/2021\/08\/corte1-1_optimized.jpg 1067w, https:\/\/radiorevelacionfm.cl\/wp-content\/uploads\/2021\/08\/corte1-1_optimized-300x169.jpg 300w, https:\/\/radiorevelacionfm.cl\/wp-content\/uploads\/2021\/08\/corte1-1_optimized-1030x579.jpg 1030w, https:\/\/radiorevelacionfm.cl\/wp-content\/uploads\/2021\/08\/corte1-1_optimized-768x432.jpg 768w, https:\/\/radiorevelacionfm.cl\/wp-content\/uploads\/2021\/08\/corte1-1_optimized-705x396.jpg 705w, https:\/\/radiorevelacionfm.cl\/wp-content\/uploads\/2021\/08\/corte1-1_optimized-600x337.jpg 600w\" sizes=\"(max-width: 1067px) 100vw, 1067px\" \/><\/div><\/div><\/div><\/div><div class=\"flex_column av_one_full  flex_column_div av-zero-column-padding first  avia-builder-el-2  el_after_av_one_full  el_before_av_one_full  column-top-margin\" style='border-radius:0px; '><section class=\"av_textblock_section \"  itemscope=\"itemscope\" itemtype=\"https:\/\/schema.org\/BlogPosting\" itemprop=\"blogPost\" ><div class='avia_textblock  '   itemprop=\"text\" ><p style=\"text-align: center;\"><strong><span style=\"font-size: 18pt;\">Corte de Coyhaique confirma fallo que conden\u00f3 a 7 a\u00f1os de presidio a autor de dos delitos de abuso sexual<\/span><\/strong><\/p>\n<div id=\"gtx-trans\" style=\"position: absolute; left: -50px; top: 4.31534px;\">\n<div class=\"gtx-trans-icon\"><\/div>\n<\/div>\n<\/div><\/section><\/div><div class=\"flex_column av_one_full  flex_column_div av-zero-column-padding first  avia-builder-el-4  el_after_av_one_full  el_before_av_hr  column-top-margin\" style='border-radius:0px; '><section class=\"av_textblock_section \"  itemscope=\"itemscope\" itemtype=\"https:\/\/schema.org\/BlogPosting\" itemprop=\"blogPost\" ><div class='avia_textblock  '   itemprop=\"text\" ><p class=\"v1MsoNormal\" style=\"text-align: justify;\">La Corte de Apelaciones de Coyhaique rechaz\u00f3 el recurso de nulidad interpuesto en contra de la sentencia que conden\u00f3 a P.A.T.G. a la pena de 7 a\u00f1os de presidio efectivo, en calidad de autor de dos delitos de abuso sexual de menores de 14 a\u00f1os. Il\u00edcitos perpetrados entre agosto de 2019 y julio de 2020, en la comuna.<\/p>\n<p class=\"v1MsoNormal\" style=\"text-align: justify;\">En fallo un\u00e1nime, la Primera Sala del tribunal de alzada \u2013integrada por los\u00a0ministros Pedro Castro Espinoza, Jos\u00e9 Ignacio Mora Trujillo y Natalia Rencoret Oliva\u2013\u00a0descart\u00f3\u00a0infracci\u00f3n de derecho en la sentencia impugnada, dictada por el\u00a0Tribunal de Juicio Oral en lo Penal de Coyhaique.<\/p>\n<p class=\"v1MsoNormal\" style=\"text-align: justify;\">\u00abQue, la causal propuesta por la defensa del condenado, que es estricta y mira a la correcta o incorrecta aplicaci\u00f3n del derecho, deber\u00e1 ser rechazada por cuanto no se observa en la sentencia recurrida que se hubiere incurrido en un vicio de esta naturaleza, esto es, en una err\u00f3nea aplicaci\u00f3n del derecho que hubiere influido sustancialmente en lo dispositivo del\u00a0fallo al negar la concurrencia de una de las atenuantes invocadas y negar, adem\u00e1s, el tener como muy calificada otra que s\u00ed se le reconoci\u00f3 y que constituye el sustrato del recurso presentado, dado que el Tribunal fundament\u00f3 su decisi\u00f3n, en cuanto consider\u00f3 que el acusado si bien ten\u00eda una irreprochable conducta anterior, la naturaleza de los il\u00edcitos imputados y su forma de comisi\u00f3n, no se\u00a0condec\u00edan\u00a0con los elementos de prueba que la defensa aport\u00f3 como para tenerla como muy calificada; adem\u00e1s, que tampoco colabor\u00f3 sustancialmente al esclarecimiento de los hechos, los que, seg\u00fan se concluy\u00f3 con la sentencia condenatoria, fueron dilucidados con la prueba aportada por el Ministerio P\u00fablico y porque adem\u00e1s el acusado, expl\u00edcitamente, neg\u00f3 la ocurrencia de los hechos que se le imputaron\u00bb, sostiene el fallo.<\/p>\n<p class=\"v1MsoNormal\" style=\"text-align: justify;\">La resoluci\u00f3n agrega que: \u00ab(&#8230;) de otra parte, no puede dejar de tenerse presente, a fin de resolverse en el sentido en que se declarar\u00e1, que, el reconocimiento, o no, de una determinada modificatoria de responsabilidad, en el caso, el reconocimiento de la atenuante del n\u00fameros 9, y la calificaci\u00f3n de la del n\u00famero 6, del art\u00edculo 11, del C\u00f3digo Penal, en beneficio del acusado, es una actividad propia y exclusiva de ponderaci\u00f3n de los Jueces del Tribunal de Juicio Oral en lo Penal que conocieron y valoraron las pruebas rendidas en juicio, toda vez que la calificaci\u00f3n de la\u00a0&#8216;irreprochable conducta anterior&#8217;\u00a0y el reconocimiento de\u00a0&#8216;la colaboraci\u00f3n sustancial&#8217;, surgir\u00e1, precisamente de dicho ejercicio regulatorio de los hechos y la causal invocada dice relaci\u00f3n con un error de derecho, cuyo no es el caso, sin perjuicio, adem\u00e1s, de que lo dispuesto por el art\u00edculo 68 y 68 bis, ambos del C\u00f3digo Penal, establecen una facultad a los sentenciadores, en el sentido de que se incorpora la expresi\u00f3n\u00a0&#8216;podr\u00e1&#8217;, respecto del Tribunal, de rebajar la pena o imponer una pena inferior en uno, dos o tres grados al m\u00ednimo de los se\u00f1alados en la ley, para el evento de concurrir dos o m\u00e1s y el recurrente pretende se le reconozcan las alegadas, con lo que se configurar\u00eda la hip\u00f3tesis de otra disposici\u00f3n del C\u00f3digo Penal\u00bb.<\/p>\n<p class=\"v1MsoNormal\" style=\"text-align: justify;\">Por tanto, se resuelve que:\u00a0\u00ab<b>SE DECLARA SIN LUGAR Y SE RECHAZA<\/b>, sin costas, el recurso de nulidad deducido por la defensa, en contra de la sentencia dictada con fecha 5 de agosto del a\u00f1o 2022, en cuanto se conden\u00f3 al acusado, P.A.T.G., que lo condena por los delitos consumados de abuso sexual impropio, previsto y sancionado en el art\u00edculo 366 bis, en relaci\u00f3n al art\u00edculo 366 ter, ambos del C\u00f3digo Penal, a las penas que se establecen en lo resolutivo del fallo, sentencia que, en consecuencia, no es nula, como tampoco el juicio en la que se dict\u00f3\u00bb.<\/p>\n<\/div><\/section><\/div><div  style='height:50px' class='hr hr-invisible   avia-builder-el-6  el_after_av_one_full  el_before_av_social_share '><span class='hr-inner ' ><span class='hr-inner-style'><\/span><\/span><\/div><\/p>\n<div  class='av-social-sharing-box  avia-builder-el-7  el_after_av_hr  el_before_av_hr  '><div class='av-share-box'><h5 class='av-share-link-description av-no-toc '>Compartir esta noticia<\/h5><ul class='av-share-box-list noLightbox'><li class='av-share-link av-social-link-facebook' ><a target=\"_blank\" aria-label=\"Compartir en Facebook\" href='https:\/\/www.facebook.com\/sharer.php?u=https:\/\/radiorevelacionfm.cl\/?p=22606&#038;t=Corte%20de%20Coyhaique%20confirma%20fallo%20que%20conden%C3%B3%20a%207%20a%C3%B1os%20de%20presidio%20a%20autor%20de%20dos%20delitos%20de%20abuso%20sexual' aria-hidden='false' data-av_icon='\ue8f3' data-av_iconfont='entypo-fontello' title='' data-avia-related-tooltip='Compartir en Facebook' rel=\"noopener\"><span class='avia_hidden_link_text'>Compartir en Facebook<\/span><\/a><\/li><li class='av-share-link av-social-link-twitter' ><a target=\"_blank\" aria-label=\"Compartir en Twitter\" href='https:\/\/twitter.com\/share?text=Corte%20de%20Coyhaique%20confirma%20fallo%20que%20conden%C3%B3%20a%207%20a%C3%B1os%20de%20presidio%20a%20autor%20de%20dos%20delitos%20de%20abuso%20sexual&#038;url=https:\/\/radiorevelacionfm.cl\/?p=22606' aria-hidden='false' data-av_icon='\ue8f1' data-av_iconfont='entypo-fontello' title='' data-avia-related-tooltip='Compartir en Twitter' rel=\"noopener\"><span class='avia_hidden_link_text'>Compartir en Twitter<\/span><\/a><\/li><li class='av-share-link av-social-link-whatsapp' ><a target=\"_blank\" aria-label=\"Compartir en Whatsapp\" href='https:\/\/api.whatsapp.com\/send?text=https:\/\/radiorevelacionfm.cl\/?p=22606' aria-hidden='false' data-av_icon='\uf232' data-av_iconfont='entypo-fontello' title='' data-avia-related-tooltip='Compartir en Whatsapp' rel=\"noopener\"><span class='avia_hidden_link_text'>Compartir en Whatsapp<\/span><\/a><\/li><li class='av-share-link av-social-link-linkedin' ><a target=\"_blank\" aria-label=\"Compartir en LinkedIn\" href='https:\/\/linkedin.com\/shareArticle?mini=true&#038;title=Corte%20de%20Coyhaique%20confirma%20fallo%20que%20conden%C3%B3%20a%207%20a%C3%B1os%20de%20presidio%20a%20autor%20de%20dos%20delitos%20de%20abuso%20sexual&#038;url=https:\/\/radiorevelacionfm.cl\/?p=22606' aria-hidden='false' data-av_icon='\ue8fc' data-av_iconfont='entypo-fontello' title='' data-avia-related-tooltip='Compartir en LinkedIn' rel=\"noopener\"><span class='avia_hidden_link_text'>Compartir en LinkedIn<\/span><\/a><\/li><li class='av-share-link av-social-link-mail' ><a  aria-label=\"Compartir por correo\" href='mailto:?subject=Corte%20de%20Coyhaique%20confirma%20fallo%20que%20conden%C3%B3%20a%207%20a%C3%B1os%20de%20presidio%20a%20autor%20de%20dos%20delitos%20de%20abuso%20sexual&#038;body=https:\/\/radiorevelacionfm.cl\/?p=22606' aria-hidden='false' data-av_icon='\ue805' data-av_iconfont='entypo-fontello' title='' data-avia-related-tooltip='Compartir por correo'><span class='avia_hidden_link_text'>Compartir por correo<\/span><\/a><\/li><\/ul><\/div><\/div>\n<div  style='height:50px' class='hr hr-invisible   avia-builder-el-8  el_after_av_social_share  el_before_av_comments_list '><span class='hr-inner ' ><span class='hr-inner-style'><\/span><\/span><\/div>\n<div  class='av-buildercomment  av-blog-meta-html-info-disabled av-blog-meta-tag-disabled  '><\/div>\n","protected":false},"excerpt":{"rendered":"","protected":false},"author":1,"featured_media":7263,"comment_status":"open","ping_status":"open","sticky":false,"template":"","format":"standard","meta":{"footnotes":""},"categories":[55],"tags":[],"class_list":["post-22606","post","type-post","status-publish","format-standard","has-post-thumbnail","hentry","category-justicia"],"jetpack_featured_media_url":"https:\/\/radiorevelacionfm.cl\/wp-content\/uploads\/2021\/08\/corte1-1_optimized.jpg","_links":{"self":[{"href":"https:\/\/radiorevelacionfm.cl\/index.php?rest_route=\/wp\/v2\/posts\/22606","targetHints":{"allow":["GET"]}}],"collection":[{"href":"https:\/\/radiorevelacionfm.cl\/index.php?rest_route=\/wp\/v2\/posts"}],"about":[{"href":"https:\/\/radiorevelacionfm.cl\/index.php?rest_route=\/wp\/v2\/types\/post"}],"author":[{"embeddable":true,"href":"https:\/\/radiorevelacionfm.cl\/index.php?rest_route=\/wp\/v2\/users\/1"}],"replies":[{"embeddable":true,"href":"https:\/\/radiorevelacionfm.cl\/index.php?rest_route=%2Fwp%2Fv2%2Fcomments&post=22606"}],"version-history":[{"count":2,"href":"https:\/\/radiorevelacionfm.cl\/index.php?rest_route=\/wp\/v2\/posts\/22606\/revisions"}],"predecessor-version":[{"id":22608,"href":"https:\/\/radiorevelacionfm.cl\/index.php?rest_route=\/wp\/v2\/posts\/22606\/revisions\/22608"}],"wp:featuredmedia":[{"embeddable":true,"href":"https:\/\/radiorevelacionfm.cl\/index.php?rest_route=\/wp\/v2\/media\/7263"}],"wp:attachment":[{"href":"https:\/\/radiorevelacionfm.cl\/index.php?rest_route=%2Fwp%2Fv2%2Fmedia&parent=22606"}],"wp:term":[{"taxonomy":"category","embeddable":true,"href":"https:\/\/radiorevelacionfm.cl\/index.php?rest_route=%2Fwp%2Fv2%2Fcategories&post=22606"},{"taxonomy":"post_tag","embeddable":true,"href":"https:\/\/radiorevelacionfm.cl\/index.php?rest_route=%2Fwp%2Fv2%2Ftags&post=22606"}],"curies":[{"name":"wp","href":"https:\/\/api.w.org\/{rel}","templated":true}]}}