{"id":22602,"date":"2022-10-04T16:03:38","date_gmt":"2022-10-04T19:03:38","guid":{"rendered":"https:\/\/radiorevelacionfm.cl\/?p=22602"},"modified":"2022-10-04T16:03:38","modified_gmt":"2022-10-04T19:03:38","slug":"organizaciones-sociales-de-villa-ohiggins-financiaran-iniciativas-gracias-al-apoyo-del-programa-accion-del-fosis","status":"publish","type":"post","link":"https:\/\/radiorevelacionfm.cl\/?p=22602","title":{"rendered":"Organizaciones Sociales de Villa O\u2019Higgins financiar\u00e1n iniciativas gracias al apoyo del programa Acci\u00f3n del FOSIS"},"content":{"rendered":"<div class=\"flex_column av_one_full  flex_column_div av-zero-column-padding first  avia-builder-el-0  el_before_av_one_full  avia-builder-el-first  \" style='border-radius:0px; '><div  class='avia-image-container  av-styling-    avia-builder-el-1  avia-builder-el-no-sibling  avia-align-center '  itemprop=\"image\" itemscope=\"itemscope\" itemtype=\"https:\/\/schema.org\/ImageObject\"  ><div class='avia-image-container-inner'><div class='avia-image-overlay-wrap'><img decoding=\"async\" class='wp-image-22603 avia-img-lazy-loading-not-22603 avia_image' src=\"https:\/\/radiorevelacionfm.cl\/wp-content\/uploads\/2022\/10\/1OA-1-1.jpg\" alt='' title='1OA (1) (1)' height=\"600\" width=\"1067\"  itemprop=\"thumbnailUrl\" srcset=\"https:\/\/radiorevelacionfm.cl\/wp-content\/uploads\/2022\/10\/1OA-1-1.jpg 1067w, https:\/\/radiorevelacionfm.cl\/wp-content\/uploads\/2022\/10\/1OA-1-1-300x169.jpg 300w, https:\/\/radiorevelacionfm.cl\/wp-content\/uploads\/2022\/10\/1OA-1-1-1030x579.jpg 1030w, https:\/\/radiorevelacionfm.cl\/wp-content\/uploads\/2022\/10\/1OA-1-1-768x432.jpg 768w, https:\/\/radiorevelacionfm.cl\/wp-content\/uploads\/2022\/10\/1OA-1-1-705x396.jpg 705w, https:\/\/radiorevelacionfm.cl\/wp-content\/uploads\/2022\/10\/1OA-1-1-600x337.jpg 600w\" sizes=\"(max-width: 1067px) 100vw, 1067px\" \/><\/div><\/div><\/div><\/div><div class=\"flex_column av_one_full  flex_column_div av-zero-column-padding first  avia-builder-el-2  el_after_av_one_full  el_before_av_one_full  column-top-margin\" style='border-radius:0px; '><section class=\"av_textblock_section \"  itemscope=\"itemscope\" itemtype=\"https:\/\/schema.org\/BlogPosting\" itemprop=\"blogPost\" ><div class='avia_textblock  '   itemprop=\"text\" ><p style=\"text-align: center;\"><span style=\"font-size: 18pt;\"><strong>Organizaciones Sociales de Villa O\u2019Higgins financiar\u00e1n iniciativas gracias al apoyo del programa Acci\u00f3n del FOSIS<\/strong><\/span><\/p>\n<p><strong>\u00a0<\/strong><\/p>\n<div id=\"gtx-trans\" style=\"position: absolute; left: -50px; top: 4.31534px;\">\n<div class=\"gtx-trans-icon\"><\/div>\n<\/div>\n<\/div><\/section><\/div><div class=\"flex_column av_one_full  flex_column_div av-zero-column-padding first  avia-builder-el-4  el_after_av_one_full  el_before_av_hr  column-top-margin\" style='border-radius:0px; '><section class=\"av_textblock_section \"  itemscope=\"itemscope\" itemtype=\"https:\/\/schema.org\/BlogPosting\" itemprop=\"blogPost\" ><div class='avia_textblock  '   itemprop=\"text\" ><p style=\"text-align: justify;\">Hasta Villa O\u2019Higgins lleg\u00f3 la Directora Regional del FOSIS, Fernanda Leiva, para conocer y reunirse con las agrupaciones que ejecutan el programa Organizaciones en Acci\u00f3n, financiado por el Fondo de Solidaridad e Inversi\u00f3n Social, FOSIS, que busca aumentar las capacidades y habilidades de organizaciones comunitaria, para mejorar e incentivar la autogesti\u00f3n de proyectos.<\/p>\n<p style=\"text-align: justify;\">Organizaciones en Acci\u00f3n est\u00e1 siendo ejecutado por el Club Deportivo, Social y Cultural Campos de Hielo Sur y el Comit\u00e9 de Electrificaci\u00f3n Rural Salida Norte, quienes recibir\u00e1n recursos para financiar actividades para ni\u00f1os, ni\u00f1as y adolescentes en torno a la bicicleta de monta\u00f1a y la iluminaci\u00f3n del ingreso de 40 predios rurales para familias integrantes del comit\u00e9.<\/p>\n<p style=\"text-align: justify;\">El Presidente del Club Deportivo, Social y Cultural Campos de Hielo Sur; Alan Acevedo, asegur\u00f3 que \u201ccon este proyecto queremos dar punta pie inicial para formar un grupo de ni\u00f1os y j\u00f3venes de 8 a 18 a\u00f1os para fomentar actividades al aire libre, queremos vincular a la gente con la naturaleza, y el deporte es una muy buena instancia para hacerlo. Con este proyecto queremos vincular a los ni\u00f1os con la bicicleta de monta\u00f1a, vamos a hacer unas sesiones de mec\u00e1nica abierta a la comunidad y sesiones de formaci\u00f3n en bicicleta de monta\u00f1a para ni\u00f1os. Vamos a invertir en monitores y herramientas para hacer trabajo de reparaciones de bicicleta que posteriormente quedar\u00e1n a disposici\u00f3n de la organizaci\u00f3n en un taller.\u201d<\/p>\n<p style=\"text-align: justify;\">Hern\u00e1n Soto, Presidente Comit\u00e9 de Electrificaci\u00f3n Rural Salida Norte Villa O\u2019Higgins, se mostr\u00f3 agradecido y valor\u00f3 positivamente el apoyo del FOSIS para los integrantes del Comit\u00e9 que lidera. \u201cEl sector rural es bien amplio en Villa O\u2019Higgins y no tenemos electrificaci\u00f3n. Para nosotros como comit\u00e9 el haber postulado y salido favorecidos con estos focos solares es un gran avance, es un primer gran paso para la futura iluminaci\u00f3n rural y como ustedes vieron en terreno va a ser muy beneficioso para los pobladores, porque aparte de apoyar el sistema vial y la seguridad en toda la carretera, le aporta luminosidad para el ingreso de los predios de las 40 familias que ser\u00e1n beneficiadas gracias a este proyecto.\u201d<\/p>\n<p style=\"text-align: justify;\">La Directora Regional del FOSIS en Ays\u00e9n, Fernanda Leiva, destac\u00f3 que \u201cesta l\u00ednea del programa Acci\u00f3n del FOSIS nos permite entregar apoyo a organizaciones sociales sin fines de lucro del territorio y en este caso hemos favorecido a dos agrupaciones del extremo sur de la regi\u00f3n de Ays\u00e9n, quienes realizan un trabajo que aporta directamente a su comunidad a trav\u00e9s del incentivo a la realizaci\u00f3n del deporte o pr\u00e1ctica de bicicleta de monta\u00f1a y la iluminaci\u00f3n al ingreso de 40 predios para familias de la zona rural de la comuna de O\u2019Higgins. El programa de Organizaciones en Acci\u00f3n nos permite revitalizar el funcionamiento de agrupaciones que hab\u00edan visto un poco mermadas sus actividades en la pandemia y de esta manera aportamos con recursos para que puedan concretar iniciativas que han priorizado desde sus bases y que contribuyen a mejorar la calidad de vida de sus asociados y comunidad.\u201d<\/p>\n<p style=\"text-align: justify;\">Esta iniciativa program\u00e1tica del FOSIS permite financiar proyectos comunitarios, no productivos, con una duraci\u00f3n de 6 meses, contemplando todas las etapas de la ejecuci\u00f3n.<\/p>\n<\/div><\/section><\/div><div  style='height:50px' class='hr hr-invisible   avia-builder-el-6  el_after_av_one_full  el_before_av_social_share '><span class='hr-inner ' ><span class='hr-inner-style'><\/span><\/span><\/div><\/p>\n<div  class='av-social-sharing-box  avia-builder-el-7  el_after_av_hr  el_before_av_hr  '><div class='av-share-box'><h5 class='av-share-link-description av-no-toc '>Compartir esta noticia<\/h5><ul class='av-share-box-list noLightbox'><li class='av-share-link av-social-link-facebook' ><a target=\"_blank\" aria-label=\"Compartir en Facebook\" href='https:\/\/www.facebook.com\/sharer.php?u=https:\/\/radiorevelacionfm.cl\/?p=22602&#038;t=Organizaciones%20Sociales%20de%20Villa%20O%E2%80%99Higgins%20financiar%C3%A1n%20iniciativas%20gracias%20al%20apoyo%20del%20programa%20Acci%C3%B3n%20del%20FOSIS' aria-hidden='false' data-av_icon='\ue8f3' data-av_iconfont='entypo-fontello' title='' data-avia-related-tooltip='Compartir en Facebook' rel=\"noopener\"><span class='avia_hidden_link_text'>Compartir en Facebook<\/span><\/a><\/li><li class='av-share-link av-social-link-twitter' ><a target=\"_blank\" aria-label=\"Compartir en Twitter\" href='https:\/\/twitter.com\/share?text=Organizaciones%20Sociales%20de%20Villa%20O%E2%80%99Higgins%20financiar%C3%A1n%20iniciativas%20gracias%20al%20apoyo%20del%20programa%20Acci%C3%B3n%20del%20FOSIS&#038;url=https:\/\/radiorevelacionfm.cl\/?p=22602' aria-hidden='false' data-av_icon='\ue8f1' data-av_iconfont='entypo-fontello' title='' data-avia-related-tooltip='Compartir en Twitter' rel=\"noopener\"><span class='avia_hidden_link_text'>Compartir en Twitter<\/span><\/a><\/li><li class='av-share-link av-social-link-whatsapp' ><a target=\"_blank\" aria-label=\"Compartir en Whatsapp\" href='https:\/\/api.whatsapp.com\/send?text=https:\/\/radiorevelacionfm.cl\/?p=22602' aria-hidden='false' data-av_icon='\uf232' data-av_iconfont='entypo-fontello' title='' data-avia-related-tooltip='Compartir en Whatsapp' rel=\"noopener\"><span class='avia_hidden_link_text'>Compartir en Whatsapp<\/span><\/a><\/li><li class='av-share-link av-social-link-linkedin' ><a target=\"_blank\" aria-label=\"Compartir en LinkedIn\" href='https:\/\/linkedin.com\/shareArticle?mini=true&#038;title=Organizaciones%20Sociales%20de%20Villa%20O%E2%80%99Higgins%20financiar%C3%A1n%20iniciativas%20gracias%20al%20apoyo%20del%20programa%20Acci%C3%B3n%20del%20FOSIS&#038;url=https:\/\/radiorevelacionfm.cl\/?p=22602' aria-hidden='false' data-av_icon='\ue8fc' data-av_iconfont='entypo-fontello' title='' data-avia-related-tooltip='Compartir en LinkedIn' rel=\"noopener\"><span class='avia_hidden_link_text'>Compartir en LinkedIn<\/span><\/a><\/li><li class='av-share-link av-social-link-mail' ><a  aria-label=\"Compartir por correo\" href='mailto:?subject=Organizaciones%20Sociales%20de%20Villa%20O%E2%80%99Higgins%20financiar%C3%A1n%20iniciativas%20gracias%20al%20apoyo%20del%20programa%20Acci%C3%B3n%20del%20FOSIS&#038;body=https:\/\/radiorevelacionfm.cl\/?p=22602' aria-hidden='false' data-av_icon='\ue805' data-av_iconfont='entypo-fontello' title='' data-avia-related-tooltip='Compartir por correo'><span class='avia_hidden_link_text'>Compartir por correo<\/span><\/a><\/li><\/ul><\/div><\/div>\n<div  style='height:50px' class='hr hr-invisible   avia-builder-el-8  el_after_av_social_share  el_before_av_comments_list '><span class='hr-inner ' ><span class='hr-inner-style'><\/span><\/span><\/div>\n<div  class='av-buildercomment  av-blog-meta-html-info-disabled av-blog-meta-tag-disabled  '><\/div>\n","protected":false},"excerpt":{"rendered":"","protected":false},"author":1,"featured_media":22603,"comment_status":"open","ping_status":"open","sticky":false,"template":"","format":"standard","meta":{"footnotes":""},"categories":[38],"tags":[],"class_list":["post-22602","post","type-post","status-publish","format-standard","has-post-thumbnail","hentry","category-regional"],"jetpack_featured_media_url":"https:\/\/radiorevelacionfm.cl\/wp-content\/uploads\/2022\/10\/1OA-1-1.jpg","_links":{"self":[{"href":"https:\/\/radiorevelacionfm.cl\/index.php?rest_route=\/wp\/v2\/posts\/22602","targetHints":{"allow":["GET"]}}],"collection":[{"href":"https:\/\/radiorevelacionfm.cl\/index.php?rest_route=\/wp\/v2\/posts"}],"about":[{"href":"https:\/\/radiorevelacionfm.cl\/index.php?rest_route=\/wp\/v2\/types\/post"}],"author":[{"embeddable":true,"href":"https:\/\/radiorevelacionfm.cl\/index.php?rest_route=\/wp\/v2\/users\/1"}],"replies":[{"embeddable":true,"href":"https:\/\/radiorevelacionfm.cl\/index.php?rest_route=%2Fwp%2Fv2%2Fcomments&post=22602"}],"version-history":[{"count":2,"href":"https:\/\/radiorevelacionfm.cl\/index.php?rest_route=\/wp\/v2\/posts\/22602\/revisions"}],"predecessor-version":[{"id":22605,"href":"https:\/\/radiorevelacionfm.cl\/index.php?rest_route=\/wp\/v2\/posts\/22602\/revisions\/22605"}],"wp:featuredmedia":[{"embeddable":true,"href":"https:\/\/radiorevelacionfm.cl\/index.php?rest_route=\/wp\/v2\/media\/22603"}],"wp:attachment":[{"href":"https:\/\/radiorevelacionfm.cl\/index.php?rest_route=%2Fwp%2Fv2%2Fmedia&parent=22602"}],"wp:term":[{"taxonomy":"category","embeddable":true,"href":"https:\/\/radiorevelacionfm.cl\/index.php?rest_route=%2Fwp%2Fv2%2Fcategories&post=22602"},{"taxonomy":"post_tag","embeddable":true,"href":"https:\/\/radiorevelacionfm.cl\/index.php?rest_route=%2Fwp%2Fv2%2Ftags&post=22602"}],"curies":[{"name":"wp","href":"https:\/\/api.w.org\/{rel}","templated":true}]}}