{"id":22595,"date":"2022-10-04T14:46:43","date_gmt":"2022-10-04T17:46:43","guid":{"rendered":"https:\/\/radiorevelacionfm.cl\/?p=22595"},"modified":"2022-10-04T14:46:43","modified_gmt":"2022-10-04T17:46:43","slug":"diputadas-rn-cuestionan-desprolijidad-del-gobierno-tras-polemica-por-aborto-libre-y-piden-priorizar-medidas-en-favor-de-la-mujer","status":"publish","type":"post","link":"https:\/\/radiorevelacionfm.cl\/?p=22595","title":{"rendered":"Diputadas RN cuestionan desprolijidad del Gobierno tras pol\u00e9mica por aborto libre y piden priorizar medidas en favor de la mujer"},"content":{"rendered":"<div class=\"flex_column av_one_full  flex_column_div av-zero-column-padding first  avia-builder-el-0  el_before_av_one_full  avia-builder-el-first  \" style='border-radius:0px; '><div  class='avia-image-container  av-styling-    avia-builder-el-1  avia-builder-el-no-sibling  avia-align-center '  itemprop=\"image\" itemscope=\"itemscope\" itemtype=\"https:\/\/schema.org\/ImageObject\"  ><div class='avia-image-container-inner'><div class='avia-image-overlay-wrap'><img decoding=\"async\" class='wp-image-22596 avia-img-lazy-loading-not-22596 avia_image' src=\"https:\/\/radiorevelacionfm.cl\/wp-content\/uploads\/2022\/10\/IMG-9999-1-1.jpg\" alt='' title='IMG-9999 (1) (1)' height=\"600\" width=\"1098\"  itemprop=\"thumbnailUrl\" srcset=\"https:\/\/radiorevelacionfm.cl\/wp-content\/uploads\/2022\/10\/IMG-9999-1-1.jpg 1098w, https:\/\/radiorevelacionfm.cl\/wp-content\/uploads\/2022\/10\/IMG-9999-1-1-300x164.jpg 300w, https:\/\/radiorevelacionfm.cl\/wp-content\/uploads\/2022\/10\/IMG-9999-1-1-1030x563.jpg 1030w, https:\/\/radiorevelacionfm.cl\/wp-content\/uploads\/2022\/10\/IMG-9999-1-1-768x420.jpg 768w, https:\/\/radiorevelacionfm.cl\/wp-content\/uploads\/2022\/10\/IMG-9999-1-1-705x385.jpg 705w, https:\/\/radiorevelacionfm.cl\/wp-content\/uploads\/2022\/10\/IMG-9999-1-1-600x328.jpg 600w\" sizes=\"(max-width: 1098px) 100vw, 1098px\" \/><\/div><\/div><\/div><\/div><div class=\"flex_column av_one_full  flex_column_div av-zero-column-padding first  avia-builder-el-2  el_after_av_one_full  el_before_av_one_full  column-top-margin\" style='border-radius:0px; '><section class=\"av_textblock_section \"  itemscope=\"itemscope\" itemtype=\"https:\/\/schema.org\/BlogPosting\" itemprop=\"blogPost\" ><div class='avia_textblock  '   itemprop=\"text\" ><p style=\"text-align: center;\"><strong><span style=\"font-size: 18pt;\">Diputadas RN cuestionan desprolijidad del Gobierno tras pol\u00e9mica por aborto libre y piden priorizar medidas en favor de la mujer<\/span><\/strong><\/p>\n<div id=\"gtx-trans\" style=\"position: absolute; left: -50px; top: 4.31534px;\">\n<div class=\"gtx-trans-icon\"><\/div>\n<\/div>\n<\/div><\/section><\/div><div class=\"flex_column av_one_full  flex_column_div av-zero-column-padding first  avia-builder-el-4  el_after_av_one_full  el_before_av_hr  column-top-margin\" style='border-radius:0px; '><section class=\"av_textblock_section \"  itemscope=\"itemscope\" itemtype=\"https:\/\/schema.org\/BlogPosting\" itemprop=\"blogPost\" ><div class='avia_textblock  '   itemprop=\"text\" ><p style=\"text-align: justify;\">Las diputadas de Renovaci\u00f3n Nacional, manifestaron su molestia por el anuncio de la Ministra de la Mujer y Equidad de G\u00e9nero, Antonia Orellana, quien anoche &#8211; en un medio de comunicaci\u00f3n- adelant\u00f3 que el Ejecutivo impulsar\u00e1 un proyecto de ley sobre aborto sin causales. Luego, fue el propio Gobierno que sali\u00f3 al paso al desestimar la medida durante este a\u00f1o, acusando adem\u00e1s \u00abque se ha creado una falsa pol\u00e9mica\u00bb, lo que no dej\u00f3 contentas a las parlamentarias.<\/p>\n<p style=\"text-align: justify;\">La diputada Camila Flores, afirm\u00f3 que poner \u00abcomo la principal agenda en materia legislativa para las mujeres la ley de aborto libre\u00bb, no hace m\u00e1s que ratificar \u00abque el gobierno no entendi\u00f3 absolutamente nada\u00bb de lo que pas\u00f3 el 4 de septiembre. \u00abUno de los principales argumentos por el cual se rechaz\u00f3 esa negativa, horrorosa propuesta de nueva Constituci\u00f3n, fue precisamente porque contemplaba el aborto libre sin ning\u00fan tipo de causales y sin tiempo. Los chilenos estamos mayoritariamente por defender la vida desde la concepci\u00f3n misma\u00bb.<\/p>\n<p style=\"text-align: justify;\">Marcia Raphael, legisladora de Ays\u00e9n, agreg\u00f3 que \u00absiempre pensamos que el mensaje del gobierno para este mes iba a ser en el contexto del mes del c\u00e1ncer, c\u00f3mo diagnosticar a tiempo el c\u00e1ncer de mamas\u00bb. Record\u00f3 que al d\u00eda en Chile mueren tres mujeres a causa del c\u00e1ncer de mama y enfatiz\u00f3 que el foco de las autoridades deber\u00eda estar \u00aben la concientizaci\u00f3n para prevenir el c\u00e1ncer de mama. Pensando en la vida, en la vida de las mujeres\u00bb.<\/p>\n<div style=\"text-align: justify;\">\n<p style=\"text-align: justify;\">Sara Concha, diputada por \u00d1uble, dijo que: \u00abEntendiendo que la discusi\u00f3n del aborto se trata espec\u00edficamente de la discusi\u00f3n sobre una vida, y que adem\u00e1s se trata de una materia que ya ha sido regularizada en nuestro pa\u00eds a trav\u00e9s de las tres causales, le pedir\u00eda al gobierno, y en espec\u00edfico a la Ministra de la Mujer y Equidad de G\u00e9nero, Antonia Orellana, que pueda ocupar ese tiempo en realizar pol\u00edticas p\u00fablicas que vayan en directo beneficio de la mujer, entendiendo que estamos viviendo un tiempo post pandemia, en que la salud mental se ha visto realmente afectada\u00bb.<\/p>\n<p style=\"text-align: justify;\">La doctora Mar\u00eda Luisa Cordero, record\u00f3 que con anterioridad pidi\u00f3 que las mujeres tengan derecho a administrar sus bienes, proyecto de resoluci\u00f3n que no ha avanzado mucho, pero valor\u00f3 la ayuda para que \u00ablas mujeres puedan realizarse al menos una mamograf\u00eda al a\u00f1o\u00bb, como una forma de prevenir el c\u00e1ncer de mama.<\/p>\n<p style=\"text-align: justify;\">Por su parte la diputada Camila Flores anunci\u00f3 que si bien la ministra (vocera Camila) Vallejo, dijo que el gobierno no va a presentar este a\u00f1o esa iniciativa, cuando la presenten, sea el pr\u00f3ximo a\u00f1o o cuando quieran, mientras estemos nosotras ac\u00e1 nos vamos a oponer tenazmente\u00bb. Precisando que las prioridades deben estar en los problemas que hoy en d\u00eda viven las mujeres, \u00aby no matando inocentes\u00bb.<\/p>\n<p style=\"text-align: justify;\">En la misma l\u00ednea la diputada Francesca Mu\u00f1oz adelant\u00f3 que si el gobierno insiste en presentar \u00abeste proyecto el pr\u00f3ximo a\u00f1o, evidentemente lo votaremos en contra, tal como lo hicimos en la legislatura anterior\u00bb.<\/p>\n<p style=\"text-align: justify;\">Cabe recordar que la diputada Sara Concha Diputada hizo un requerimiento a la Contralor\u00eda para que inicie un sumario al interior del ministerio de la Mujer y Equidad de G\u00e9nero por tuiteo sobre aborto realizado por la Ministra el pasado 28 de septiembre, ya que considera que \u00abcontiene una carga ideol\u00f3gica que supera el marco legal\u00bb, entre otros aspectos.<\/p>\n<\/div>\n<\/div><\/section><\/div><div  style='height:50px' class='hr hr-invisible   avia-builder-el-6  el_after_av_one_full  el_before_av_social_share '><span class='hr-inner ' ><span class='hr-inner-style'><\/span><\/span><\/div><\/p>\n<div  class='av-social-sharing-box  avia-builder-el-7  el_after_av_hr  el_before_av_hr  '><div class='av-share-box'><h5 class='av-share-link-description av-no-toc '>Compartir esta noticia<\/h5><ul class='av-share-box-list noLightbox'><li class='av-share-link av-social-link-facebook' ><a target=\"_blank\" aria-label=\"Compartir en Facebook\" href='https:\/\/www.facebook.com\/sharer.php?u=https:\/\/radiorevelacionfm.cl\/?p=22595&#038;t=Diputadas%20RN%20cuestionan%20desprolijidad%20del%20Gobierno%20tras%20pol%C3%A9mica%20por%20aborto%20libre%20y%20piden%20priorizar%20medidas%20en%20favor%20de%20la%20mujer' aria-hidden='false' data-av_icon='\ue8f3' data-av_iconfont='entypo-fontello' title='' data-avia-related-tooltip='Compartir en Facebook' rel=\"noopener\"><span class='avia_hidden_link_text'>Compartir en Facebook<\/span><\/a><\/li><li class='av-share-link av-social-link-twitter' ><a target=\"_blank\" aria-label=\"Compartir en Twitter\" href='https:\/\/twitter.com\/share?text=Diputadas%20RN%20cuestionan%20desprolijidad%20del%20Gobierno%20tras%20pol%C3%A9mica%20por%20aborto%20libre%20y%20piden%20priorizar%20medidas%20en%20favor%20de%20la%20mujer&#038;url=https:\/\/radiorevelacionfm.cl\/?p=22595' aria-hidden='false' data-av_icon='\ue8f1' data-av_iconfont='entypo-fontello' title='' data-avia-related-tooltip='Compartir en Twitter' rel=\"noopener\"><span class='avia_hidden_link_text'>Compartir en Twitter<\/span><\/a><\/li><li class='av-share-link av-social-link-whatsapp' ><a target=\"_blank\" aria-label=\"Compartir en Whatsapp\" href='https:\/\/api.whatsapp.com\/send?text=https:\/\/radiorevelacionfm.cl\/?p=22595' aria-hidden='false' data-av_icon='\uf232' data-av_iconfont='entypo-fontello' title='' data-avia-related-tooltip='Compartir en Whatsapp' rel=\"noopener\"><span class='avia_hidden_link_text'>Compartir en Whatsapp<\/span><\/a><\/li><li class='av-share-link av-social-link-linkedin' ><a target=\"_blank\" aria-label=\"Compartir en LinkedIn\" href='https:\/\/linkedin.com\/shareArticle?mini=true&#038;title=Diputadas%20RN%20cuestionan%20desprolijidad%20del%20Gobierno%20tras%20pol%C3%A9mica%20por%20aborto%20libre%20y%20piden%20priorizar%20medidas%20en%20favor%20de%20la%20mujer&#038;url=https:\/\/radiorevelacionfm.cl\/?p=22595' aria-hidden='false' data-av_icon='\ue8fc' data-av_iconfont='entypo-fontello' title='' data-avia-related-tooltip='Compartir en LinkedIn' rel=\"noopener\"><span class='avia_hidden_link_text'>Compartir en LinkedIn<\/span><\/a><\/li><li class='av-share-link av-social-link-mail' ><a  aria-label=\"Compartir por correo\" href='mailto:?subject=Diputadas%20RN%20cuestionan%20desprolijidad%20del%20Gobierno%20tras%20pol%C3%A9mica%20por%20aborto%20libre%20y%20piden%20priorizar%20medidas%20en%20favor%20de%20la%20mujer&#038;body=https:\/\/radiorevelacionfm.cl\/?p=22595' aria-hidden='false' data-av_icon='\ue805' data-av_iconfont='entypo-fontello' title='' data-avia-related-tooltip='Compartir por correo'><span class='avia_hidden_link_text'>Compartir por correo<\/span><\/a><\/li><\/ul><\/div><\/div>\n<div  style='height:50px' class='hr hr-invisible   avia-builder-el-8  el_after_av_social_share  el_before_av_comments_list '><span class='hr-inner ' ><span class='hr-inner-style'><\/span><\/span><\/div>\n<div  class='av-buildercomment  av-blog-meta-html-info-disabled av-blog-meta-tag-disabled  '><\/div>\n","protected":false},"excerpt":{"rendered":"","protected":false},"author":1,"featured_media":22596,"comment_status":"open","ping_status":"open","sticky":false,"template":"","format":"standard","meta":{"footnotes":""},"categories":[35],"tags":[],"class_list":["post-22595","post","type-post","status-publish","format-standard","has-post-thumbnail","hentry","category-politica"],"jetpack_featured_media_url":"https:\/\/radiorevelacionfm.cl\/wp-content\/uploads\/2022\/10\/IMG-9999-1-1.jpg","_links":{"self":[{"href":"https:\/\/radiorevelacionfm.cl\/index.php?rest_route=\/wp\/v2\/posts\/22595","targetHints":{"allow":["GET"]}}],"collection":[{"href":"https:\/\/radiorevelacionfm.cl\/index.php?rest_route=\/wp\/v2\/posts"}],"about":[{"href":"https:\/\/radiorevelacionfm.cl\/index.php?rest_route=\/wp\/v2\/types\/post"}],"author":[{"embeddable":true,"href":"https:\/\/radiorevelacionfm.cl\/index.php?rest_route=\/wp\/v2\/users\/1"}],"replies":[{"embeddable":true,"href":"https:\/\/radiorevelacionfm.cl\/index.php?rest_route=%2Fwp%2Fv2%2Fcomments&post=22595"}],"version-history":[{"count":2,"href":"https:\/\/radiorevelacionfm.cl\/index.php?rest_route=\/wp\/v2\/posts\/22595\/revisions"}],"predecessor-version":[{"id":22601,"href":"https:\/\/radiorevelacionfm.cl\/index.php?rest_route=\/wp\/v2\/posts\/22595\/revisions\/22601"}],"wp:featuredmedia":[{"embeddable":true,"href":"https:\/\/radiorevelacionfm.cl\/index.php?rest_route=\/wp\/v2\/media\/22596"}],"wp:attachment":[{"href":"https:\/\/radiorevelacionfm.cl\/index.php?rest_route=%2Fwp%2Fv2%2Fmedia&parent=22595"}],"wp:term":[{"taxonomy":"category","embeddable":true,"href":"https:\/\/radiorevelacionfm.cl\/index.php?rest_route=%2Fwp%2Fv2%2Fcategories&post=22595"},{"taxonomy":"post_tag","embeddable":true,"href":"https:\/\/radiorevelacionfm.cl\/index.php?rest_route=%2Fwp%2Fv2%2Ftags&post=22595"}],"curies":[{"name":"wp","href":"https:\/\/api.w.org\/{rel}","templated":true}]}}