{"id":22591,"date":"2022-10-04T12:47:44","date_gmt":"2022-10-04T15:47:44","guid":{"rendered":"https:\/\/radiorevelacionfm.cl\/?p=22591"},"modified":"2022-10-04T12:47:44","modified_gmt":"2022-10-04T15:47:44","slug":"fotolibro-retratara-a-las-mujeres-del-mar-en-la-region-de-aysen","status":"publish","type":"post","link":"https:\/\/radiorevelacionfm.cl\/?p=22591","title":{"rendered":"Fotolibro retratar\u00e1 a las mujeres del mar en la Regi\u00f3n de Ays\u00e9n"},"content":{"rendered":"<div class=\"flex_column av_one_full  flex_column_div av-zero-column-padding first  avia-builder-el-0  el_before_av_one_full  avia-builder-el-first  \" style='border-radius:0px; '><div  class='avia-image-container  av-styling-    avia-builder-el-1  avia-builder-el-no-sibling  avia-align-center '  itemprop=\"image\" itemscope=\"itemscope\" itemtype=\"https:\/\/schema.org\/ImageObject\"  ><div class='avia-image-container-inner'><div class='avia-image-overlay-wrap'><img decoding=\"async\" class='wp-image-22592 avia-img-lazy-loading-not-22592 avia_image' src=\"https:\/\/radiorevelacionfm.cl\/wp-content\/uploads\/2022\/10\/DSCF7084-copiaweb-1-1.jpg\" alt='' title='DSCF7084-copiaweb (1) (1)' height=\"600\" width=\"900\"  itemprop=\"thumbnailUrl\" srcset=\"https:\/\/radiorevelacionfm.cl\/wp-content\/uploads\/2022\/10\/DSCF7084-copiaweb-1-1.jpg 900w, https:\/\/radiorevelacionfm.cl\/wp-content\/uploads\/2022\/10\/DSCF7084-copiaweb-1-1-300x200.jpg 300w, https:\/\/radiorevelacionfm.cl\/wp-content\/uploads\/2022\/10\/DSCF7084-copiaweb-1-1-768x512.jpg 768w, https:\/\/radiorevelacionfm.cl\/wp-content\/uploads\/2022\/10\/DSCF7084-copiaweb-1-1-705x470.jpg 705w, https:\/\/radiorevelacionfm.cl\/wp-content\/uploads\/2022\/10\/DSCF7084-copiaweb-1-1-600x400.jpg 600w\" sizes=\"(max-width: 900px) 100vw, 900px\" \/><\/div><\/div><\/div><\/div><div class=\"flex_column av_one_full  flex_column_div av-zero-column-padding first  avia-builder-el-2  el_after_av_one_full  el_before_av_one_full  column-top-margin\" style='border-radius:0px; '><section class=\"av_textblock_section \"  itemscope=\"itemscope\" itemtype=\"https:\/\/schema.org\/BlogPosting\" itemprop=\"blogPost\" ><div class='avia_textblock  '   itemprop=\"text\" ><p style=\"text-align: center;\"><strong><span style=\"font-size: 18pt;\">Fotolibro retratar\u00e1 a las mujeres del mar en la Regi\u00f3n de Ays\u00e9n<\/span><\/strong><\/p>\n<div id=\"gtx-trans\" style=\"position: absolute; left: -50px; top: 4.31534px;\">\n<div class=\"gtx-trans-icon\"><\/div>\n<\/div>\n<\/div><\/section><\/div><div class=\"flex_column av_one_full  flex_column_div av-zero-column-padding first  avia-builder-el-4  el_after_av_one_full  el_before_av_hr  column-top-margin\" style='border-radius:0px; '><section class=\"av_textblock_section \"  itemscope=\"itemscope\" itemtype=\"https:\/\/schema.org\/BlogPosting\" itemprop=\"blogPost\" ><div class='avia_textblock  '   itemprop=\"text\" ><p style=\"font-weight: 400; text-align: justify;\">\u201cMujeres de mar, costa e islas de la Regi\u00f3n de Ays\u00e9n\u201d se denominar\u00e1 la publicaci\u00f3n orientada a difundir la participaci\u00f3n femenina en el rubro pesquero artesanal desde Melinka, en el litoral norte, hasta Caleta Tortel, en el sur austral.<\/p>\n<p style=\"font-weight: 400; text-align: justify;\">Reconociendo la importancia de la historia y actividades de la mujer en el litoral, el Instituto de Fomento Pesquero (IFOP) y la Mesa de la Mujer de la Pesca Artesanal concordaron la publicaci\u00f3n como parte de un trabajo colaborativo, orientado a realzar la perspectiva de g\u00e9nero en el rubro.<\/p>\n<p style=\"font-weight: 400; text-align: justify;\">El presidente de la Mesa, Delegado Presidencial Regional, Rodrigo Araya, acompa\u00f1ado por el director zonal de Subpesca, Oscar Henr\u00edquez, destac\u00f3 la iniciativa como parte de los desaf\u00edos regionales en torno al sector y la importancia de la investigaci\u00f3n cient\u00edfica en el litoral.<\/p>\n<p style=\"font-weight: 400; text-align: justify;\">\u201cEn el gobierno de nuestro Presidente Gabriel Boric, el financiamiento para la ciencia va a ir aumentando progresivamente y el Instituto de Fomento Pesquero, es uno de los que tambi\u00e9n va a recibir mayores recursos en los pr\u00f3ximos a\u00f1os, por lo tanto, tenemos tambi\u00e9n la posibilidad de apalancar recursos desde \u00e9l, desde la regi\u00f3n, para poder mejorar justamente en la informaci\u00f3n que se necesita para tomar mejores decisiones con las pesquer\u00edas de nuestra regi\u00f3n\u201d, indic\u00f3.<\/p>\n<p style=\"font-weight: 400; text-align: justify;\">El director ejecutivo de IFOP, Gonzalo Pereira, indic\u00f3 que el Instituto tiene un equipo con 18 trabajadores en Ays\u00e9n vinculados a las ciencias del mar, biolog\u00eda y biolog\u00eda marina, dedicados a profundizar con la mayor integralidad posible en materia de pesca y acuicultura.<\/p>\n<p style=\"font-weight: 400; text-align: justify;\">\u201cEs la instituci\u00f3n que hace las investigaciones marino costeras para la pesca y la acuicultura en el Estado de Chile. Es una instituci\u00f3n que est\u00e1 vinculada al sistema p\u00fablico pesquero y su aporte, principalmente, es otorgar la informaci\u00f3n, la generaci\u00f3n de informaci\u00f3n y la ciencia para la toma de decisiones por la autoridad pesquera, pero adem\u00e1s hace el trabajo de las investigaciones en distintas asociaciones con universidades, con ONGs, con entidades internacionales. En este caso, la firma del convenio est\u00e1 destinada a elaborar un fotolibro que destaca con fotograf\u00edas el trabajo de las mujeres de la pesca artesanal y aqu\u00ed hay un m\u00e9rito personal de nuestra jefa regional, porque las fotograf\u00edas son de Alejandra Laf\u00f3n\u201d, detall\u00f3.<\/p>\n<p style=\"font-weight: 400; text-align: justify;\">La direcci\u00f3n general del Fotolibro recaer\u00e1 en Alejandra Laf\u00f3n Vilugr\u00f3n, Jefe de Sede IFOP Ays\u00e9n, quien ser\u00e1 apoyada por un equipo t\u00e9cnico de la instituci\u00f3n y de la Mesa en el proceso que culminar\u00e1 con la publicaci\u00f3n durante el a\u00f1o 2023.<\/p>\n<p style=\"font-weight: 400; text-align: justify;\">\u201cEl convenio que acabamos de firmar formaliza la cooperaci\u00f3n que tenemos a trav\u00e9s de la Mesa de la Mujer de la Pesca Artesanal, para relevar la importancia, para conocer a las mujeres que viven en el litoral. Nosotros que estamos permanentemente ligados, desde el \u00e1mbito de la investigaci\u00f3n y de nuestras tareas en terreno, estamos visitando las caletas y vemos a todas estas mujeres que viven en el mar, en las islas, en el litoral, en nuestra regi\u00f3n. Por eso, consideramos s\u00faper importante mostrarlas, que las conozcan, que nos conozcamos en la regi\u00f3n, que tenemos un mar inmenso. Es importante mostrar los rostros de estas mujeres de mar que tambi\u00e9n pertenecen a la regi\u00f3n. Dicen que a veces es dif\u00edcil llegar a estos lugares un poco m\u00e1s alejado y tenemos a unas mujeres vivas en la pesca artesanal, en sus actividades que confluyen con la gastronom\u00eda, con el turismo, con el cuidado de los hijos, con el acompa\u00f1amiento de los pescadores artesanales\u201d, concluy\u00f3.<\/p>\n<p style=\"font-weight: 400; text-align: justify;\">A nivel regional, la pesca artesanal est\u00e1 conformada por m\u00e1s de 2.700 hombres equivalentes a un 77,6% y m\u00e1s de 800 mujeres que representan un 22,4%, distribuidas en Melinka, Puerto Aguirre, Puerto Ays\u00e9n, Puerto Cisnes, Caleta Andrade, Puerto Gala, Puerto Ra\u00fal Mar\u00edn Balmaceda, Puerto Puyuhuapi, Puerto Chacabuco, Repollal, Puerto Gaviota, Melimoyu, Tortel y Estero Copa.<\/p>\n<p style=\"font-weight: 400; text-align: justify;\">De acuerdo a la FAO, la fuerza de trabajo femenina en pesca y acuicultura tiene una importancia num\u00e9rica y cualitativa superior a lo que muestran las estad\u00edsticas y su labor generalmente no es visibilizada.<\/p>\n<\/div><\/section><\/div><div  style='height:50px' class='hr hr-invisible   avia-builder-el-6  el_after_av_one_full  el_before_av_social_share '><span class='hr-inner ' ><span class='hr-inner-style'><\/span><\/span><\/div><\/p>\n<div  class='av-social-sharing-box  avia-builder-el-7  el_after_av_hr  el_before_av_hr  '><div class='av-share-box'><h5 class='av-share-link-description av-no-toc '>Compartir esta noticia<\/h5><ul class='av-share-box-list noLightbox'><li class='av-share-link av-social-link-facebook' ><a target=\"_blank\" aria-label=\"Compartir en Facebook\" href='https:\/\/www.facebook.com\/sharer.php?u=https:\/\/radiorevelacionfm.cl\/?p=22591&#038;t=Fotolibro%20retratar%C3%A1%20a%20las%20mujeres%20del%20mar%20en%20la%20Regi%C3%B3n%20de%20Ays%C3%A9n' aria-hidden='false' data-av_icon='\ue8f3' data-av_iconfont='entypo-fontello' title='' data-avia-related-tooltip='Compartir en Facebook' rel=\"noopener\"><span class='avia_hidden_link_text'>Compartir en Facebook<\/span><\/a><\/li><li class='av-share-link av-social-link-twitter' ><a target=\"_blank\" aria-label=\"Compartir en Twitter\" href='https:\/\/twitter.com\/share?text=Fotolibro%20retratar%C3%A1%20a%20las%20mujeres%20del%20mar%20en%20la%20Regi%C3%B3n%20de%20Ays%C3%A9n&#038;url=https:\/\/radiorevelacionfm.cl\/?p=22591' aria-hidden='false' data-av_icon='\ue8f1' data-av_iconfont='entypo-fontello' title='' data-avia-related-tooltip='Compartir en Twitter' rel=\"noopener\"><span class='avia_hidden_link_text'>Compartir en Twitter<\/span><\/a><\/li><li class='av-share-link av-social-link-whatsapp' ><a target=\"_blank\" aria-label=\"Compartir en Whatsapp\" href='https:\/\/api.whatsapp.com\/send?text=https:\/\/radiorevelacionfm.cl\/?p=22591' aria-hidden='false' data-av_icon='\uf232' data-av_iconfont='entypo-fontello' title='' data-avia-related-tooltip='Compartir en Whatsapp' rel=\"noopener\"><span class='avia_hidden_link_text'>Compartir en Whatsapp<\/span><\/a><\/li><li class='av-share-link av-social-link-linkedin' ><a target=\"_blank\" aria-label=\"Compartir en LinkedIn\" href='https:\/\/linkedin.com\/shareArticle?mini=true&#038;title=Fotolibro%20retratar%C3%A1%20a%20las%20mujeres%20del%20mar%20en%20la%20Regi%C3%B3n%20de%20Ays%C3%A9n&#038;url=https:\/\/radiorevelacionfm.cl\/?p=22591' aria-hidden='false' data-av_icon='\ue8fc' data-av_iconfont='entypo-fontello' title='' data-avia-related-tooltip='Compartir en LinkedIn' rel=\"noopener\"><span class='avia_hidden_link_text'>Compartir en LinkedIn<\/span><\/a><\/li><li class='av-share-link av-social-link-mail' ><a  aria-label=\"Compartir por correo\" href='mailto:?subject=Fotolibro%20retratar%C3%A1%20a%20las%20mujeres%20del%20mar%20en%20la%20Regi%C3%B3n%20de%20Ays%C3%A9n&#038;body=https:\/\/radiorevelacionfm.cl\/?p=22591' aria-hidden='false' data-av_icon='\ue805' data-av_iconfont='entypo-fontello' title='' data-avia-related-tooltip='Compartir por correo'><span class='avia_hidden_link_text'>Compartir por correo<\/span><\/a><\/li><\/ul><\/div><\/div>\n<div  style='height:50px' class='hr hr-invisible   avia-builder-el-8  el_after_av_social_share  el_before_av_comments_list '><span class='hr-inner ' ><span class='hr-inner-style'><\/span><\/span><\/div>\n<div  class='av-buildercomment  av-blog-meta-html-info-disabled av-blog-meta-tag-disabled  '><\/div>\n","protected":false},"excerpt":{"rendered":"","protected":false},"author":1,"featured_media":22592,"comment_status":"open","ping_status":"open","sticky":false,"template":"","format":"standard","meta":{"footnotes":""},"categories":[38],"tags":[],"class_list":["post-22591","post","type-post","status-publish","format-standard","has-post-thumbnail","hentry","category-regional"],"jetpack_featured_media_url":"https:\/\/radiorevelacionfm.cl\/wp-content\/uploads\/2022\/10\/DSCF7084-copiaweb-1-1.jpg","_links":{"self":[{"href":"https:\/\/radiorevelacionfm.cl\/index.php?rest_route=\/wp\/v2\/posts\/22591","targetHints":{"allow":["GET"]}}],"collection":[{"href":"https:\/\/radiorevelacionfm.cl\/index.php?rest_route=\/wp\/v2\/posts"}],"about":[{"href":"https:\/\/radiorevelacionfm.cl\/index.php?rest_route=\/wp\/v2\/types\/post"}],"author":[{"embeddable":true,"href":"https:\/\/radiorevelacionfm.cl\/index.php?rest_route=\/wp\/v2\/users\/1"}],"replies":[{"embeddable":true,"href":"https:\/\/radiorevelacionfm.cl\/index.php?rest_route=%2Fwp%2Fv2%2Fcomments&post=22591"}],"version-history":[{"count":2,"href":"https:\/\/radiorevelacionfm.cl\/index.php?rest_route=\/wp\/v2\/posts\/22591\/revisions"}],"predecessor-version":[{"id":22594,"href":"https:\/\/radiorevelacionfm.cl\/index.php?rest_route=\/wp\/v2\/posts\/22591\/revisions\/22594"}],"wp:featuredmedia":[{"embeddable":true,"href":"https:\/\/radiorevelacionfm.cl\/index.php?rest_route=\/wp\/v2\/media\/22592"}],"wp:attachment":[{"href":"https:\/\/radiorevelacionfm.cl\/index.php?rest_route=%2Fwp%2Fv2%2Fmedia&parent=22591"}],"wp:term":[{"taxonomy":"category","embeddable":true,"href":"https:\/\/radiorevelacionfm.cl\/index.php?rest_route=%2Fwp%2Fv2%2Fcategories&post=22591"},{"taxonomy":"post_tag","embeddable":true,"href":"https:\/\/radiorevelacionfm.cl\/index.php?rest_route=%2Fwp%2Fv2%2Ftags&post=22591"}],"curies":[{"name":"wp","href":"https:\/\/api.w.org\/{rel}","templated":true}]}}