{"id":22585,"date":"2022-10-04T11:23:33","date_gmt":"2022-10-04T14:23:33","guid":{"rendered":"https:\/\/radiorevelacionfm.cl\/?p=22585"},"modified":"2022-10-04T11:23:33","modified_gmt":"2022-10-04T14:23:33","slug":"cultura-lanza-renovada-tercera-version-del-programa-artes-escenicas-itinerantes-regionales","status":"publish","type":"post","link":"https:\/\/radiorevelacionfm.cl\/?p=22585","title":{"rendered":"Cultura lanza renovada tercera versi\u00f3n del Programa Artes Esc\u00e9nicas Itinerantes Regionales"},"content":{"rendered":"<div class=\"flex_column av_one_full  flex_column_div av-zero-column-padding first  avia-builder-el-0  el_before_av_one_full  avia-builder-el-first  \" style='border-radius:0px; '><div  class='avia-image-container  av-styling-    avia-builder-el-1  avia-builder-el-no-sibling  avia-align-center '  itemprop=\"image\" itemscope=\"itemscope\" itemtype=\"https:\/\/schema.org\/ImageObject\"  ><div class='avia-image-container-inner'><div class='avia-image-overlay-wrap'><img decoding=\"async\" class='wp-image-22588 avia-img-lazy-loading-not-22588 avia_image' src=\"https:\/\/radiorevelacionfm.cl\/wp-content\/uploads\/2022\/10\/Teatro-y-danza-para-la-historia-de-la-mujer-nortina_itinerantes-Antofagasta_Creditos-fotografia-Itza-Mendy-1-1.jpeg\" alt='' title='Teatro y danza para la historia de la mujer nortina_itinerantes Antofagasta_Cr\u00e9ditos fotograf\u00eda Itza Mendy (1) (1)' height=\"600\" width=\"800\"  itemprop=\"thumbnailUrl\" srcset=\"https:\/\/radiorevelacionfm.cl\/wp-content\/uploads\/2022\/10\/Teatro-y-danza-para-la-historia-de-la-mujer-nortina_itinerantes-Antofagasta_Creditos-fotografia-Itza-Mendy-1-1.jpeg 800w, https:\/\/radiorevelacionfm.cl\/wp-content\/uploads\/2022\/10\/Teatro-y-danza-para-la-historia-de-la-mujer-nortina_itinerantes-Antofagasta_Creditos-fotografia-Itza-Mendy-1-1-300x225.jpeg 300w, https:\/\/radiorevelacionfm.cl\/wp-content\/uploads\/2022\/10\/Teatro-y-danza-para-la-historia-de-la-mujer-nortina_itinerantes-Antofagasta_Creditos-fotografia-Itza-Mendy-1-1-768x576.jpeg 768w, https:\/\/radiorevelacionfm.cl\/wp-content\/uploads\/2022\/10\/Teatro-y-danza-para-la-historia-de-la-mujer-nortina_itinerantes-Antofagasta_Creditos-fotografia-Itza-Mendy-1-1-705x529.jpeg 705w, https:\/\/radiorevelacionfm.cl\/wp-content\/uploads\/2022\/10\/Teatro-y-danza-para-la-historia-de-la-mujer-nortina_itinerantes-Antofagasta_Creditos-fotografia-Itza-Mendy-1-1-600x450.jpeg 600w\" sizes=\"(max-width: 800px) 100vw, 800px\" \/><\/div><\/div><\/div><\/div><div class=\"flex_column av_one_full  flex_column_div av-zero-column-padding first  avia-builder-el-2  el_after_av_one_full  el_before_av_one_full  column-top-margin\" style='border-radius:0px; '><section class=\"av_textblock_section \"  itemscope=\"itemscope\" itemtype=\"https:\/\/schema.org\/BlogPosting\" itemprop=\"blogPost\" ><div class='avia_textblock  '   itemprop=\"text\" ><p style=\"text-align: center;\"><strong><span style=\"font-size: 18pt;\">Cultura lanza renovada tercera versi\u00f3n del Programa Artes Esc\u00e9nicas Itinerantes Regionales<\/span><\/strong><\/p>\n<div id=\"gtx-trans\" style=\"position: absolute; left: -50px; top: 4.31534px;\">\n<div class=\"gtx-trans-icon\"><\/div>\n<\/div>\n<\/div><\/section><\/div><div class=\"flex_column av_one_full  flex_column_div av-zero-column-padding first  avia-builder-el-4  el_after_av_one_full  el_before_av_hr  column-top-margin\" style='border-radius:0px; '><section class=\"av_textblock_section \"  itemscope=\"itemscope\" itemtype=\"https:\/\/schema.org\/BlogPosting\" itemprop=\"blogPost\" ><div class='avia_textblock  '   itemprop=\"text\" ><p style=\"text-align: justify;\">Hasta el 3 de noviembre de 2022 estar\u00e1 abierta la tercera convocatoria del programa de Artes Esc\u00e9nicas Itinerantes Regionales del Ministerio de las Culturas, las Artes y el Patrimonio. La iniciativa busca financiar proyectos de itinerancia regional de obras ya estrenadas en las disciplinas de Teatro, Danza, Circo, T\u00edteres, Narraci\u00f3n Oral, \u00d3pera e Interdisciplina, a desarrollarse durante el primer semestre del 2023.<\/p>\n<p style=\"text-align: justify;\">\u201cPara esta renovada versi\u00f3n, el programa apoyar\u00e1 el desarrollo de 16 proyectos de itinerancia de artes esc\u00e9nicas en cada regi\u00f3n del pa\u00eds, para que ni\u00f1as, ni\u00f1os, j\u00f3venes y adultos de los m\u00e1s diversos territorios y comunidades, puedan disfrutar de las Artes Esc\u00e9nicas de su propia regi\u00f3n. Adem\u00e1s, con esta convocatoria buscamos reafirmar la vuelta a la presencialidad, invit\u00e1ndonos a asistir a los espacios, centros culturales y teatros que se encuentran a lo largo de todo Chile\u201d, afirm\u00f3 la subsecretaria de las Culturas y las Artes, Andrea Guti\u00e9rrez V\u00e1squez.<\/p>\n<p style=\"text-align: justify;\">La convocatoria, impulsada por la Secretar\u00eda Ejecutiva de Artes Esc\u00e9nicas y trabajada junto al Consejo Nacional de Artes Esc\u00e9nicas, busca dinamizar la oferta cultural en los diversos territorios del pa\u00eds, fomentando la participaci\u00f3n y vinculaci\u00f3n de los\u00a0p\u00fablicos y comunidades con los artistas esc\u00e9nicos y sus obras a nivel regional, adem\u00e1s de promover la asociatividad de artistas y agentes dentro de sus propias regiones de residencia.<\/p>\n<p style=\"text-align: justify;\">Quienes presenten los proyectos podr\u00e1n ser tanto personas naturales como jur\u00eddicas residentes de la regi\u00f3n a la que postulan, as\u00ed como compa\u00f1\u00edas, agrupaciones, colectivos y artistas que formen parte de la programaci\u00f3n de la itinerancia. Asimismo, deber\u00e1n contemplar en la propuesta un\u00a0plan de difusi\u00f3n\u00a0que identifique y caracterice a los posibles beneficiarios, y un\u00a0plan de vinculaci\u00f3n que incluya actividades de mediaci\u00f3n, participaci\u00f3n de los\u00a0p\u00fablicos con las obras y\/o transferencia de conocimientos con agentes culturales locales.<\/p>\n<p style=\"text-align: justify;\">El programa contempla una distribuci\u00f3n presupuestaria espec\u00edfica por cada regi\u00f3n, siendo los montos y funciones a considerar los siguientes:<\/p>\n<ul style=\"text-align: justify;\">\n<li><strong>Regi\u00f3n de Arica y Parinacota, Tarapac\u00e1, Atacama, Coquimbo, O\u2019Higgins, Maule, \u00d1uble, La Araucan\u00eda, Los R\u00edos, Ays\u00e9n y Magallanes: <\/strong>$15.000.000, se deben considerar un m\u00ednimo de 5 funciones con al menos dos obras de distintas disciplinas de las artes esc\u00e9nicas.<\/li>\n<li><strong>Regi\u00f3n de Antofagasta, Valpara\u00edso, Biob\u00edo y Los Lagos<\/strong>: $20.000.000, se deben considerar un m\u00ednimo de 7 funciones con al menos tres obras de distintas disciplinas de las artes esc\u00e9nicas.<\/li>\n<li><strong>Regi\u00f3n Metropolitana<\/strong>: $25.000.000, se deben considerar un m\u00ednimo de 9 funciones con al menos cuatro obras de distintas disciplinas de las artes esc\u00e9nicas, exceptuando \u00d3pera.<\/li>\n<\/ul>\n<p style=\"text-align: justify;\"><strong>Capacitaci\u00f3n <\/strong><\/p>\n<p style=\"text-align: justify;\">La Secretar\u00eda Ejecutiva de Artes Esc\u00e9nicas realizar\u00e1 una capacitaci\u00f3n online sobre las bases de convocatoria, el d\u00eda martes 11 de octubre a las 17:00 horas en: <a href=\"https:\/\/www.fondosdecultura.cl\/capacitaciones\/\">https:\/\/www.fondosdecultura.cl\/capacitaciones\/<\/a><\/p>\n<p style=\"text-align: justify;\">Cabe destacar que esta iniciativa no requiere de inscripci\u00f3n previa.<\/p>\n<p style=\"text-align: justify;\">Las bases y postulaci\u00f3n de la convocatoria est\u00e1n disponibles en: <a href=\"https:\/\/www.fondosdecultura.cl\/artes-escenicas-itinerantes-2022\/\">https:\/\/www.fondosdecultura.cl\/artes-escenicas-itinerantes-2022\/<\/a><\/p>\n<\/div><\/section><\/div><div  style='height:50px' class='hr hr-invisible   avia-builder-el-6  el_after_av_one_full  el_before_av_social_share '><span class='hr-inner ' ><span class='hr-inner-style'><\/span><\/span><\/div><\/p>\n<div  class='av-social-sharing-box  avia-builder-el-7  el_after_av_hr  el_before_av_hr  '><div class='av-share-box'><h5 class='av-share-link-description av-no-toc '>Compartir esta noticia<\/h5><ul class='av-share-box-list noLightbox'><li class='av-share-link av-social-link-facebook' ><a target=\"_blank\" aria-label=\"Compartir en Facebook\" href='https:\/\/www.facebook.com\/sharer.php?u=https:\/\/radiorevelacionfm.cl\/?p=22585&#038;t=Cultura%20lanza%20renovada%20tercera%20versi%C3%B3n%20del%20Programa%20Artes%20Esc%C3%A9nicas%20Itinerantes%20Regionales' aria-hidden='false' data-av_icon='\ue8f3' data-av_iconfont='entypo-fontello' title='' data-avia-related-tooltip='Compartir en Facebook' rel=\"noopener\"><span class='avia_hidden_link_text'>Compartir en Facebook<\/span><\/a><\/li><li class='av-share-link av-social-link-twitter' ><a target=\"_blank\" aria-label=\"Compartir en Twitter\" href='https:\/\/twitter.com\/share?text=Cultura%20lanza%20renovada%20tercera%20versi%C3%B3n%20del%20Programa%20Artes%20Esc%C3%A9nicas%20Itinerantes%20Regionales&#038;url=https:\/\/radiorevelacionfm.cl\/?p=22585' aria-hidden='false' data-av_icon='\ue8f1' data-av_iconfont='entypo-fontello' title='' data-avia-related-tooltip='Compartir en Twitter' rel=\"noopener\"><span class='avia_hidden_link_text'>Compartir en Twitter<\/span><\/a><\/li><li class='av-share-link av-social-link-whatsapp' ><a target=\"_blank\" aria-label=\"Compartir en Whatsapp\" href='https:\/\/api.whatsapp.com\/send?text=https:\/\/radiorevelacionfm.cl\/?p=22585' aria-hidden='false' data-av_icon='\uf232' data-av_iconfont='entypo-fontello' title='' data-avia-related-tooltip='Compartir en Whatsapp' rel=\"noopener\"><span class='avia_hidden_link_text'>Compartir en Whatsapp<\/span><\/a><\/li><li class='av-share-link av-social-link-linkedin' ><a target=\"_blank\" aria-label=\"Compartir en LinkedIn\" href='https:\/\/linkedin.com\/shareArticle?mini=true&#038;title=Cultura%20lanza%20renovada%20tercera%20versi%C3%B3n%20del%20Programa%20Artes%20Esc%C3%A9nicas%20Itinerantes%20Regionales&#038;url=https:\/\/radiorevelacionfm.cl\/?p=22585' aria-hidden='false' data-av_icon='\ue8fc' data-av_iconfont='entypo-fontello' title='' data-avia-related-tooltip='Compartir en LinkedIn' rel=\"noopener\"><span class='avia_hidden_link_text'>Compartir en LinkedIn<\/span><\/a><\/li><li class='av-share-link av-social-link-mail' ><a  aria-label=\"Compartir por correo\" href='mailto:?subject=Cultura%20lanza%20renovada%20tercera%20versi%C3%B3n%20del%20Programa%20Artes%20Esc%C3%A9nicas%20Itinerantes%20Regionales&#038;body=https:\/\/radiorevelacionfm.cl\/?p=22585' aria-hidden='false' data-av_icon='\ue805' data-av_iconfont='entypo-fontello' title='' data-avia-related-tooltip='Compartir por correo'><span class='avia_hidden_link_text'>Compartir por correo<\/span><\/a><\/li><\/ul><\/div><\/div>\n<div  style='height:50px' class='hr hr-invisible   avia-builder-el-8  el_after_av_social_share  el_before_av_comments_list '><span class='hr-inner ' ><span class='hr-inner-style'><\/span><\/span><\/div>\n<div  class='av-buildercomment  av-blog-meta-html-info-disabled av-blog-meta-tag-disabled  '><\/div>\n","protected":false},"excerpt":{"rendered":"","protected":false},"author":1,"featured_media":22588,"comment_status":"open","ping_status":"open","sticky":false,"template":"","format":"standard","meta":{"footnotes":""},"categories":[52],"tags":[],"class_list":["post-22585","post","type-post","status-publish","format-standard","has-post-thumbnail","hentry","category-cultura"],"jetpack_featured_media_url":"https:\/\/radiorevelacionfm.cl\/wp-content\/uploads\/2022\/10\/Teatro-y-danza-para-la-historia-de-la-mujer-nortina_itinerantes-Antofagasta_Creditos-fotografia-Itza-Mendy-1-1.jpeg","_links":{"self":[{"href":"https:\/\/radiorevelacionfm.cl\/index.php?rest_route=\/wp\/v2\/posts\/22585","targetHints":{"allow":["GET"]}}],"collection":[{"href":"https:\/\/radiorevelacionfm.cl\/index.php?rest_route=\/wp\/v2\/posts"}],"about":[{"href":"https:\/\/radiorevelacionfm.cl\/index.php?rest_route=\/wp\/v2\/types\/post"}],"author":[{"embeddable":true,"href":"https:\/\/radiorevelacionfm.cl\/index.php?rest_route=\/wp\/v2\/users\/1"}],"replies":[{"embeddable":true,"href":"https:\/\/radiorevelacionfm.cl\/index.php?rest_route=%2Fwp%2Fv2%2Fcomments&post=22585"}],"version-history":[{"count":2,"href":"https:\/\/radiorevelacionfm.cl\/index.php?rest_route=\/wp\/v2\/posts\/22585\/revisions"}],"predecessor-version":[{"id":22590,"href":"https:\/\/radiorevelacionfm.cl\/index.php?rest_route=\/wp\/v2\/posts\/22585\/revisions\/22590"}],"wp:featuredmedia":[{"embeddable":true,"href":"https:\/\/radiorevelacionfm.cl\/index.php?rest_route=\/wp\/v2\/media\/22588"}],"wp:attachment":[{"href":"https:\/\/radiorevelacionfm.cl\/index.php?rest_route=%2Fwp%2Fv2%2Fmedia&parent=22585"}],"wp:term":[{"taxonomy":"category","embeddable":true,"href":"https:\/\/radiorevelacionfm.cl\/index.php?rest_route=%2Fwp%2Fv2%2Fcategories&post=22585"},{"taxonomy":"post_tag","embeddable":true,"href":"https:\/\/radiorevelacionfm.cl\/index.php?rest_route=%2Fwp%2Fv2%2Ftags&post=22585"}],"curies":[{"name":"wp","href":"https:\/\/api.w.org\/{rel}","templated":true}]}}