{"id":22581,"date":"2022-10-04T10:55:10","date_gmt":"2022-10-04T13:55:10","guid":{"rendered":"https:\/\/radiorevelacionfm.cl\/?p=22581"},"modified":"2022-10-04T11:00:36","modified_gmt":"2022-10-04T14:00:36","slug":"joven-del-centro-cerrado-coyhaique-recibe-certificacion-tras-realizar-curso-de-fabricacion-de-muebles-de-madera-nativa","status":"publish","type":"post","link":"https:\/\/radiorevelacionfm.cl\/?p=22581","title":{"rendered":"Joven del Centro Cerrado Coyhaique recibe certificaci\u00f3n tras realizar curso de \u201cFabricaci\u00f3n de Muebles de Madera Nativa\u201d"},"content":{"rendered":"<div class=\"flex_column av_one_full  flex_column_div av-zero-column-padding first  avia-builder-el-0  el_before_av_one_full  avia-builder-el-first  \" style='border-radius:0px; '><div  class='avia-image-container  av-styling-    avia-builder-el-1  avia-builder-el-no-sibling  avia-align-center '  itemprop=\"image\" itemscope=\"itemscope\" itemtype=\"https:\/\/schema.org\/ImageObject\"  ><div class='avia-image-container-inner'><div class='avia-image-overlay-wrap'><img decoding=\"async\" class='wp-image-22582 avia-img-lazy-loading-not-22582 avia_image' src=\"https:\/\/radiorevelacionfm.cl\/wp-content\/uploads\/2022\/10\/capacitacion-cip-crc-1-1-1.jpg\" alt='' title='capacitacion cip crc 1 (1) (1)' height=\"600\" width=\"800\"  itemprop=\"thumbnailUrl\" srcset=\"https:\/\/radiorevelacionfm.cl\/wp-content\/uploads\/2022\/10\/capacitacion-cip-crc-1-1-1.jpg 800w, https:\/\/radiorevelacionfm.cl\/wp-content\/uploads\/2022\/10\/capacitacion-cip-crc-1-1-1-300x225.jpg 300w, https:\/\/radiorevelacionfm.cl\/wp-content\/uploads\/2022\/10\/capacitacion-cip-crc-1-1-1-768x576.jpg 768w, https:\/\/radiorevelacionfm.cl\/wp-content\/uploads\/2022\/10\/capacitacion-cip-crc-1-1-1-705x529.jpg 705w, https:\/\/radiorevelacionfm.cl\/wp-content\/uploads\/2022\/10\/capacitacion-cip-crc-1-1-1-600x450.jpg 600w\" sizes=\"(max-width: 800px) 100vw, 800px\" \/><\/div><\/div><\/div><\/div>\n<div class=\"flex_column av_one_full  flex_column_div av-zero-column-padding first  avia-builder-el-2  el_after_av_one_full  el_before_av_one_full  column-top-margin\" style='border-radius:0px; '><section class=\"av_textblock_section \"  itemscope=\"itemscope\" itemtype=\"https:\/\/schema.org\/BlogPosting\" itemprop=\"blogPost\" ><div class='avia_textblock  '   itemprop=\"text\" ><p style=\"text-align: center;\"><strong><span style=\"font-size: 18pt;\">Joven del Centro Cerrado Coyhaique recibe certificaci\u00f3n tras realizar curso de \u201cFabricaci\u00f3n de Muebles de Madera Nativa\u201d<\/span><\/strong><\/p>\n<div id=\"gtx-trans\" style=\"position: absolute; left: -50px; top: 4.31534px;\">\n<div class=\"gtx-trans-icon\"><\/div>\n<\/div>\n<\/div><\/section><\/div>\n<div class=\"flex_column av_one_full  flex_column_div av-zero-column-padding first  avia-builder-el-4  el_after_av_one_full  el_before_av_hr  column-top-margin\" style='border-radius:0px; '><section class=\"av_textblock_section \"  itemscope=\"itemscope\" itemtype=\"https:\/\/schema.org\/BlogPosting\" itemprop=\"blogPost\" ><div class='avia_textblock  '   itemprop=\"text\" ><p style=\"text-align: justify;\">La semana reci\u00e9n pasada se llev\u00f3 a cabo la ceremonia de certificaci\u00f3n del curso Fabricaci\u00f3n de Muebles de Madera Nativa dirigido a j\u00f3venes del CIP CRC CSC Coyhaique, instancia en que Sebasti\u00e1n recibi\u00f3 su certificado tras concluir con dicha capacitaci\u00f3n que consideraba 150 horas cronol\u00f3gicas. La actividad cont\u00f3 con la presencia del Delegado Regional Presidencial Rodrigo Araya, los seremis de Justicia y Derechos Humanos y del Trabajo y Previsi\u00f3n Social Samuel Navarro y Rodrigo D\u00edaz respectivamente, el Director Regional de Sence Andro Valdenegro y la Directora Regional (s) de Sename Pabla Erices.<\/p>\n<p style=\"text-align: justify;\">Cabe mencionar que el curso Fabricaci\u00f3n de Muebles de Madera Nativa es parte del programa denominado transferencias al sector p\u00fablico Sence-Sename, y que benefici\u00f3 a j\u00f3venes de este centro cerrado de Coyhaique.<\/p>\n<p style=\"text-align: justify;\">En la oportunidad, el Delegado Presidencial Regional, Rodrigo Araya se\u00f1al\u00f3 que \u201cpara nosotros como Gobierno el sistema de justicia no solamente se refiere a lo que es seguridad p\u00fablica, investigar y sancionar delitos, sino que tambi\u00e9n tiene que ver con c\u00f3mo aportamos como Estado a la rehabilitaci\u00f3n social de las personas que tienen que cumplir penas por cometer alg\u00fan tipo de delito. Esto requiere una voluntad del interno y tambi\u00e9n el compromiso de dedicarse a eso posteriormente y eso es muy potente, porque justamente estamos colaborando en la rehabilitaci\u00f3n y reinserci\u00f3n social\u201d.<\/p>\n<p style=\"text-align: justify;\">Mientras que el Director Regional (s) Sence, Andro Valdenegro \u201cnosotros como Servicio de Capacitaci\u00f3n y Empleo llegar a todos los espacios y estos convenios e interacciones entre los servicios, en este caso con Sename, que nos permiten a trav\u00e9s de las transferencias del sector p\u00fablico, atender de mejor manera y dejar a nuestros ni\u00f1os mejor preparados para una reinserci\u00f3n, para tomar una vida con un oficio adquirido. Es nuestra tarea seguir abriendo estos espacios para que m\u00e1s j\u00f3venes puedan acceder a este tipo de beneficios\u201d.<\/p>\n<p style=\"text-align: justify;\">En tanto, el Seremi de Justicia y Derechos Humanos, Samuel Navarro Castro indic\u00f3 que \u201ccreemos que parte del proceso de la Justicia es invertir en reinserci\u00f3n, ya que facilita no solamente ver el tema de los conflictos que suceden en la sociedad, sino que tambi\u00e9n c\u00f3mo vamos entregando herramientas para la reinserci\u00f3n, y ver como Estado como Gobierno c\u00f3mo a trav\u00e9s de esta orientaci\u00f3n que entrega el Presidente Boric podemos invertir en reinserci\u00f3n y ojal\u00e1 ampliar la oferta de reinserci\u00f3n, porque es lo que nos permite en los distintos \u00e1mbitos que est\u00e1n relacionados con la Justicia, poder tener una mirada positiva, propositiva y distinta de como enfrentar estos temas\u201d.<\/p>\n<p style=\"text-align: justify;\">A su vez, la Directora Regional (s) de Sename, Pabla Erices explic\u00f3 que \u201ccomo Sename, valoramos el trabajo complementario desarrollado con Sence que permite abrir espacios de capacitaci\u00f3n de acuerdo al inter\u00e9s del joven, lo cual nos aproxima un paso m\u00e1s a lograr este objetivo de reinserci\u00f3n social que nos desaf\u00eda como instituciones y sociedad en general, a realizar un trabajo articulado y transversal. Estamos orgullosos de acompa\u00f1ar a Sebasti\u00e1n en esta culminaci\u00f3n de un proceso al cual se dedic\u00f3 con compromiso y esfuerzo\u201d.<\/p>\n<p style=\"text-align: justify;\">Finalmente, el Seremi del Trabajo y Previsi\u00f3n Social Rodrigo D\u00edaz se\u00f1al\u00f3 que \u201cpara nosotros como ministerio estas actividades son fundamentales y reconocemos la capacidad de Sence de hacer alianzas estrat\u00e9gicas con Sename, para beneficiar a j\u00f3venes y ellos puedan tener un oficio y esto para su futuro es muy provechoso adem\u00e1s del subsidio en herramientas que le otorga\u201d.<\/p>\n<\/div><\/section><\/div><div  style='height:50px' class='hr hr-invisible   avia-builder-el-6  el_after_av_one_full  el_before_av_social_share '><span class='hr-inner ' ><span class='hr-inner-style'><\/span><\/span><\/div><\/p>\n<div  class='av-social-sharing-box  avia-builder-el-7  el_after_av_hr  el_before_av_hr  '><div class='av-share-box'><h5 class='av-share-link-description av-no-toc '>Compartir esta noticia<\/h5><ul class='av-share-box-list noLightbox'><li class='av-share-link av-social-link-facebook' ><a target=\"_blank\" aria-label=\"Compartir en Facebook\" href='https:\/\/www.facebook.com\/sharer.php?u=https:\/\/radiorevelacionfm.cl\/?p=22581&#038;t=Joven%20del%20Centro%20Cerrado%20Coyhaique%20recibe%20certificaci%C3%B3n%20tras%20realizar%20curso%20de%20%E2%80%9CFabricaci%C3%B3n%20de%20Muebles%20de%20Madera%20Nativa%E2%80%9D' aria-hidden='false' data-av_icon='\ue8f3' data-av_iconfont='entypo-fontello' title='' data-avia-related-tooltip='Compartir en Facebook' rel=\"noopener\"><span class='avia_hidden_link_text'>Compartir en Facebook<\/span><\/a><\/li><li class='av-share-link av-social-link-twitter' ><a target=\"_blank\" aria-label=\"Compartir en Twitter\" href='https:\/\/twitter.com\/share?text=Joven%20del%20Centro%20Cerrado%20Coyhaique%20recibe%20certificaci%C3%B3n%20tras%20realizar%20curso%20de%20%E2%80%9CFabricaci%C3%B3n%20de%20Muebles%20de%20Madera%20Nativa%E2%80%9D&#038;url=https:\/\/radiorevelacionfm.cl\/?p=22581' aria-hidden='false' data-av_icon='\ue8f1' data-av_iconfont='entypo-fontello' title='' data-avia-related-tooltip='Compartir en Twitter' rel=\"noopener\"><span class='avia_hidden_link_text'>Compartir en Twitter<\/span><\/a><\/li><li class='av-share-link av-social-link-whatsapp' ><a target=\"_blank\" aria-label=\"Compartir en Whatsapp\" href='https:\/\/api.whatsapp.com\/send?text=https:\/\/radiorevelacionfm.cl\/?p=22581' aria-hidden='false' data-av_icon='\uf232' data-av_iconfont='entypo-fontello' title='' data-avia-related-tooltip='Compartir en Whatsapp' rel=\"noopener\"><span class='avia_hidden_link_text'>Compartir en Whatsapp<\/span><\/a><\/li><li class='av-share-link av-social-link-linkedin' ><a target=\"_blank\" aria-label=\"Compartir en LinkedIn\" href='https:\/\/linkedin.com\/shareArticle?mini=true&#038;title=Joven%20del%20Centro%20Cerrado%20Coyhaique%20recibe%20certificaci%C3%B3n%20tras%20realizar%20curso%20de%20%E2%80%9CFabricaci%C3%B3n%20de%20Muebles%20de%20Madera%20Nativa%E2%80%9D&#038;url=https:\/\/radiorevelacionfm.cl\/?p=22581' aria-hidden='false' data-av_icon='\ue8fc' data-av_iconfont='entypo-fontello' title='' data-avia-related-tooltip='Compartir en LinkedIn' rel=\"noopener\"><span class='avia_hidden_link_text'>Compartir en LinkedIn<\/span><\/a><\/li><li class='av-share-link av-social-link-mail' ><a  aria-label=\"Compartir por correo\" href='mailto:?subject=Joven%20del%20Centro%20Cerrado%20Coyhaique%20recibe%20certificaci%C3%B3n%20tras%20realizar%20curso%20de%20%E2%80%9CFabricaci%C3%B3n%20de%20Muebles%20de%20Madera%20Nativa%E2%80%9D&#038;body=https:\/\/radiorevelacionfm.cl\/?p=22581' aria-hidden='false' data-av_icon='\ue805' data-av_iconfont='entypo-fontello' title='' data-avia-related-tooltip='Compartir por correo'><span class='avia_hidden_link_text'>Compartir por correo<\/span><\/a><\/li><\/ul><\/div><\/div>\n<div  style='height:50px' class='hr hr-invisible   avia-builder-el-8  el_after_av_social_share  el_before_av_comments_list '><span class='hr-inner ' ><span class='hr-inner-style'><\/span><\/span><\/div>\n<div  class='av-buildercomment  av-blog-meta-html-info-disabled av-blog-meta-tag-disabled  '><\/div>\n","protected":false},"excerpt":{"rendered":"","protected":false},"author":1,"featured_media":22582,"comment_status":"open","ping_status":"open","sticky":false,"template":"","format":"standard","meta":{"footnotes":""},"categories":[55],"tags":[],"class_list":["post-22581","post","type-post","status-publish","format-standard","has-post-thumbnail","hentry","category-justicia"],"jetpack_featured_media_url":"https:\/\/radiorevelacionfm.cl\/wp-content\/uploads\/2022\/10\/capacitacion-cip-crc-1-1-1.jpg","_links":{"self":[{"href":"https:\/\/radiorevelacionfm.cl\/index.php?rest_route=\/wp\/v2\/posts\/22581","targetHints":{"allow":["GET"]}}],"collection":[{"href":"https:\/\/radiorevelacionfm.cl\/index.php?rest_route=\/wp\/v2\/posts"}],"about":[{"href":"https:\/\/radiorevelacionfm.cl\/index.php?rest_route=\/wp\/v2\/types\/post"}],"author":[{"embeddable":true,"href":"https:\/\/radiorevelacionfm.cl\/index.php?rest_route=\/wp\/v2\/users\/1"}],"replies":[{"embeddable":true,"href":"https:\/\/radiorevelacionfm.cl\/index.php?rest_route=%2Fwp%2Fv2%2Fcomments&post=22581"}],"version-history":[{"count":3,"href":"https:\/\/radiorevelacionfm.cl\/index.php?rest_route=\/wp\/v2\/posts\/22581\/revisions"}],"predecessor-version":[{"id":22586,"href":"https:\/\/radiorevelacionfm.cl\/index.php?rest_route=\/wp\/v2\/posts\/22581\/revisions\/22586"}],"wp:featuredmedia":[{"embeddable":true,"href":"https:\/\/radiorevelacionfm.cl\/index.php?rest_route=\/wp\/v2\/media\/22582"}],"wp:attachment":[{"href":"https:\/\/radiorevelacionfm.cl\/index.php?rest_route=%2Fwp%2Fv2%2Fmedia&parent=22581"}],"wp:term":[{"taxonomy":"category","embeddable":true,"href":"https:\/\/radiorevelacionfm.cl\/index.php?rest_route=%2Fwp%2Fv2%2Fcategories&post=22581"},{"taxonomy":"post_tag","embeddable":true,"href":"https:\/\/radiorevelacionfm.cl\/index.php?rest_route=%2Fwp%2Fv2%2Ftags&post=22581"}],"curies":[{"name":"wp","href":"https:\/\/api.w.org\/{rel}","templated":true}]}}