{"id":2258,"date":"2021-01-31T16:57:10","date_gmt":"2021-01-31T19:57:10","guid":{"rendered":"https:\/\/radiorevelacionfm.cl\/?p=2258"},"modified":"2021-01-31T16:57:10","modified_gmt":"2021-01-31T19:57:10","slug":"senador-sandoval-valora-importancia-de-avanzar-en-una-ley-sobre-envejecimiento-positivo","status":"publish","type":"post","link":"https:\/\/radiorevelacionfm.cl\/?p=2258","title":{"rendered":"Senador Sandoval valora importancia de avanzar en una ley sobre envejecimiento positivo"},"content":{"rendered":"<div class=\"flex_column av_one_full  flex_column_div av-zero-column-padding first  avia-builder-el-0  el_before_av_one_full  avia-builder-el-first  \" style='border-radius:0px; '><div  class='avia-image-container  av-styling-    avia-builder-el-1  avia-builder-el-no-sibling  avia-align-center '  itemprop=\"image\" itemscope=\"itemscope\" itemtype=\"https:\/\/schema.org\/ImageObject\"  ><div class='avia-image-container-inner'><div class='avia-image-overlay-wrap'><img decoding=\"async\" class='wp-image-0 avia-img-lazy-loading-not-0 avia_image' src=\"https:\/\/radiorevelacionfm.cl\/wp-content\/uploads\/2021\/01\/Sandoval_archivo1-1.jpg\" alt='' title=''   itemprop=\"thumbnailUrl\"  \/><\/div><\/div><\/div><\/div><div class=\"flex_column av_one_full  flex_column_div av-zero-column-padding first  avia-builder-el-2  el_after_av_one_full  el_before_av_one_full  column-top-margin\" style='border-radius:0px; '><section class=\"av_textblock_section \"  itemscope=\"itemscope\" itemtype=\"https:\/\/schema.org\/BlogPosting\" itemprop=\"blogPost\" ><div class='avia_textblock  '   itemprop=\"text\" ><p style=\"text-align: center;\"><span style=\"font-size: 18pt;\"><strong>Senador Sandoval valora importancia de avanzar en una ley sobre envejecimiento positivo<\/strong><\/span><\/p>\n<div id=\"gtx-trans\" style=\"position: absolute; left: -50px; top: 4.31534px;\">\n<div class=\"gtx-trans-icon\"><\/div>\n<\/div>\n<\/div><\/section><\/div><div class=\"flex_column av_one_full  flex_column_div av-zero-column-padding first  avia-builder-el-4  el_after_av_one_full  el_before_av_hr  column-top-margin\" style='border-radius:0px; '><section class=\"av_textblock_section \"  itemscope=\"itemscope\" itemtype=\"https:\/\/schema.org\/BlogPosting\" itemprop=\"blogPost\" ><div class='avia_textblock  '   itemprop=\"text\" ><p style=\"text-align: justify;\"><em>\u201cLos adultos mayores han estado siempre en el coraz\u00f3n de nuestras preocupaciones y esta ley va a ser una respuesta m\u00e1s concreta a ello\u201d.<\/em><\/p>\n<p style=\"text-align: justify;\">Senador Sandoval trabaja en una bater\u00eda de propuestas para perfeccionar la iniciativa legal que se tramita en la Comisi\u00f3n Especial del Adulto Mayor de la C\u00e1mara Alta.<\/p>\n<p style=\"text-align: justify;\">En octubre de 2020, el Presidente de la Rep\u00fablica, Sebasti\u00e1n Pi\u00f1era, envi\u00f3 al Congreso, un proyecto de Ley enfocado en la promoci\u00f3n del\u00a0Envejecimiento Positivo, el Cuidado Integral de las Personas Mayores, y el Fortalecimiento de la Institucionalidad del Adulto Mayor, el cual a la fecha, est\u00e1 siendo analizada en la Comisi\u00f3n Especial del Adulto Mayor del Senado, instancia creada en 2018, tras las gestiones del Senador David Sandoval Plaza.<\/p>\n<p style=\"text-align: justify;\">En ese contexto, durante la \u00faltima sesi\u00f3n de la instancia parlamentaria, se continu\u00f3 el an\u00e1lisis de la iniciativa, esta vez con la participaci\u00f3n de la Primera Dama, Cecilia Morel, el subsecretario de Servicios Sociales, Sebasti\u00e1n Villareal, y el director nacional de Senama, Octavio Vergara, con quienes se discuti\u00f3 los alcances de la norma propuesta. \u201c(Es) un sue\u00f1o que se acu\u00f1\u00f3 hace varios a\u00f1os atr\u00e1s, de hecho desde la C\u00e1mara de Diputados desarrollamos un gran trabajo que termin\u00f3 con tres grandes objetivos: una nueva pol\u00edtica p\u00fablica, una reingenier\u00eda del Senama y la Ley Integral\u201d, se\u00f1al\u00f3 el senador Sandoval.<\/p>\n<p style=\"text-align: justify;\">En ese sentido, el parlamentario valor\u00f3 la propuesta del Ejecutivo, pues \u201cse hace parte de estos sue\u00f1os de tener un marco jur\u00eddico y legal, que le d\u00e9 sentido y entender que los adultos mayores son parte activa y parte fundamental de nuestra sociedad\u201d, enfatizando que \u201ctenemos grandes deudas con ellos y un gran compromiso de ponerlos en el lugar que les corresponde en la institucionalidad y en nuestra sociedad\u201d.<\/p>\n<p style=\"text-align: justify;\">Sin embargo, tambi\u00e9n considera que esta ley debe ser perfeccionada, para lo cual junto con su equipo de trabajo parlamentario, est\u00e1 elaborando una serie de propuestas. \u201cEstamos desarrollando todo el trabajo para que durante febrero contemos con el marco de lo que van a ser nuestras propuestas. Va a haber una gran transformaci\u00f3n al proyecto que ingres\u00f3 el Ejecutivo, que si bien es un avance, creemos que hay que profundizar en muchas materias m\u00e1s\u201d, explic\u00f3.<\/p>\n<p style=\"text-align: justify;\">\u201cLos adultos mayores han estado siempre en el coraz\u00f3n de nuestras preocupaciones y esta ley va a ser una respuesta m\u00e1s concreta a ello\u201d, agreg\u00f3, enfatizando que \u201ctodas aquellas cosas que se desarrollan, a trav\u00e9s de programas, van a estar contenidas en un marco legal, que va a hacer obligatorio para el desarrollo como pol\u00edticas p\u00fablicas\u201d, agreg\u00f3.<\/p>\n<p style=\"text-align: justify;\">Finalmente, el senador Sandoval recalc\u00f3 que \u201cese es el compromiso que tenemos todos con los adultos mayores del pa\u00eds\u201d, haciendo especial hincapi\u00e9 en las personas mayores de la regi\u00f3n de Ays\u00e9n, con quienes ha participado en distintas reuniones.<\/p>\n<p style=\"text-align: justify;\">Cabe se\u00f1alar que la oficina parlamentaria del legislador, est\u00e1 recabando la opini\u00f3n y sugerencias de distintas organizaciones a lo largo del pa\u00eds y tambi\u00e9n de la regi\u00f3n, con el fin de que la voz de los adultos mayores, est\u00e9 contenida en esta ley.<\/p>\n<\/div><\/section><\/div><div  style='height:50px' class='hr hr-invisible   avia-builder-el-6  el_after_av_one_full  el_before_av_social_share '><span class='hr-inner ' ><span class='hr-inner-style'><\/span><\/span><\/div><\/p>\n<div  class='av-social-sharing-box  avia-builder-el-7  el_after_av_hr  el_before_av_hr  '><div class='av-share-box'><h5 class='av-share-link-description av-no-toc '>Compartir esta noticia<\/h5><ul class='av-share-box-list noLightbox'><li class='av-share-link av-social-link-facebook' ><a target=\"_blank\" aria-label=\"Compartir en Facebook\" href='https:\/\/www.facebook.com\/sharer.php?u=https:\/\/radiorevelacionfm.cl\/?p=2258&#038;t=Senador%20Sandoval%20valora%20importancia%20de%20avanzar%20en%20una%20ley%20sobre%20envejecimiento%20positivo' aria-hidden='false' data-av_icon='\ue8f3' data-av_iconfont='entypo-fontello' title='' data-avia-related-tooltip='Compartir en Facebook' rel=\"noopener\"><span class='avia_hidden_link_text'>Compartir en Facebook<\/span><\/a><\/li><li class='av-share-link av-social-link-twitter' ><a target=\"_blank\" aria-label=\"Compartir en Twitter\" href='https:\/\/twitter.com\/share?text=Senador%20Sandoval%20valora%20importancia%20de%20avanzar%20en%20una%20ley%20sobre%20envejecimiento%20positivo&#038;url=https:\/\/radiorevelacionfm.cl\/?p=2258' aria-hidden='false' data-av_icon='\ue8f1' data-av_iconfont='entypo-fontello' title='' data-avia-related-tooltip='Compartir en Twitter' rel=\"noopener\"><span class='avia_hidden_link_text'>Compartir en Twitter<\/span><\/a><\/li><li class='av-share-link av-social-link-whatsapp' ><a target=\"_blank\" aria-label=\"Compartir en Whatsapp\" href='https:\/\/api.whatsapp.com\/send?text=https:\/\/radiorevelacionfm.cl\/?p=2258' aria-hidden='false' data-av_icon='\uf232' data-av_iconfont='entypo-fontello' title='' data-avia-related-tooltip='Compartir en Whatsapp' rel=\"noopener\"><span class='avia_hidden_link_text'>Compartir en Whatsapp<\/span><\/a><\/li><li class='av-share-link av-social-link-linkedin' ><a target=\"_blank\" aria-label=\"Compartir en LinkedIn\" href='https:\/\/linkedin.com\/shareArticle?mini=true&#038;title=Senador%20Sandoval%20valora%20importancia%20de%20avanzar%20en%20una%20ley%20sobre%20envejecimiento%20positivo&#038;url=https:\/\/radiorevelacionfm.cl\/?p=2258' aria-hidden='false' data-av_icon='\ue8fc' data-av_iconfont='entypo-fontello' title='' data-avia-related-tooltip='Compartir en LinkedIn' rel=\"noopener\"><span class='avia_hidden_link_text'>Compartir en LinkedIn<\/span><\/a><\/li><li class='av-share-link av-social-link-mail' ><a  aria-label=\"Compartir por correo\" href='mailto:?subject=Senador%20Sandoval%20valora%20importancia%20de%20avanzar%20en%20una%20ley%20sobre%20envejecimiento%20positivo&#038;body=https:\/\/radiorevelacionfm.cl\/?p=2258' aria-hidden='false' data-av_icon='\ue805' data-av_iconfont='entypo-fontello' title='' data-avia-related-tooltip='Compartir por correo'><span class='avia_hidden_link_text'>Compartir por correo<\/span><\/a><\/li><\/ul><\/div><\/div>\n<div  style='height:50px' class='hr hr-invisible   avia-builder-el-8  el_after_av_social_share  el_before_av_comments_list '><span class='hr-inner ' ><span class='hr-inner-style'><\/span><\/span><\/div>\n<div  class='av-buildercomment  av-blog-meta-html-info-disabled av-blog-meta-tag-disabled  '><\/div>\n","protected":false},"excerpt":{"rendered":"","protected":false},"author":1,"featured_media":0,"comment_status":"open","ping_status":"open","sticky":false,"template":"","format":"standard","meta":{"footnotes":""},"categories":[35],"tags":[],"class_list":["post-2258","post","type-post","status-publish","format-standard","hentry","category-politica"],"jetpack_featured_media_url":"","_links":{"self":[{"href":"https:\/\/radiorevelacionfm.cl\/index.php?rest_route=\/wp\/v2\/posts\/2258","targetHints":{"allow":["GET"]}}],"collection":[{"href":"https:\/\/radiorevelacionfm.cl\/index.php?rest_route=\/wp\/v2\/posts"}],"about":[{"href":"https:\/\/radiorevelacionfm.cl\/index.php?rest_route=\/wp\/v2\/types\/post"}],"author":[{"embeddable":true,"href":"https:\/\/radiorevelacionfm.cl\/index.php?rest_route=\/wp\/v2\/users\/1"}],"replies":[{"embeddable":true,"href":"https:\/\/radiorevelacionfm.cl\/index.php?rest_route=%2Fwp%2Fv2%2Fcomments&post=2258"}],"version-history":[{"count":1,"href":"https:\/\/radiorevelacionfm.cl\/index.php?rest_route=\/wp\/v2\/posts\/2258\/revisions"}],"predecessor-version":[{"id":2263,"href":"https:\/\/radiorevelacionfm.cl\/index.php?rest_route=\/wp\/v2\/posts\/2258\/revisions\/2263"}],"wp:attachment":[{"href":"https:\/\/radiorevelacionfm.cl\/index.php?rest_route=%2Fwp%2Fv2%2Fmedia&parent=2258"}],"wp:term":[{"taxonomy":"category","embeddable":true,"href":"https:\/\/radiorevelacionfm.cl\/index.php?rest_route=%2Fwp%2Fv2%2Fcategories&post=2258"},{"taxonomy":"post_tag","embeddable":true,"href":"https:\/\/radiorevelacionfm.cl\/index.php?rest_route=%2Fwp%2Fv2%2Ftags&post=2258"}],"curies":[{"name":"wp","href":"https:\/\/api.w.org\/{rel}","templated":true}]}}