{"id":22576,"date":"2022-10-04T10:27:37","date_gmt":"2022-10-04T13:27:37","guid":{"rendered":"https:\/\/radiorevelacionfm.cl\/?p=22576"},"modified":"2022-10-04T10:27:37","modified_gmt":"2022-10-04T13:27:37","slug":"pymes-de-puerto-tranquilo-se-digitalizan-frente-a-temporada-turistica","status":"publish","type":"post","link":"https:\/\/radiorevelacionfm.cl\/?p=22576","title":{"rendered":"Pymes de Puerto Tranquilo se digitalizan frente a temporada tur\u00edstica"},"content":{"rendered":"<div class=\"flex_column av_one_full  flex_column_div av-zero-column-padding first  avia-builder-el-0  el_before_av_one_full  avia-builder-el-first  \" style='border-radius:0px; '><div  class='avia-image-container  av-styling-    avia-builder-el-1  avia-builder-el-no-sibling  avia-align-center '  itemprop=\"image\" itemscope=\"itemscope\" itemtype=\"https:\/\/schema.org\/ImageObject\"  ><div class='avia-image-container-inner'><div class='avia-image-overlay-wrap'><img decoding=\"async\" class='wp-image-22578 avia-img-lazy-loading-not-22578 avia_image' src=\"https:\/\/radiorevelacionfm.cl\/wp-content\/uploads\/2022\/10\/pymes-ptranquilo-1_optimized-1-1.jpg\" alt='' title='pymes-ptranquilo-(1)_optimized (1) (1)' height=\"600\" width=\"1382\"  itemprop=\"thumbnailUrl\" srcset=\"https:\/\/radiorevelacionfm.cl\/wp-content\/uploads\/2022\/10\/pymes-ptranquilo-1_optimized-1-1.jpg 1382w, https:\/\/radiorevelacionfm.cl\/wp-content\/uploads\/2022\/10\/pymes-ptranquilo-1_optimized-1-1-300x130.jpg 300w, https:\/\/radiorevelacionfm.cl\/wp-content\/uploads\/2022\/10\/pymes-ptranquilo-1_optimized-1-1-1030x447.jpg 1030w, https:\/\/radiorevelacionfm.cl\/wp-content\/uploads\/2022\/10\/pymes-ptranquilo-1_optimized-1-1-768x333.jpg 768w, https:\/\/radiorevelacionfm.cl\/wp-content\/uploads\/2022\/10\/pymes-ptranquilo-1_optimized-1-1-705x306.jpg 705w, https:\/\/radiorevelacionfm.cl\/wp-content\/uploads\/2022\/10\/pymes-ptranquilo-1_optimized-1-1-600x260.jpg 600w\" sizes=\"(max-width: 1382px) 100vw, 1382px\" \/><\/div><\/div><\/div><\/div><div class=\"flex_column av_one_full  flex_column_div av-zero-column-padding first  avia-builder-el-2  el_after_av_one_full  el_before_av_one_full  column-top-margin\" style='border-radius:0px; '><section class=\"av_textblock_section \"  itemscope=\"itemscope\" itemtype=\"https:\/\/schema.org\/BlogPosting\" itemprop=\"blogPost\" ><div class='avia_textblock  '   itemprop=\"text\" ><p style=\"text-align: center;\"><span style=\"font-size: 18pt;\"><b>Pymes de Puerto Tranquilo se digitalizan frente a temporada tur\u00edstica<\/b><\/span><\/p>\n<div id=\"gtx-trans\" style=\"position: absolute; left: -50px; top: 4.31534px;\">\n<div class=\"gtx-trans-icon\"><\/div>\n<\/div>\n<\/div><\/section><\/div><div class=\"flex_column av_one_full  flex_column_div av-zero-column-padding first  avia-builder-el-4  el_after_av_one_full  el_before_av_hr  column-top-margin\" style='border-radius:0px; '><section class=\"av_textblock_section \"  itemscope=\"itemscope\" itemtype=\"https:\/\/schema.org\/BlogPosting\" itemprop=\"blogPost\" ><div class='avia_textblock  '   itemprop=\"text\" ><p class=\"v1MsoNormal\" style=\"text-align: justify;\">El que las peque\u00f1as empresas de la regi\u00f3n de Ays\u00e9n logren incorporar las distintas herramientas digitales que se encuentran a disposici\u00f3n, tiene positivos resultados en cuanto al aumento de ventas, nuevos clientes y organizaci\u00f3n interna.<\/p>\n<p class=\"v1MsoNormal\" style=\"text-align: justify;\">De acuerdo con ello, Pymes de Puerto Tranquilo lograron potenciar sus proyectos a trav\u00e9s de software como GoFeels para el caso de Hoster\u00eda Costanera, con el cual los servicios de alojamiento logran operar de manera ordenada y sin gastos adicionales, pues es un software de reservas para recepci\u00f3n, un sitio web, motor de reservas y pasarelas de pagos online.<\/p>\n<p class=\"v1MsoNormal\" style=\"text-align: justify;\">Por su parte el restaurante y cervecer\u00eda Arisca tambi\u00e9n de la localidad de Puerto Tranquilo incorpor\u00f3 dentro de su gesti\u00f3n de trabajo el software FUDO, un gestor administrativo completo adaptable a cualquier tipo de negocio gastron\u00f3mico. Su uso digitaliza el proceso de comandas con men\u00fas online y aplicaciones desarrolladas para camareros y clientes. Esta funci\u00f3n elimina el uso de libretas de papel y minimiza el contacto entre las personas y permite tanto el manejo del restaurante como de la cervecer\u00eda.<\/p>\n<p class=\"v1MsoNormal\" style=\"text-align: justify;\">En este sentido Mat\u00edas Broussaingaray gerente de Fpyme Ays\u00e9n mencion\u00f3 \u00abEs sumamente gratificante poder ver c\u00f3mo las empresas de turismo se est\u00e1n preparando a full para esta temporada, que debiera ser la m\u00e1s cercana a la normalidad despu\u00e9s de mucho tiempo, y que mejor que hacerlo a trav\u00e9s de la digitalizaci\u00f3n. En Baquedano 400 y Fpyme Ays\u00e9n, hemos tratado de acercar la tecnolog\u00eda y digitalizaci\u00f3n a las empresas de todos los sectores, de la manera m\u00e1s simple posible. Queremos dejar m\u00e1s que invitadas a todas las Pymes de la regi\u00f3n que nos contacten para poder apoyarlas con sus procesos de digitalizaci\u00f3n.<\/p>\n<p class=\"v1MsoNormal\" style=\"text-align: justify;\">En tanto el Director de Corfo Ays\u00e9n Humberto Mar\u00edn mencion\u00f3 \u00abLa eficiencia es una caracter\u00edstica que permite el crecimiento de los negocios, que estas unidades productivas hayan incorporado la digitalizaci\u00f3n en sus distintos procesos es un ejemplo de aquello, y por eso esperamos que otras peque\u00f1as y medianas empresas de la regi\u00f3n se incorporen a este programa para ir descubriendo c\u00f3mo potenciar y hacer crecer sus negocios\u00bb.<\/p>\n<div style=\"text-align: justify;\">Si eres pyme en la regi\u00f3n de Ays\u00e9n y quieres comprobar tu nivel de digitalizaci\u00f3n, te invitamos a realizar el diagn\u00f3stico que encontrar\u00e1s en\u00a0<a href=\"http:\/\/www.fpymeaysen.cl\/\" target=\"_blank\" rel=\"noopener noreferrer\">www.fpymeaysen.cl<\/a>, adem\u00e1s visita tambi\u00e9n las redes sociales de Instagram y Facebook: fpyme_aysen donde encontrar\u00e1s informaci\u00f3n \u00fatil para tu emprendimiento junto con talleres para que te desarrolles de mejor manera en el mundo digital.<\/div>\n<\/div><\/section><\/div><div  style='height:50px' class='hr hr-invisible   avia-builder-el-6  el_after_av_one_full  el_before_av_social_share '><span class='hr-inner ' ><span class='hr-inner-style'><\/span><\/span><\/div><\/p>\n<div  class='av-social-sharing-box  avia-builder-el-7  el_after_av_hr  el_before_av_hr  '><div class='av-share-box'><h5 class='av-share-link-description av-no-toc '>Compartir esta noticia<\/h5><ul class='av-share-box-list noLightbox'><li class='av-share-link av-social-link-facebook' ><a target=\"_blank\" aria-label=\"Compartir en Facebook\" href='https:\/\/www.facebook.com\/sharer.php?u=https:\/\/radiorevelacionfm.cl\/?p=22576&#038;t=Pymes%20de%20Puerto%20Tranquilo%20se%20digitalizan%20frente%20a%20temporada%20tur%C3%ADstica' aria-hidden='false' data-av_icon='\ue8f3' data-av_iconfont='entypo-fontello' title='' data-avia-related-tooltip='Compartir en Facebook' rel=\"noopener\"><span class='avia_hidden_link_text'>Compartir en Facebook<\/span><\/a><\/li><li class='av-share-link av-social-link-twitter' ><a target=\"_blank\" aria-label=\"Compartir en Twitter\" href='https:\/\/twitter.com\/share?text=Pymes%20de%20Puerto%20Tranquilo%20se%20digitalizan%20frente%20a%20temporada%20tur%C3%ADstica&#038;url=https:\/\/radiorevelacionfm.cl\/?p=22576' aria-hidden='false' data-av_icon='\ue8f1' data-av_iconfont='entypo-fontello' title='' data-avia-related-tooltip='Compartir en Twitter' rel=\"noopener\"><span class='avia_hidden_link_text'>Compartir en Twitter<\/span><\/a><\/li><li class='av-share-link av-social-link-whatsapp' ><a target=\"_blank\" aria-label=\"Compartir en Whatsapp\" href='https:\/\/api.whatsapp.com\/send?text=https:\/\/radiorevelacionfm.cl\/?p=22576' aria-hidden='false' data-av_icon='\uf232' data-av_iconfont='entypo-fontello' title='' data-avia-related-tooltip='Compartir en Whatsapp' rel=\"noopener\"><span class='avia_hidden_link_text'>Compartir en Whatsapp<\/span><\/a><\/li><li class='av-share-link av-social-link-linkedin' ><a target=\"_blank\" aria-label=\"Compartir en LinkedIn\" href='https:\/\/linkedin.com\/shareArticle?mini=true&#038;title=Pymes%20de%20Puerto%20Tranquilo%20se%20digitalizan%20frente%20a%20temporada%20tur%C3%ADstica&#038;url=https:\/\/radiorevelacionfm.cl\/?p=22576' aria-hidden='false' data-av_icon='\ue8fc' data-av_iconfont='entypo-fontello' title='' data-avia-related-tooltip='Compartir en LinkedIn' rel=\"noopener\"><span class='avia_hidden_link_text'>Compartir en LinkedIn<\/span><\/a><\/li><li class='av-share-link av-social-link-mail' ><a  aria-label=\"Compartir por correo\" href='mailto:?subject=Pymes%20de%20Puerto%20Tranquilo%20se%20digitalizan%20frente%20a%20temporada%20tur%C3%ADstica&#038;body=https:\/\/radiorevelacionfm.cl\/?p=22576' aria-hidden='false' data-av_icon='\ue805' data-av_iconfont='entypo-fontello' title='' data-avia-related-tooltip='Compartir por correo'><span class='avia_hidden_link_text'>Compartir por correo<\/span><\/a><\/li><\/ul><\/div><\/div>\n<div  style='height:50px' class='hr hr-invisible   avia-builder-el-8  el_after_av_social_share  el_before_av_comments_list '><span class='hr-inner ' ><span class='hr-inner-style'><\/span><\/span><\/div>\n<div  class='av-buildercomment  av-blog-meta-html-info-disabled av-blog-meta-tag-disabled  '><\/div>\n","protected":false},"excerpt":{"rendered":"","protected":false},"author":1,"featured_media":22578,"comment_status":"open","ping_status":"open","sticky":false,"template":"","format":"standard","meta":{"footnotes":""},"categories":[54],"tags":[],"class_list":["post-22576","post","type-post","status-publish","format-standard","has-post-thumbnail","hentry","category-turismo"],"jetpack_featured_media_url":"https:\/\/radiorevelacionfm.cl\/wp-content\/uploads\/2022\/10\/pymes-ptranquilo-1_optimized-1-1.jpg","_links":{"self":[{"href":"https:\/\/radiorevelacionfm.cl\/index.php?rest_route=\/wp\/v2\/posts\/22576","targetHints":{"allow":["GET"]}}],"collection":[{"href":"https:\/\/radiorevelacionfm.cl\/index.php?rest_route=\/wp\/v2\/posts"}],"about":[{"href":"https:\/\/radiorevelacionfm.cl\/index.php?rest_route=\/wp\/v2\/types\/post"}],"author":[{"embeddable":true,"href":"https:\/\/radiorevelacionfm.cl\/index.php?rest_route=\/wp\/v2\/users\/1"}],"replies":[{"embeddable":true,"href":"https:\/\/radiorevelacionfm.cl\/index.php?rest_route=%2Fwp%2Fv2%2Fcomments&post=22576"}],"version-history":[{"count":2,"href":"https:\/\/radiorevelacionfm.cl\/index.php?rest_route=\/wp\/v2\/posts\/22576\/revisions"}],"predecessor-version":[{"id":22580,"href":"https:\/\/radiorevelacionfm.cl\/index.php?rest_route=\/wp\/v2\/posts\/22576\/revisions\/22580"}],"wp:featuredmedia":[{"embeddable":true,"href":"https:\/\/radiorevelacionfm.cl\/index.php?rest_route=\/wp\/v2\/media\/22578"}],"wp:attachment":[{"href":"https:\/\/radiorevelacionfm.cl\/index.php?rest_route=%2Fwp%2Fv2%2Fmedia&parent=22576"}],"wp:term":[{"taxonomy":"category","embeddable":true,"href":"https:\/\/radiorevelacionfm.cl\/index.php?rest_route=%2Fwp%2Fv2%2Fcategories&post=22576"},{"taxonomy":"post_tag","embeddable":true,"href":"https:\/\/radiorevelacionfm.cl\/index.php?rest_route=%2Fwp%2Fv2%2Ftags&post=22576"}],"curies":[{"name":"wp","href":"https:\/\/api.w.org\/{rel}","templated":true}]}}