{"id":22571,"date":"2022-10-04T09:38:29","date_gmt":"2022-10-04T12:38:29","guid":{"rendered":"https:\/\/radiorevelacionfm.cl\/?p=22571"},"modified":"2022-10-04T09:38:29","modified_gmt":"2022-10-04T12:38:29","slug":"reconocen-a-equipos-del-sector-salud-que-enfrentan-la-pandemia-en-la-region-de-aysen","status":"publish","type":"post","link":"https:\/\/radiorevelacionfm.cl\/?p=22571","title":{"rendered":"Reconocen a equipos del sector Salud que enfrentan la pandemia en la regi\u00f3n de Ays\u00e9n"},"content":{"rendered":"<div class=\"flex_column av_one_full  flex_column_div av-zero-column-padding first  avia-builder-el-0  el_before_av_one_full  avia-builder-el-first  \" style='border-radius:0px; '><div  class='avia-image-container  av-styling-    avia-builder-el-1  avia-builder-el-no-sibling  avia-align-center '  itemprop=\"image\" itemscope=\"itemscope\" itemtype=\"https:\/\/schema.org\/ImageObject\"  ><div class='avia-image-container-inner'><div class='avia-image-overlay-wrap'><img decoding=\"async\" class='wp-image-22572 avia-img-lazy-loading-not-22572 avia_image' src=\"https:\/\/radiorevelacionfm.cl\/wp-content\/uploads\/2022\/10\/ceremonia-1-1_optimized.jpeg\" alt='' title='ceremonia-1-(1)_optimized' height=\"600\" width=\"971\"  itemprop=\"thumbnailUrl\" srcset=\"https:\/\/radiorevelacionfm.cl\/wp-content\/uploads\/2022\/10\/ceremonia-1-1_optimized.jpeg 971w, https:\/\/radiorevelacionfm.cl\/wp-content\/uploads\/2022\/10\/ceremonia-1-1_optimized-300x185.jpeg 300w, https:\/\/radiorevelacionfm.cl\/wp-content\/uploads\/2022\/10\/ceremonia-1-1_optimized-768x475.jpeg 768w, https:\/\/radiorevelacionfm.cl\/wp-content\/uploads\/2022\/10\/ceremonia-1-1_optimized-705x436.jpeg 705w, https:\/\/radiorevelacionfm.cl\/wp-content\/uploads\/2022\/10\/ceremonia-1-1_optimized-600x371.jpeg 600w\" sizes=\"(max-width: 971px) 100vw, 971px\" \/><\/div><\/div><\/div><\/div><div class=\"flex_column av_one_full  flex_column_div av-zero-column-padding first  avia-builder-el-2  el_after_av_one_full  el_before_av_one_full  column-top-margin\" style='border-radius:0px; '><section class=\"av_textblock_section \"  itemscope=\"itemscope\" itemtype=\"https:\/\/schema.org\/BlogPosting\" itemprop=\"blogPost\" ><div class='avia_textblock  '   itemprop=\"text\" ><p style=\"text-align: center;\"><strong><span style=\"font-size: 18pt;\">Reconocen a equipos del sector Salud que enfrentan la pandemia en la regi\u00f3n de Ays\u00e9n<\/span><\/strong><\/p>\n<div id=\"gtx-trans\" style=\"position: absolute; left: -50px; top: 4.31534px;\">\n<div class=\"gtx-trans-icon\"><\/div>\n<\/div>\n<\/div><\/section><\/div><div class=\"flex_column av_one_full  flex_column_div av-zero-column-padding first  avia-builder-el-4  el_after_av_one_full  el_before_av_hr  column-top-margin\" style='border-radius:0px; '><section class=\"av_textblock_section \"  itemscope=\"itemscope\" itemtype=\"https:\/\/schema.org\/BlogPosting\" itemprop=\"blogPost\" ><div class='avia_textblock  '   itemprop=\"text\" ><p style=\"text-align: justify;\">En el marco de un Gobierno en Terreno con la conmemoraci\u00f3n del D\u00eda del Adulto Mayor, autoridades valoraron el esfuerzo de los equipos de salud durante estos casi tres a\u00f1os de pandemia.<\/p>\n<p style=\"text-align: justify;\">Sonrisas de rostros sin mascarilla fueron las que estuvieron presenten en una sencilla ceremonia en que el sector salud, en el marco del reciente Gobierno en Terreno realizado en la Escuela V\u00edctor Domingo Silva de Coyhaique, destac\u00f3 y reconoci\u00f3 el desempe\u00f1o de los equipos de trabajo del sector que han enfrentado esta pandemia.<\/p>\n<p style=\"text-align: justify;\">Por parte de la Autoridad Sanitaria se distingui\u00f3\u00a0 a todos sus funcionarios y funcionarias, representados por rostros de sus mismos departamentos, unidades y estrategias que han enfrentado esta pandemia. Entre ellos,\u00a0 los Departamentos de Salud P\u00fablica, Apoyo a la Gesti\u00f3n, Administraci\u00f3n y Finanzas, y Acci\u00f3n Sanitaria, adem\u00e1s de las estrategias de Testeo, Trazabilidad y Aislamiento, el equipo de conductores, de vacunaci\u00f3n y epidemiolog\u00eda, cuadrillas sanitarias y residencias sanitarias.<\/p>\n<p style=\"text-align: justify;\">Por su parte, desde el Servicio de Salud Ays\u00e9n se reconoci\u00f3 el trabajo de todos los funcionarios y funcionarias que se desenvuelven en los diferentes hospitales de la regi\u00f3n, los equipos de vacunaci\u00f3n, Testeo, Trazabilidad y Aislamiento, Servicio de Atenci\u00f3n M\u00e9dica de Urgencia, Atenci\u00f3n Primaria y Salud Rural. La idea: Reconocer el trabajo de todos y todas.<\/p>\n<p style=\"text-align: justify;\">\u201cQuisimos conmemorar el trabajo y la entrega de los equipos del sector salud y que llevaron a cabo por m\u00e1s de dos a\u00f1os y medio de pandemia. Nos enfrentamos en un escenario de apertura, y esto, ha sido gracias a todo el compromiso, la entrega, dedicaci\u00f3n de tantas personas que en nuestra regi\u00f3n, desde el sector salud, entregaron muchas horas de trabajo, mucho desgaste f\u00edsico, emocional y tambi\u00e9n agradecer, por supuesto, a aquellas familias de todos aquellos trabajadores que estuvieron dando el sost\u00e9n y esper\u00e1ndolos en sus casas cada vez que ten\u00edan que terminar un turno agobiante\u201d, dijo la Seremi Carmen Monsalve al t\u00e9rmino de esta ceremonia.<\/p>\n<p style=\"text-align: justify;\">Sany Ojeda \u00c1lvarez, Encargada del Programa de Inmunizaciones de la Seremi de Salud y rosto que recibi\u00f3 el reconocimiento a nombre de su equipo,\u00a0 destac\u00f3 el comportamiento de toda la poblaci\u00f3n al acoger las medidas sanitarias que siempre difundi\u00f3 el sector salud, lo que ha permitido la responsabilidad de que hoy enfrentamos esta tan anhelada libertad. \u201cEste es un premio\u00a0 a todos los equipos vacunadores representados en mi persona. Hubo esfuerzos de vacunaci\u00f3n por casi dos a\u00f1os de los equipos que destinaron todo su tiempo vacunando en todos los rincones de la regi\u00f3n. Yo, a trav\u00e9s de este reconocimiento quiero extender y se\u00f1alar que es para todos y todas. El gran compromiso y sacrificio de los equipos para llevar la vacunaci\u00f3n a la comunidad en cada regi\u00f3n es inmenso y destacable.\u201d, finaliz\u00f3 la profesional.<\/p>\n<p style=\"text-align: justify;\">Fase de Apertura<\/p>\n<p style=\"text-align: justify;\">Junto a esta ceremonia el Ministerio de Salud dio el vamos, a partir del pasado 01 de octubre, al escenario de apertura del Plan Paso a Paso Seguimos Cuid\u00e1ndonos que se hizo factible en Chile y la regi\u00f3n gracias al escenario epidemiol\u00f3gico que permite avanzar con contagios que han bajado en un 32,6 % en la \u00faltima semana, con una positividad que se mantiene bajo el 10% durante los \u00faltimos 12 meses.<\/p>\n<p style=\"text-align: justify;\">Entre las nuevas medidas se mantendr\u00e1 el uso obligatorio de mascarillas para consultantes de establecimientos de salud de cualquier tipo, recomendando su uso en personas que cursen s\u00edntomas respiratorios, en visitas a centros de larga estad\u00eda y transporte colectivo, p\u00fablicos y privados.<\/p>\n<p style=\"text-align: justify;\">En lo referente a vacunaci\u00f3n se continuar\u00e1 promoviendo activamente la inoculaci\u00f3n en la poblaci\u00f3n, especialmente en grupos rezagados. Se incorporar\u00e1 al Programa Nacional de Vacunaci\u00f3n, PNI, la nueva vacuna bivalente COVID-19, dirigida a grupos de riesgo, como una estrategia anual.<\/p>\n<p style=\"text-align: justify;\">Respecto al Pase de movilidad este ya no ser\u00e1 exigido, mientras que se eliminan las limitaciones de aforos en espacios abiertos y cerrados, recomend\u00e1ndose mantener en estos \u00faltimos la ventilaci\u00f3n cruzada.<\/p>\n<p style=\"text-align: justify;\">Al momento de testearse se mantienen las capacidades de procesamiento de PCR y disponibilidad de test de ant\u00edgeno en APS de acceso universal y gratuito. Adem\u00e1s, se incrementa el acceso a test de ant\u00edgeno con la estrategia\u00a0 \u00abAnt\u00edgeno en 3 Pasos\u00bb, disponible en farmacias. En lo que respecta a trazabilidad, la identificaci\u00f3n de los contactos de casos diagnosticados ser\u00e1 en establecimientos de salud y el control de brotes se priorizar\u00e1 por la autoridad sanitaria en establecimientos de alto riesgo.<\/p>\n<p style=\"text-align: justify;\">El aislamiento de los casos confirmados\u00a0 por COVID 19 se reducir\u00e1 de 7 a 5 d\u00edas, desde el inicio de s\u00edntomas o desde la toma del test.<\/p>\n<p style=\"text-align: justify;\">Por su parte, en los pasos fronterizos se mantendr\u00e1n las medidas de control del nivel 1 de Alerta 1 asociada al plan. Mas informaci\u00f3n en el plan Paso a Paso Seguimos Cuid\u00e1ndonos disponible en la pagina <a href=\"http:\/\/www.minsal.cl\">www.minsal.cl<\/a><\/p>\n<\/div><\/section><\/div><div  style='height:50px' class='hr hr-invisible   avia-builder-el-6  el_after_av_one_full  el_before_av_social_share '><span class='hr-inner ' ><span class='hr-inner-style'><\/span><\/span><\/div><\/p>\n<div  class='av-social-sharing-box  avia-builder-el-7  el_after_av_hr  el_before_av_hr  '><div class='av-share-box'><h5 class='av-share-link-description av-no-toc '>Compartir esta noticia<\/h5><ul class='av-share-box-list noLightbox'><li class='av-share-link av-social-link-facebook' ><a target=\"_blank\" aria-label=\"Compartir en Facebook\" href='https:\/\/www.facebook.com\/sharer.php?u=https:\/\/radiorevelacionfm.cl\/?p=22571&#038;t=Reconocen%20a%20equipos%20del%20sector%20Salud%20que%20enfrentan%20la%20pandemia%20en%20la%20regi%C3%B3n%20de%20Ays%C3%A9n' aria-hidden='false' data-av_icon='\ue8f3' data-av_iconfont='entypo-fontello' title='' data-avia-related-tooltip='Compartir en Facebook' rel=\"noopener\"><span class='avia_hidden_link_text'>Compartir en Facebook<\/span><\/a><\/li><li class='av-share-link av-social-link-twitter' ><a target=\"_blank\" aria-label=\"Compartir en Twitter\" href='https:\/\/twitter.com\/share?text=Reconocen%20a%20equipos%20del%20sector%20Salud%20que%20enfrentan%20la%20pandemia%20en%20la%20regi%C3%B3n%20de%20Ays%C3%A9n&#038;url=https:\/\/radiorevelacionfm.cl\/?p=22571' aria-hidden='false' data-av_icon='\ue8f1' data-av_iconfont='entypo-fontello' title='' data-avia-related-tooltip='Compartir en Twitter' rel=\"noopener\"><span class='avia_hidden_link_text'>Compartir en Twitter<\/span><\/a><\/li><li class='av-share-link av-social-link-whatsapp' ><a target=\"_blank\" aria-label=\"Compartir en Whatsapp\" href='https:\/\/api.whatsapp.com\/send?text=https:\/\/radiorevelacionfm.cl\/?p=22571' aria-hidden='false' data-av_icon='\uf232' data-av_iconfont='entypo-fontello' title='' data-avia-related-tooltip='Compartir en Whatsapp' rel=\"noopener\"><span class='avia_hidden_link_text'>Compartir en Whatsapp<\/span><\/a><\/li><li class='av-share-link av-social-link-linkedin' ><a target=\"_blank\" aria-label=\"Compartir en LinkedIn\" href='https:\/\/linkedin.com\/shareArticle?mini=true&#038;title=Reconocen%20a%20equipos%20del%20sector%20Salud%20que%20enfrentan%20la%20pandemia%20en%20la%20regi%C3%B3n%20de%20Ays%C3%A9n&#038;url=https:\/\/radiorevelacionfm.cl\/?p=22571' aria-hidden='false' data-av_icon='\ue8fc' data-av_iconfont='entypo-fontello' title='' data-avia-related-tooltip='Compartir en LinkedIn' rel=\"noopener\"><span class='avia_hidden_link_text'>Compartir en LinkedIn<\/span><\/a><\/li><li class='av-share-link av-social-link-mail' ><a  aria-label=\"Compartir por correo\" href='mailto:?subject=Reconocen%20a%20equipos%20del%20sector%20Salud%20que%20enfrentan%20la%20pandemia%20en%20la%20regi%C3%B3n%20de%20Ays%C3%A9n&#038;body=https:\/\/radiorevelacionfm.cl\/?p=22571' aria-hidden='false' data-av_icon='\ue805' data-av_iconfont='entypo-fontello' title='' data-avia-related-tooltip='Compartir por correo'><span class='avia_hidden_link_text'>Compartir por correo<\/span><\/a><\/li><\/ul><\/div><\/div>\n<div  style='height:50px' class='hr hr-invisible   avia-builder-el-8  el_after_av_social_share  el_before_av_comments_list '><span class='hr-inner ' ><span class='hr-inner-style'><\/span><\/span><\/div>\n<div  class='av-buildercomment  av-blog-meta-html-info-disabled av-blog-meta-tag-disabled  '><\/div>\n","protected":false},"excerpt":{"rendered":"","protected":false},"author":1,"featured_media":22572,"comment_status":"open","ping_status":"open","sticky":false,"template":"","format":"standard","meta":{"footnotes":""},"categories":[46],"tags":[],"class_list":["post-22571","post","type-post","status-publish","format-standard","has-post-thumbnail","hentry","category-salud"],"jetpack_featured_media_url":"https:\/\/radiorevelacionfm.cl\/wp-content\/uploads\/2022\/10\/ceremonia-1-1_optimized.jpeg","_links":{"self":[{"href":"https:\/\/radiorevelacionfm.cl\/index.php?rest_route=\/wp\/v2\/posts\/22571","targetHints":{"allow":["GET"]}}],"collection":[{"href":"https:\/\/radiorevelacionfm.cl\/index.php?rest_route=\/wp\/v2\/posts"}],"about":[{"href":"https:\/\/radiorevelacionfm.cl\/index.php?rest_route=\/wp\/v2\/types\/post"}],"author":[{"embeddable":true,"href":"https:\/\/radiorevelacionfm.cl\/index.php?rest_route=\/wp\/v2\/users\/1"}],"replies":[{"embeddable":true,"href":"https:\/\/radiorevelacionfm.cl\/index.php?rest_route=%2Fwp%2Fv2%2Fcomments&post=22571"}],"version-history":[{"count":2,"href":"https:\/\/radiorevelacionfm.cl\/index.php?rest_route=\/wp\/v2\/posts\/22571\/revisions"}],"predecessor-version":[{"id":22575,"href":"https:\/\/radiorevelacionfm.cl\/index.php?rest_route=\/wp\/v2\/posts\/22571\/revisions\/22575"}],"wp:featuredmedia":[{"embeddable":true,"href":"https:\/\/radiorevelacionfm.cl\/index.php?rest_route=\/wp\/v2\/media\/22572"}],"wp:attachment":[{"href":"https:\/\/radiorevelacionfm.cl\/index.php?rest_route=%2Fwp%2Fv2%2Fmedia&parent=22571"}],"wp:term":[{"taxonomy":"category","embeddable":true,"href":"https:\/\/radiorevelacionfm.cl\/index.php?rest_route=%2Fwp%2Fv2%2Fcategories&post=22571"},{"taxonomy":"post_tag","embeddable":true,"href":"https:\/\/radiorevelacionfm.cl\/index.php?rest_route=%2Fwp%2Fv2%2Ftags&post=22571"}],"curies":[{"name":"wp","href":"https:\/\/api.w.org\/{rel}","templated":true}]}}