{"id":22567,"date":"2022-10-03T18:40:09","date_gmt":"2022-10-03T21:40:09","guid":{"rendered":"https:\/\/radiorevelacionfm.cl\/?p=22567"},"modified":"2022-10-03T18:40:09","modified_gmt":"2022-10-03T21:40:09","slug":"seremi-de-educacion-acompano-primer-dia-de-clases-de-la-escuela-san-jose-obrero-con-medidas-de-apertura-sanitaria","status":"publish","type":"post","link":"https:\/\/radiorevelacionfm.cl\/?p=22567","title":{"rendered":"Seremi de Educaci\u00f3n acompa\u00f1\u00f3 primer d\u00eda de clases de la Escuela San Jos\u00e9 Obrero con medidas de apertura sanitaria"},"content":{"rendered":"<div class=\"flex_column av_one_full  flex_column_div av-zero-column-padding first  avia-builder-el-0  el_before_av_one_full  avia-builder-el-first  \" style='border-radius:0px; '><div  class='avia-image-container  av-styling-    avia-builder-el-1  avia-builder-el-no-sibling  avia-align-center '  itemprop=\"image\" itemscope=\"itemscope\" itemtype=\"https:\/\/schema.org\/ImageObject\"  ><div class='avia-image-container-inner'><div class='avia-image-overlay-wrap'><img decoding=\"async\" class='wp-image-22568 avia-img-lazy-loading-not-22568 avia_image' src=\"https:\/\/radiorevelacionfm.cl\/wp-content\/uploads\/2022\/10\/mascarilla3-1_optimized-1.jpeg\" alt='' title='mascarilla3-(1)_optimized (1)' height=\"600\" width=\"1099\"  itemprop=\"thumbnailUrl\" srcset=\"https:\/\/radiorevelacionfm.cl\/wp-content\/uploads\/2022\/10\/mascarilla3-1_optimized-1.jpeg 1099w, https:\/\/radiorevelacionfm.cl\/wp-content\/uploads\/2022\/10\/mascarilla3-1_optimized-1-300x164.jpeg 300w, https:\/\/radiorevelacionfm.cl\/wp-content\/uploads\/2022\/10\/mascarilla3-1_optimized-1-1030x562.jpeg 1030w, https:\/\/radiorevelacionfm.cl\/wp-content\/uploads\/2022\/10\/mascarilla3-1_optimized-1-768x419.jpeg 768w, https:\/\/radiorevelacionfm.cl\/wp-content\/uploads\/2022\/10\/mascarilla3-1_optimized-1-705x385.jpeg 705w, https:\/\/radiorevelacionfm.cl\/wp-content\/uploads\/2022\/10\/mascarilla3-1_optimized-1-600x328.jpeg 600w\" sizes=\"(max-width: 1099px) 100vw, 1099px\" \/><\/div><\/div><\/div><\/div><div class=\"flex_column av_one_full  flex_column_div av-zero-column-padding first  avia-builder-el-2  el_after_av_one_full  el_before_av_one_full  column-top-margin\" style='border-radius:0px; '><section class=\"av_textblock_section \"  itemscope=\"itemscope\" itemtype=\"https:\/\/schema.org\/BlogPosting\" itemprop=\"blogPost\" ><div class='avia_textblock  '   itemprop=\"text\" ><p style=\"text-align: center;\"><span style=\"font-size: 18pt;\"><b>Seremi de Educaci\u00f3n acompa\u00f1\u00f3 primer d\u00eda de clases de la Escuela San Jos\u00e9 Obrero con medidas de apertura sanitaria<\/b><\/span><\/p>\n<div id=\"gtx-trans\" style=\"position: absolute; left: -50px; top: 4.31534px;\">\n<div class=\"gtx-trans-icon\"><\/div>\n<\/div>\n<\/div><\/section><\/div><div class=\"flex_column av_one_full  flex_column_div av-zero-column-padding first  avia-builder-el-4  el_after_av_one_full  el_before_av_hr  column-top-margin\" style='border-radius:0px; '><section class=\"av_textblock_section \"  itemscope=\"itemscope\" itemtype=\"https:\/\/schema.org\/BlogPosting\" itemprop=\"blogPost\" ><div class='avia_textblock  '   itemprop=\"text\" ><p class=\"v1MsoNormal\" style=\"text-align: justify;\">La Seremi de Educaci\u00f3n de Ays\u00e9n Isabel Garrido Casassa concurri\u00f3 hoy a primera hora a la Escuela San Jos\u00e9 Obrero de <a href=\"https:\/\/www.facebook.com\/hashtag\/coyhaique?__eep__=6&amp;__cft__%5b0%5d=AZXExeX2-Ie2GCcC6oeKn9EI_AgaahdYN_Fl-jB1tyQmUz3LzRqLpLF4HfkZzA7B1xVlReDkK6Qa4kQUu6yNSHi8OkdMfrgIaL7Np4oQ_UJPtH7SWU6iYMm4gOwbxpixAwIVlvA2TkcqnFRwl-V2IAF0bODCqzk1JCCFQ52o55Vjdw&amp;__tn__=*NK-R\" target=\"_blank\" rel=\"noopener noreferrer\">Coyhaique<\/a> para acompa\u00f1ar a alumnas\/os y profesores\/as en el primer d\u00eda de clases con las medidas de apertura sanitaria.<\/p>\n<p class=\"v1MsoNormal\" style=\"text-align: justify;\">Estas son el uso de mascarilla voluntario (incluido transporte escolar), eliminaci\u00f3n de aforos en salas de clases, y nuevo protocolo en caso de brotes. Adem\u00e1s, todas las actividades se seguir\u00e1n realizando de manera presencial y la asistencia ser\u00e1 obligatoria.<\/p>\n<p class=\"v1MsoNormal\" style=\"text-align: justify;\">Al respecto, Isabel Garrido se\u00f1al\u00f3. \u201cEste es un buen d\u00eda para nuestras comunidades educativas ya que a contar de hoy el uso de las mascarillas en salas de clases y espacios escolares es voluntario; es decir no se puede obligar a las y los estudiantes a usarlas y quien quiera seguir utilizando la mascarilla puede hacerlo. Tambi\u00e9n cambia el protocolos y definiciones respecto a la ocurrencia de brotes y la aplicaci\u00f3n de cuarentenas y se eliminan los aforos. Estas medidas tienen como objetivo favorecer la presencialidad y es posible adoptarlas por las buenas cifras de la pandemia como lo ha consignado el Ministerio de Salud, Como educadores sabemos que con ellas se facilita el proceso de aprendizaje, ya que este se produce con la interacci\u00f3n profesor estudiante y tambi\u00e9n es la presencialidad la que nos ayuda a desarrollar una buena convivencia escolar. La experiencia escolar es irremplazable\u201d.<\/p>\n<p class=\"v1MsoNormal\" style=\"text-align: justify;\"><span lang=\"ES\">En esa misma l\u00ednea, el Director de la Escuela San Jos\u00e9 Obrero Sergio Becerra Rivera manifest\u00f3 que \u201cEste es un d\u00eda importante para nuestro colegio porque el no uso de la mascarilla facilita el proceso de aprendizaje primero porque nos vemos las caras, vemos emociones y porque el proceso de comunicaci\u00f3n es m\u00e1s efectivo. Los docentes no desgastar\u00e1n tanto su voz y escuchar\u00e1n muy bien a sus estudiantes ya que el uso de mascarilla entorpec\u00eda esa escucha. No dejaremos de cuidarnos y ante cualquier s\u00edntoma de resfr\u00edo, rinitis o alergias se recomendar\u00e1 al estudiante usar este elemento. Consideramos que hoy es un hito positivo para nuestro proceso educativo que facilitar\u00e1 mucho el proceso de ense\u00f1anza aprendizaje\u201d.<\/span><\/p>\n<p class=\"v1MsoNormal\" style=\"text-align: justify;\"><span lang=\"ES\">Lorena Mancilla Educadora Diferencial del establecimiento expres\u00f3. \u201cEste es un momento de felicidad y hay sentimientos encontrados. Llevamos m\u00e1s de dos a\u00f1os usando la mascarilla para cuidarnos y hoy podemos elegir usarla o no. Tambi\u00e9n hay que ser muy respetuoso con los tiempos de cada una de las personas, de nuestros estudiantes para que vivan este proceso de apertura al ritmo que sea saludable para ellos no solo f\u00edsicamente sino tambi\u00e9n en el plano emocional. Con esta apertura y dejar de usar la mascarilla dentro del aula se nos facilitar\u00e1 much\u00edsimo la labor, ya que nos podremos comunicar y expresar con mayor libertad. La comprensi\u00f3n no solo pasa por lo verbal sino tambi\u00e9n por lo gestual por lo que creo que esto ir\u00e1 en beneficio de nuestros estudiantes\u201d.<\/span><\/p>\n<\/div><\/section><\/div><div  style='height:50px' class='hr hr-invisible   avia-builder-el-6  el_after_av_one_full  el_before_av_social_share '><span class='hr-inner ' ><span class='hr-inner-style'><\/span><\/span><\/div><\/p>\n<div  class='av-social-sharing-box  avia-builder-el-7  el_after_av_hr  el_before_av_hr  '><div class='av-share-box'><h5 class='av-share-link-description av-no-toc '>Compartir esta noticia<\/h5><ul class='av-share-box-list noLightbox'><li class='av-share-link av-social-link-facebook' ><a target=\"_blank\" aria-label=\"Compartir en Facebook\" href='https:\/\/www.facebook.com\/sharer.php?u=https:\/\/radiorevelacionfm.cl\/?p=22567&#038;t=Seremi%20de%20Educaci%C3%B3n%20acompa%C3%B1%C3%B3%20primer%20d%C3%ADa%20de%20clases%20de%20la%20Escuela%20San%20Jos%C3%A9%20Obrero%20con%20medidas%20de%20apertura%20sanitaria' aria-hidden='false' data-av_icon='\ue8f3' data-av_iconfont='entypo-fontello' title='' data-avia-related-tooltip='Compartir en Facebook' rel=\"noopener\"><span class='avia_hidden_link_text'>Compartir en Facebook<\/span><\/a><\/li><li class='av-share-link av-social-link-twitter' ><a target=\"_blank\" aria-label=\"Compartir en Twitter\" href='https:\/\/twitter.com\/share?text=Seremi%20de%20Educaci%C3%B3n%20acompa%C3%B1%C3%B3%20primer%20d%C3%ADa%20de%20clases%20de%20la%20Escuela%20San%20Jos%C3%A9%20Obrero%20con%20medidas%20de%20apertura%20sanitaria&#038;url=https:\/\/radiorevelacionfm.cl\/?p=22567' aria-hidden='false' data-av_icon='\ue8f1' data-av_iconfont='entypo-fontello' title='' data-avia-related-tooltip='Compartir en Twitter' rel=\"noopener\"><span class='avia_hidden_link_text'>Compartir en Twitter<\/span><\/a><\/li><li class='av-share-link av-social-link-whatsapp' ><a target=\"_blank\" aria-label=\"Compartir en Whatsapp\" href='https:\/\/api.whatsapp.com\/send?text=https:\/\/radiorevelacionfm.cl\/?p=22567' aria-hidden='false' data-av_icon='\uf232' data-av_iconfont='entypo-fontello' title='' data-avia-related-tooltip='Compartir en Whatsapp' rel=\"noopener\"><span class='avia_hidden_link_text'>Compartir en Whatsapp<\/span><\/a><\/li><li class='av-share-link av-social-link-linkedin' ><a target=\"_blank\" aria-label=\"Compartir en LinkedIn\" href='https:\/\/linkedin.com\/shareArticle?mini=true&#038;title=Seremi%20de%20Educaci%C3%B3n%20acompa%C3%B1%C3%B3%20primer%20d%C3%ADa%20de%20clases%20de%20la%20Escuela%20San%20Jos%C3%A9%20Obrero%20con%20medidas%20de%20apertura%20sanitaria&#038;url=https:\/\/radiorevelacionfm.cl\/?p=22567' aria-hidden='false' data-av_icon='\ue8fc' data-av_iconfont='entypo-fontello' title='' data-avia-related-tooltip='Compartir en LinkedIn' rel=\"noopener\"><span class='avia_hidden_link_text'>Compartir en LinkedIn<\/span><\/a><\/li><li class='av-share-link av-social-link-mail' ><a  aria-label=\"Compartir por correo\" href='mailto:?subject=Seremi%20de%20Educaci%C3%B3n%20acompa%C3%B1%C3%B3%20primer%20d%C3%ADa%20de%20clases%20de%20la%20Escuela%20San%20Jos%C3%A9%20Obrero%20con%20medidas%20de%20apertura%20sanitaria&#038;body=https:\/\/radiorevelacionfm.cl\/?p=22567' aria-hidden='false' data-av_icon='\ue805' data-av_iconfont='entypo-fontello' title='' data-avia-related-tooltip='Compartir por correo'><span class='avia_hidden_link_text'>Compartir por correo<\/span><\/a><\/li><\/ul><\/div><\/div>\n<div  style='height:50px' class='hr hr-invisible   avia-builder-el-8  el_after_av_social_share  el_before_av_comments_list '><span class='hr-inner ' ><span class='hr-inner-style'><\/span><\/span><\/div>\n<div  class='av-buildercomment  av-blog-meta-html-info-disabled av-blog-meta-tag-disabled  '><\/div>\n","protected":false},"excerpt":{"rendered":"","protected":false},"author":1,"featured_media":22568,"comment_status":"open","ping_status":"open","sticky":false,"template":"","format":"standard","meta":{"footnotes":""},"categories":[49],"tags":[],"class_list":["post-22567","post","type-post","status-publish","format-standard","has-post-thumbnail","hentry","category-educacion"],"jetpack_featured_media_url":"https:\/\/radiorevelacionfm.cl\/wp-content\/uploads\/2022\/10\/mascarilla3-1_optimized-1.jpeg","_links":{"self":[{"href":"https:\/\/radiorevelacionfm.cl\/index.php?rest_route=\/wp\/v2\/posts\/22567","targetHints":{"allow":["GET"]}}],"collection":[{"href":"https:\/\/radiorevelacionfm.cl\/index.php?rest_route=\/wp\/v2\/posts"}],"about":[{"href":"https:\/\/radiorevelacionfm.cl\/index.php?rest_route=\/wp\/v2\/types\/post"}],"author":[{"embeddable":true,"href":"https:\/\/radiorevelacionfm.cl\/index.php?rest_route=\/wp\/v2\/users\/1"}],"replies":[{"embeddable":true,"href":"https:\/\/radiorevelacionfm.cl\/index.php?rest_route=%2Fwp%2Fv2%2Fcomments&post=22567"}],"version-history":[{"count":2,"href":"https:\/\/radiorevelacionfm.cl\/index.php?rest_route=\/wp\/v2\/posts\/22567\/revisions"}],"predecessor-version":[{"id":22570,"href":"https:\/\/radiorevelacionfm.cl\/index.php?rest_route=\/wp\/v2\/posts\/22567\/revisions\/22570"}],"wp:featuredmedia":[{"embeddable":true,"href":"https:\/\/radiorevelacionfm.cl\/index.php?rest_route=\/wp\/v2\/media\/22568"}],"wp:attachment":[{"href":"https:\/\/radiorevelacionfm.cl\/index.php?rest_route=%2Fwp%2Fv2%2Fmedia&parent=22567"}],"wp:term":[{"taxonomy":"category","embeddable":true,"href":"https:\/\/radiorevelacionfm.cl\/index.php?rest_route=%2Fwp%2Fv2%2Fcategories&post=22567"},{"taxonomy":"post_tag","embeddable":true,"href":"https:\/\/radiorevelacionfm.cl\/index.php?rest_route=%2Fwp%2Fv2%2Ftags&post=22567"}],"curies":[{"name":"wp","href":"https:\/\/api.w.org\/{rel}","templated":true}]}}