{"id":22563,"date":"2022-10-03T17:19:40","date_gmt":"2022-10-03T20:19:40","guid":{"rendered":"https:\/\/radiorevelacionfm.cl\/?p=22563"},"modified":"2022-10-03T17:19:40","modified_gmt":"2022-10-03T20:19:40","slug":"dia-de-la-musica-y-los-musicos-rapera-coyhaiquina-estara-en-concierto-ciudadano-en-los-balcones-de-la-moneda","status":"publish","type":"post","link":"https:\/\/radiorevelacionfm.cl\/?p=22563","title":{"rendered":"D\u00eda de la M\u00fasica y los M\u00fasicos: Rapera Coyhaiquina estar\u00e1 en concierto ciudadano en los balcones de La Moneda"},"content":{"rendered":"<div class=\"flex_column av_one_full  flex_column_div av-zero-column-padding first  avia-builder-el-0  el_before_av_one_full  avia-builder-el-first  \" style='border-radius:0px; '><div  class='avia-image-container  av-styling-    avia-builder-el-1  avia-builder-el-no-sibling  avia-align-center '  itemprop=\"image\" itemscope=\"itemscope\" itemtype=\"https:\/\/schema.org\/ImageObject\"  ><div class='avia-image-container-inner'><div class='avia-image-overlay-wrap'><img decoding=\"async\" class='wp-image-22564 avia-img-lazy-loading-not-22564 avia_image' src=\"https:\/\/radiorevelacionfm.cl\/wp-content\/uploads\/2022\/10\/image-99-1.jpg\" alt='' title='image (99) (1)' height=\"600\" width=\"743\"  itemprop=\"thumbnailUrl\" srcset=\"https:\/\/radiorevelacionfm.cl\/wp-content\/uploads\/2022\/10\/image-99-1.jpg 743w, https:\/\/radiorevelacionfm.cl\/wp-content\/uploads\/2022\/10\/image-99-1-300x242.jpg 300w, https:\/\/radiorevelacionfm.cl\/wp-content\/uploads\/2022\/10\/image-99-1-495x400.jpg 495w, https:\/\/radiorevelacionfm.cl\/wp-content\/uploads\/2022\/10\/image-99-1-705x569.jpg 705w, https:\/\/radiorevelacionfm.cl\/wp-content\/uploads\/2022\/10\/image-99-1-600x485.jpg 600w\" sizes=\"(max-width: 743px) 100vw, 743px\" \/><\/div><\/div><\/div><\/div><div class=\"flex_column av_one_full  flex_column_div av-zero-column-padding first  avia-builder-el-2  el_after_av_one_full  el_before_av_one_full  column-top-margin\" style='border-radius:0px; '><section class=\"av_textblock_section \"  itemscope=\"itemscope\" itemtype=\"https:\/\/schema.org\/BlogPosting\" itemprop=\"blogPost\" ><div class='avia_textblock  '   itemprop=\"text\" ><p style=\"text-align: center;\"><strong><span style=\"font-size: 18pt;\">D\u00eda de la M\u00fasica y los M\u00fasicos: Rapera Coyhaiquina estar\u00e1 en concierto ciudadano en los balcones de La Moneda<\/span><\/strong><\/p>\n<div id=\"gtx-trans\" style=\"position: absolute; left: -50px; top: 4.31534px;\">\n<div class=\"gtx-trans-icon\"><\/div>\n<\/div>\n<\/div><\/section><\/div><div class=\"flex_column av_one_full  flex_column_div av-zero-column-padding first  avia-builder-el-4  el_after_av_one_full  el_before_av_hr  column-top-margin\" style='border-radius:0px; '><section class=\"av_textblock_section \"  itemscope=\"itemscope\" itemtype=\"https:\/\/schema.org\/BlogPosting\" itemprop=\"blogPost\" ><div class='avia_textblock  '   itemprop=\"text\" ><p class=\"v1x_MsoNormal v1ContentPasted0\" style=\"text-align: justify;\">Quienes transiten el pr\u00f3ximo 4 de octubre por la Plaza de la Constituci\u00f3n, desde las 18.00 horas, se encontrar\u00e1n con una sorpresa musical desde la altura: podr\u00e1n disfrutar de la presentaci\u00f3n de Princesa Alba junto a otras y otros artistas nacionales, nada menos que desde los balcones de La Moneda. Se trata de la celebraci\u00f3n del D\u00eda de la M\u00fasica y los M\u00fasicos Chilenos, organizada por el Ministerio de las Culturas, las Artes y el Patrimonio -junto al Consejo de Fomento de la M\u00fasica Nacional-, que conmemora el natalicio 105 de la imprescindible cantautora nacional, Violeta Parra.<\/p>\n<p class=\"v1x_MsoNormal v1ContentPasted0\" style=\"text-align: justify;\">La actividad central contar\u00e1 con la Orquesta Sinf\u00f3nica Estudiantil Metropolitana (OSEM) y Coro FOJI, que se presentar\u00e1n en el frontis del Palacio de La Moneda. M\u00e1s tarde, desde los balcones estar\u00e1n -adem\u00e1s de la int\u00e9rprete de \u00abConv\u00e9ncete\u00bb y telonera de los recientes conciertos de Coldplay en Chile- Pancho Sazo, Fran Straube, Magdalena Matthey, la int\u00e9rprete de m\u00fasica tradicional huilliche, Neddiel Mu\u00f1oz, desde la Regi\u00f3n de Los Lagos; la rapera mapuche de 15 a\u00f1os, Catezi, directo de la Regi\u00f3n de Ays\u00e9n); Miguel \u00c1ngel Pellao, el tenor pehuenche; Vicente Cifuentes; y la folklorista Mar\u00eda Esther Zamora.<\/p>\n<p class=\"v1x_MsoNormal v1ContentPasted0\" style=\"text-align: justify;\">\u00abEste a\u00f1o, y en el d\u00eda del natalicio de Violeta Parra, nos volvemos a reencontrar f\u00edsicamente para celebrar a los m\u00fasicos y m\u00fasicas chilenas como lo est\u00e1bamos esperando hace mucho tiempo. La m\u00fasica se celebra porque es para todos y todas, es democr\u00e1tica, tiene todos los colores, culturas, despierta todo tipo de emociones y es propia en cada una de nosotras y nosotros\u00bb dice la ministra de las Culturas, Julieta Brodsky Hern\u00e1ndez.<\/p>\n<p class=\"v1x_MsoNormal v1ContentPasted0\" style=\"text-align: justify;\">La secretaria de Estado agrega adem\u00e1s que \u00abrepensar c\u00f3mo potenciarla es la responsabilidad que tenemos hoy como ministerio y queremos ir avanzando no s\u00f3lo para que la m\u00fasica se difunda, sino para que pueda ser parte de nuestras vidas desde la ra\u00edz, en cada esquina en cada espacio. Aprovechemos esta ocasi\u00f3n en que podemos mirarnos las sonrisas y elevar la voz en un canto com\u00fan. Por la m\u00fasica chilena, &#8216;en este d\u00eda habr\u00eda que embanderar desde Arica a Magallanes con banderas color\u00e1s! \u00a1que viva cien a\u00f1os m\u00e1s!&#8217; Y m\u00e1s.\u00bb.<\/p>\n<p class=\"v1x_MsoNormal v1ContentPasted0\" style=\"text-align: justify;\">Toda la ciudadan\u00eda est\u00e1 llamada adem\u00e1s a unirse a la celebraci\u00f3n saliendo a sus propios balcones o ventanas a cantar sus canciones favoritas y grabarse, para luego subir una historia o un reel de m\u00e1ximo 60 segundos a Instagram usando el hashtag #M\u00fasicasEnLosBalcones y etiquetando a @Culturas_cl.<\/p>\n<p class=\"v1x_MsoNormal v1ContentPasted0\" style=\"text-align: justify;\">Todas las actividades programadas a lo largo del pa\u00eds est\u00e1n disponibles en la plataforma Elige Cultura (eligecultura.cl). El concierto en los balcones ser\u00e1 transmitido a trav\u00e9s de Facebook live del Ministerio de las Culturas.<\/p>\n<p class=\"v1x_MsoNormal v1ContentPasted0\" style=\"text-align: justify;\"><b class=\"v1ContentPasted0\">EN REGIONES<\/b><\/p>\n<p class=\"v1x_MsoNormal v1ContentPasted0\" style=\"text-align: justify;\">La celebraci\u00f3n ser\u00e1 a lo largo de todo el pa\u00eds. En Tarapac\u00e1, la celebraci\u00f3n el 4 de octubre ser\u00e1 en la Plaza 21 de mayo y estar\u00e1 a cargo de Los Tres, adem\u00e1s de m\u00fasicos locales. En la Regi\u00f3n de Valpara\u00edso, parte de las celebraciones se trasladan al fin de semana del 14, 15 y 16 de octubre, con el Encuentro de Orquestas Latinoamericanas en el Teatro Municipal de Putaendo.<\/p>\n<p class=\"v1x_MsoNormal v1ContentPasted0\" style=\"text-align: justify;\">El viernes 7 de octubre, el Teatro Regional del Maule ser\u00e1 escenario de una gala regional de m\u00fasica que integrar\u00e1 a bandas y solistas de distintas comunas de la regi\u00f3n, acompa\u00f1ados por la Orquesta Cl\u00e1sica del Maule. Entre los m\u00fasicos se cuenta Gumercindo \u00abChilo\u00bb Or\u00f3stica (Talca), Cristian L\u00f3pez (Romeral), Guillermo PAF (Pencahue), Sebasti\u00e1n Verdugo (Molina) y Franz Tronauta (Curic\u00f3). La cita es desde las 18.30 horas.<\/p>\n<p class=\"v1x_MsoNormal v1ContentPasted0\" style=\"text-align: justify;\">Para relevar a la primera mujer mapuche en obtener el<span class=\"v1ContentPasted0\">\u00a0<\/span><span class=\"v1ContentPasted0\">Premio Nacional de Artes Musicales, el martes 4, a las 11.00 horas, se realizar\u00e1 en el Centro Cultural de Padre las Casas (La Araucan\u00eda) un homenaje a la \u00fclkantufe\/ cantautora mapuche Elisa Avenda\u00f1o.\u00a0<\/span>En la Regi\u00f3n de Ays\u00e9n, la celebraci\u00f3n se extiende hasta fines de noviembre con presentaciones en vivo de artistas de la zona en las municipalidades de Cochrane, Chile Chico, OHiggins, Guaitecas y Ays\u00e9n.<\/p>\n<\/div><\/section><\/div><div  style='height:50px' class='hr hr-invisible   avia-builder-el-6  el_after_av_one_full  el_before_av_social_share '><span class='hr-inner ' ><span class='hr-inner-style'><\/span><\/span><\/div><\/p>\n<div  class='av-social-sharing-box  avia-builder-el-7  el_after_av_hr  el_before_av_hr  '><div class='av-share-box'><h5 class='av-share-link-description av-no-toc '>Compartir esta noticia<\/h5><ul class='av-share-box-list noLightbox'><li class='av-share-link av-social-link-facebook' ><a target=\"_blank\" aria-label=\"Compartir en Facebook\" href='https:\/\/www.facebook.com\/sharer.php?u=https:\/\/radiorevelacionfm.cl\/?p=22563&#038;t=D%C3%ADa%20de%20la%20M%C3%BAsica%20y%20los%20M%C3%BAsicos%3A%20Rapera%20Coyhaiquina%20estar%C3%A1%20en%20concierto%20ciudadano%20en%20los%20balcones%20de%20La%20Moneda' aria-hidden='false' data-av_icon='\ue8f3' data-av_iconfont='entypo-fontello' title='' data-avia-related-tooltip='Compartir en Facebook' rel=\"noopener\"><span class='avia_hidden_link_text'>Compartir en Facebook<\/span><\/a><\/li><li class='av-share-link av-social-link-twitter' ><a target=\"_blank\" aria-label=\"Compartir en Twitter\" href='https:\/\/twitter.com\/share?text=D%C3%ADa%20de%20la%20M%C3%BAsica%20y%20los%20M%C3%BAsicos%3A%20Rapera%20Coyhaiquina%20estar%C3%A1%20en%20concierto%20ciudadano%20en%20los%20balcones%20de%20La%20Moneda&#038;url=https:\/\/radiorevelacionfm.cl\/?p=22563' aria-hidden='false' data-av_icon='\ue8f1' data-av_iconfont='entypo-fontello' title='' data-avia-related-tooltip='Compartir en Twitter' rel=\"noopener\"><span class='avia_hidden_link_text'>Compartir en Twitter<\/span><\/a><\/li><li class='av-share-link av-social-link-whatsapp' ><a target=\"_blank\" aria-label=\"Compartir en Whatsapp\" href='https:\/\/api.whatsapp.com\/send?text=https:\/\/radiorevelacionfm.cl\/?p=22563' aria-hidden='false' data-av_icon='\uf232' data-av_iconfont='entypo-fontello' title='' data-avia-related-tooltip='Compartir en Whatsapp' rel=\"noopener\"><span class='avia_hidden_link_text'>Compartir en Whatsapp<\/span><\/a><\/li><li class='av-share-link av-social-link-linkedin' ><a target=\"_blank\" aria-label=\"Compartir en LinkedIn\" href='https:\/\/linkedin.com\/shareArticle?mini=true&#038;title=D%C3%ADa%20de%20la%20M%C3%BAsica%20y%20los%20M%C3%BAsicos%3A%20Rapera%20Coyhaiquina%20estar%C3%A1%20en%20concierto%20ciudadano%20en%20los%20balcones%20de%20La%20Moneda&#038;url=https:\/\/radiorevelacionfm.cl\/?p=22563' aria-hidden='false' data-av_icon='\ue8fc' data-av_iconfont='entypo-fontello' title='' data-avia-related-tooltip='Compartir en LinkedIn' rel=\"noopener\"><span class='avia_hidden_link_text'>Compartir en LinkedIn<\/span><\/a><\/li><li class='av-share-link av-social-link-mail' ><a  aria-label=\"Compartir por correo\" href='mailto:?subject=D%C3%ADa%20de%20la%20M%C3%BAsica%20y%20los%20M%C3%BAsicos%3A%20Rapera%20Coyhaiquina%20estar%C3%A1%20en%20concierto%20ciudadano%20en%20los%20balcones%20de%20La%20Moneda&#038;body=https:\/\/radiorevelacionfm.cl\/?p=22563' aria-hidden='false' data-av_icon='\ue805' data-av_iconfont='entypo-fontello' title='' data-avia-related-tooltip='Compartir por correo'><span class='avia_hidden_link_text'>Compartir por correo<\/span><\/a><\/li><\/ul><\/div><\/div>\n<div  style='height:50px' class='hr hr-invisible   avia-builder-el-8  el_after_av_social_share  el_before_av_comments_list '><span class='hr-inner ' ><span class='hr-inner-style'><\/span><\/span><\/div>\n<div  class='av-buildercomment  av-blog-meta-html-info-disabled av-blog-meta-tag-disabled  '><\/div>\n","protected":false},"excerpt":{"rendered":"","protected":false},"author":1,"featured_media":22564,"comment_status":"open","ping_status":"open","sticky":false,"template":"","format":"standard","meta":{"footnotes":""},"categories":[52],"tags":[],"class_list":["post-22563","post","type-post","status-publish","format-standard","has-post-thumbnail","hentry","category-cultura"],"jetpack_featured_media_url":"https:\/\/radiorevelacionfm.cl\/wp-content\/uploads\/2022\/10\/image-99-1.jpg","_links":{"self":[{"href":"https:\/\/radiorevelacionfm.cl\/index.php?rest_route=\/wp\/v2\/posts\/22563","targetHints":{"allow":["GET"]}}],"collection":[{"href":"https:\/\/radiorevelacionfm.cl\/index.php?rest_route=\/wp\/v2\/posts"}],"about":[{"href":"https:\/\/radiorevelacionfm.cl\/index.php?rest_route=\/wp\/v2\/types\/post"}],"author":[{"embeddable":true,"href":"https:\/\/radiorevelacionfm.cl\/index.php?rest_route=\/wp\/v2\/users\/1"}],"replies":[{"embeddable":true,"href":"https:\/\/radiorevelacionfm.cl\/index.php?rest_route=%2Fwp%2Fv2%2Fcomments&post=22563"}],"version-history":[{"count":2,"href":"https:\/\/radiorevelacionfm.cl\/index.php?rest_route=\/wp\/v2\/posts\/22563\/revisions"}],"predecessor-version":[{"id":22566,"href":"https:\/\/radiorevelacionfm.cl\/index.php?rest_route=\/wp\/v2\/posts\/22563\/revisions\/22566"}],"wp:featuredmedia":[{"embeddable":true,"href":"https:\/\/radiorevelacionfm.cl\/index.php?rest_route=\/wp\/v2\/media\/22564"}],"wp:attachment":[{"href":"https:\/\/radiorevelacionfm.cl\/index.php?rest_route=%2Fwp%2Fv2%2Fmedia&parent=22563"}],"wp:term":[{"taxonomy":"category","embeddable":true,"href":"https:\/\/radiorevelacionfm.cl\/index.php?rest_route=%2Fwp%2Fv2%2Fcategories&post=22563"},{"taxonomy":"post_tag","embeddable":true,"href":"https:\/\/radiorevelacionfm.cl\/index.php?rest_route=%2Fwp%2Fv2%2Ftags&post=22563"}],"curies":[{"name":"wp","href":"https:\/\/api.w.org\/{rel}","templated":true}]}}