{"id":22555,"date":"2022-10-03T16:08:34","date_gmt":"2022-10-03T19:08:34","guid":{"rendered":"https:\/\/radiorevelacionfm.cl\/?p=22555"},"modified":"2022-10-03T16:08:34","modified_gmt":"2022-10-03T19:08:34","slug":"servicio-mejor-ninez-cumple-su-primer-ano-de-vida","status":"publish","type":"post","link":"https:\/\/radiorevelacionfm.cl\/?p=22555","title":{"rendered":"Servicio Mejor Ni\u00f1ez cumple su primer a\u00f1o de vida"},"content":{"rendered":"<div class=\"flex_column av_one_full  flex_column_div av-zero-column-padding first  avia-builder-el-0  el_before_av_one_full  avia-builder-el-first  \" style='border-radius:0px; '><div  class='avia-image-container  av-styling-    avia-builder-el-1  avia-builder-el-no-sibling  avia-align-center '  itemprop=\"image\" itemscope=\"itemscope\" itemtype=\"https:\/\/schema.org\/ImageObject\"  ><div class='avia-image-container-inner'><div class='avia-image-overlay-wrap'><img decoding=\"async\" class='wp-image-22556 avia-img-lazy-loading-not-22556 avia_image' src=\"https:\/\/radiorevelacionfm.cl\/wp-content\/uploads\/2022\/10\/MEJOR-NINEZ-PRIMER-ANO-DE-VIDA-1-1.jpg\" alt='' title='MEJOR NI\u00d1EZ PRIMER A\u00d1O DE VIDA (1) (1)' height=\"600\" width=\"1244\"  itemprop=\"thumbnailUrl\" srcset=\"https:\/\/radiorevelacionfm.cl\/wp-content\/uploads\/2022\/10\/MEJOR-NINEZ-PRIMER-ANO-DE-VIDA-1-1.jpg 1244w, https:\/\/radiorevelacionfm.cl\/wp-content\/uploads\/2022\/10\/MEJOR-NINEZ-PRIMER-ANO-DE-VIDA-1-1-300x145.jpg 300w, https:\/\/radiorevelacionfm.cl\/wp-content\/uploads\/2022\/10\/MEJOR-NINEZ-PRIMER-ANO-DE-VIDA-1-1-1030x497.jpg 1030w, https:\/\/radiorevelacionfm.cl\/wp-content\/uploads\/2022\/10\/MEJOR-NINEZ-PRIMER-ANO-DE-VIDA-1-1-768x370.jpg 768w, https:\/\/radiorevelacionfm.cl\/wp-content\/uploads\/2022\/10\/MEJOR-NINEZ-PRIMER-ANO-DE-VIDA-1-1-705x340.jpg 705w, https:\/\/radiorevelacionfm.cl\/wp-content\/uploads\/2022\/10\/MEJOR-NINEZ-PRIMER-ANO-DE-VIDA-1-1-600x289.jpg 600w\" sizes=\"(max-width: 1244px) 100vw, 1244px\" \/><\/div><\/div><\/div><\/div><div class=\"flex_column av_one_full  flex_column_div av-zero-column-padding first  avia-builder-el-2  el_after_av_one_full  el_before_av_one_full  column-top-margin\" style='border-radius:0px; '><section class=\"av_textblock_section \"  itemscope=\"itemscope\" itemtype=\"https:\/\/schema.org\/BlogPosting\" itemprop=\"blogPost\" ><div class='avia_textblock  '   itemprop=\"text\" ><p style=\"text-align: center;\"><strong><span style=\"font-size: 18pt;\">Servicio Mejor Ni\u00f1ez cumple su primer a\u00f1o de vida<\/span><\/strong><\/p>\n<div id=\"gtx-trans\" style=\"position: absolute; left: -50px; top: 4.31534px;\">\n<div class=\"gtx-trans-icon\"><\/div>\n<\/div>\n<\/div><\/section><\/div><div class=\"flex_column av_one_full  flex_column_div av-zero-column-padding first  avia-builder-el-4  el_after_av_one_full  el_before_av_hr  column-top-margin\" style='border-radius:0px; '><section class=\"av_textblock_section \"  itemscope=\"itemscope\" itemtype=\"https:\/\/schema.org\/BlogPosting\" itemprop=\"blogPost\" ><div class='avia_textblock  '   itemprop=\"text\" ><p style=\"text-align: justify;\">Ha sido un a\u00f1o con balance positivo, indican desde la Direcci\u00f3n Regional del nuevo Servicio de Protecci\u00f3n Especializada a la Ni\u00f1ez y la Adolescencia que este 1 de octubre cumpli\u00f3 el primer a\u00f1o desde su creaci\u00f3n a partir de la ley 21. 302.<\/p>\n<p style=\"text-align: justify;\">Para su Director Regional Sergio Becerra\u00a0\u201ceste primer a\u00f1o de puesta en marcha sin dudas, con todas sus complejidades deja un balance muy positivo ya que al crearse este servicio se dispone de un nuevo dise\u00f1o de c\u00f3mo enfrentar las vulneraciones a los derechos de los ni\u00f1os, ni\u00f1as y adolescentes en el pa\u00eds y en nuestra regi\u00f3n. Se cambia la mirada y la manera c\u00f3mo se estaban ejecutando las pol\u00edticas p\u00fablicas destinadas a hacerse cargo de este importante tema. As\u00ed se cre\u00f3 y se puso en marcha una nueva institucionalidad de protecci\u00f3n especializada oportuna y efectiva\u201d.<\/p>\n<p style=\"text-align: justify;\">Becerra agreg\u00f3 adem\u00e1s que \u201ca nivel nacional el Servicio mejor Ni\u00f1ez ha atendido en su primer a\u00f1o de puesta en marcha a m\u00e1s de 120 mil ni\u00f1os, ni\u00f1as y adolescentes. En el plano regional hemos realizado 2876 atenciones. Adem\u00e1s, contamos con 22 proyectos en ejecuci\u00f3n, 21 de los cuales son desarrollados por 11 organismos colaboradores y 1 de administraci\u00f3n directa como parte de nuestra oferta program\u00e1tica\u201d.<\/p>\n<p style=\"text-align: justify;\">M\u00e1s all\u00e1 de las cifras, lo que el nuevo sistema requiere \u201cy ese es el desaf\u00edo\u201d indic\u00f3 Becerra: \u201ces poder suplir la demanda y en este sentido nuestra Directora Nacional Gabriela Mu\u00f1oz, ha indicado que en el pr\u00f3ximos meses se desarrollar\u00e1 un redise\u00f1o de nuestra oferta program\u00e1tica en 5 l\u00edneas de acci\u00f3n. Para ello se ha considerado toda la evidencia recogida en los \u00faltimos a\u00f1os. Tambi\u00e9n es importante destacar la importante labor que se ha efectuado desde la unidad de participaci\u00f3n a trav\u00e9s de la ejecuci\u00f3n de encuentros locales, los cuales se enmarcan en los mecanismos de participaci\u00f3n colectiva de los ni\u00f1os, ni\u00f1as y adolescentes y desde donde se ha levantado una importante grilla de temas que para ellos son relevantes y que es necesario visibilizar\u201d, sentenci\u00f3 el profesional a cargo del organismo de protecci\u00f3n.<\/p>\n<p style=\"text-align: justify;\">Finalmente, el Director Regional se\u00f1al\u00f3 que \u201cesta semana de aniversario estaremos acompa\u00f1ando a los ni\u00f1os, ni\u00f1as y adolescentes de la Residencia Familiar Coyhaique y de lactantes, haciendo part\u00edcipes a sus funcionarios de este importante hito institucional\u201d.<\/p>\n<p style=\"text-align: justify;\"><strong>Financiamiento 2023<\/strong><\/p>\n<p style=\"text-align: justify;\">Hace pocos d\u00edas el Presidente Gabriel Boric anunci\u00f3 en cadena nacional que dentro de las prioridades del gasto para el pr\u00f3ximo a\u00f1o se contempla un aumento en la protecci\u00f3n social. Es, en este sentido que el Gobierno propone aumentar en m\u00e1s de 117 mil millones de pesos, un 16%, los recursos para financiar programas como Mejor Ni\u00f1ez y la entrada en vigencia de la Ley de Garant\u00edas y Protecci\u00f3n Integral de los Derechos de la Ni\u00f1ez y Adolescencia.<\/p>\n<\/div><\/section><\/div><div  style='height:50px' class='hr hr-invisible   avia-builder-el-6  el_after_av_one_full  el_before_av_social_share '><span class='hr-inner ' ><span class='hr-inner-style'><\/span><\/span><\/div><\/p>\n<div  class='av-social-sharing-box  avia-builder-el-7  el_after_av_hr  el_before_av_hr  '><div class='av-share-box'><h5 class='av-share-link-description av-no-toc '>Compartir esta noticia<\/h5><ul class='av-share-box-list noLightbox'><li class='av-share-link av-social-link-facebook' ><a target=\"_blank\" aria-label=\"Compartir en Facebook\" href='https:\/\/www.facebook.com\/sharer.php?u=https:\/\/radiorevelacionfm.cl\/?p=22555&#038;t=Servicio%20Mejor%20Ni%C3%B1ez%20cumple%20su%20primer%20a%C3%B1o%20de%20vida' aria-hidden='false' data-av_icon='\ue8f3' data-av_iconfont='entypo-fontello' title='' data-avia-related-tooltip='Compartir en Facebook' rel=\"noopener\"><span class='avia_hidden_link_text'>Compartir en Facebook<\/span><\/a><\/li><li class='av-share-link av-social-link-twitter' ><a target=\"_blank\" aria-label=\"Compartir en Twitter\" href='https:\/\/twitter.com\/share?text=Servicio%20Mejor%20Ni%C3%B1ez%20cumple%20su%20primer%20a%C3%B1o%20de%20vida&#038;url=https:\/\/radiorevelacionfm.cl\/?p=22555' aria-hidden='false' data-av_icon='\ue8f1' data-av_iconfont='entypo-fontello' title='' data-avia-related-tooltip='Compartir en Twitter' rel=\"noopener\"><span class='avia_hidden_link_text'>Compartir en Twitter<\/span><\/a><\/li><li class='av-share-link av-social-link-whatsapp' ><a target=\"_blank\" aria-label=\"Compartir en Whatsapp\" href='https:\/\/api.whatsapp.com\/send?text=https:\/\/radiorevelacionfm.cl\/?p=22555' aria-hidden='false' data-av_icon='\uf232' data-av_iconfont='entypo-fontello' title='' data-avia-related-tooltip='Compartir en Whatsapp' rel=\"noopener\"><span class='avia_hidden_link_text'>Compartir en Whatsapp<\/span><\/a><\/li><li class='av-share-link av-social-link-linkedin' ><a target=\"_blank\" aria-label=\"Compartir en LinkedIn\" href='https:\/\/linkedin.com\/shareArticle?mini=true&#038;title=Servicio%20Mejor%20Ni%C3%B1ez%20cumple%20su%20primer%20a%C3%B1o%20de%20vida&#038;url=https:\/\/radiorevelacionfm.cl\/?p=22555' aria-hidden='false' data-av_icon='\ue8fc' data-av_iconfont='entypo-fontello' title='' data-avia-related-tooltip='Compartir en LinkedIn' rel=\"noopener\"><span class='avia_hidden_link_text'>Compartir en LinkedIn<\/span><\/a><\/li><li class='av-share-link av-social-link-mail' ><a  aria-label=\"Compartir por correo\" href='mailto:?subject=Servicio%20Mejor%20Ni%C3%B1ez%20cumple%20su%20primer%20a%C3%B1o%20de%20vida&#038;body=https:\/\/radiorevelacionfm.cl\/?p=22555' aria-hidden='false' data-av_icon='\ue805' data-av_iconfont='entypo-fontello' title='' data-avia-related-tooltip='Compartir por correo'><span class='avia_hidden_link_text'>Compartir por correo<\/span><\/a><\/li><\/ul><\/div><\/div>\n<div  style='height:50px' class='hr hr-invisible   avia-builder-el-8  el_after_av_social_share  el_before_av_comments_list '><span class='hr-inner ' ><span class='hr-inner-style'><\/span><\/span><\/div>\n<div  class='av-buildercomment  av-blog-meta-html-info-disabled av-blog-meta-tag-disabled  '><\/div>\n","protected":false},"excerpt":{"rendered":"","protected":false},"author":1,"featured_media":22556,"comment_status":"open","ping_status":"open","sticky":false,"template":"","format":"standard","meta":{"footnotes":""},"categories":[38],"tags":[],"class_list":["post-22555","post","type-post","status-publish","format-standard","has-post-thumbnail","hentry","category-regional"],"jetpack_featured_media_url":"https:\/\/radiorevelacionfm.cl\/wp-content\/uploads\/2022\/10\/MEJOR-NINEZ-PRIMER-ANO-DE-VIDA-1-1.jpg","_links":{"self":[{"href":"https:\/\/radiorevelacionfm.cl\/index.php?rest_route=\/wp\/v2\/posts\/22555","targetHints":{"allow":["GET"]}}],"collection":[{"href":"https:\/\/radiorevelacionfm.cl\/index.php?rest_route=\/wp\/v2\/posts"}],"about":[{"href":"https:\/\/radiorevelacionfm.cl\/index.php?rest_route=\/wp\/v2\/types\/post"}],"author":[{"embeddable":true,"href":"https:\/\/radiorevelacionfm.cl\/index.php?rest_route=\/wp\/v2\/users\/1"}],"replies":[{"embeddable":true,"href":"https:\/\/radiorevelacionfm.cl\/index.php?rest_route=%2Fwp%2Fv2%2Fcomments&post=22555"}],"version-history":[{"count":2,"href":"https:\/\/radiorevelacionfm.cl\/index.php?rest_route=\/wp\/v2\/posts\/22555\/revisions"}],"predecessor-version":[{"id":22558,"href":"https:\/\/radiorevelacionfm.cl\/index.php?rest_route=\/wp\/v2\/posts\/22555\/revisions\/22558"}],"wp:featuredmedia":[{"embeddable":true,"href":"https:\/\/radiorevelacionfm.cl\/index.php?rest_route=\/wp\/v2\/media\/22556"}],"wp:attachment":[{"href":"https:\/\/radiorevelacionfm.cl\/index.php?rest_route=%2Fwp%2Fv2%2Fmedia&parent=22555"}],"wp:term":[{"taxonomy":"category","embeddable":true,"href":"https:\/\/radiorevelacionfm.cl\/index.php?rest_route=%2Fwp%2Fv2%2Fcategories&post=22555"},{"taxonomy":"post_tag","embeddable":true,"href":"https:\/\/radiorevelacionfm.cl\/index.php?rest_route=%2Fwp%2Fv2%2Ftags&post=22555"}],"curies":[{"name":"wp","href":"https:\/\/api.w.org\/{rel}","templated":true}]}}