{"id":22546,"date":"2022-10-07T10:13:33","date_gmt":"2022-10-07T13:13:33","guid":{"rendered":"https:\/\/radiorevelacionfm.cl\/?p=22546"},"modified":"2022-10-07T10:13:33","modified_gmt":"2022-10-07T13:13:33","slug":"organizaciones-acusan-a-inmobiliarias-de-traspasar-a-los-compradores-las-responsabilidades-que-impone-la-ley-a-mega-loteos","status":"publish","type":"post","link":"https:\/\/radiorevelacionfm.cl\/?p=22546","title":{"rendered":"Organizaciones acusan a inmobiliarias de traspasar a los compradores las responsabilidades que impone la ley a mega loteos"},"content":{"rendered":"<div class=\"flex_column av_one_full  flex_column_div av-zero-column-padding first  avia-builder-el-0  el_before_av_one_full  avia-builder-el-first  \" style='border-radius:0px; '><div  class='avia-image-container  av-styling-    avia-builder-el-1  avia-builder-el-no-sibling  avia-align-center '  itemprop=\"image\" itemscope=\"itemscope\" itemtype=\"https:\/\/schema.org\/ImageObject\"  ><div class='avia-image-container-inner'><div class='avia-image-overlay-wrap'><img decoding=\"async\" class='wp-image-22547 avia-img-lazy-loading-not-22547 avia_image' src=\"https:\/\/radiorevelacionfm.cl\/wp-content\/uploads\/2022\/10\/Codesa-Aysen-1-1.jpg\" alt='' title='Codesa Aysen (1) (1)' height=\"600\" width=\"1066\"  itemprop=\"thumbnailUrl\" srcset=\"https:\/\/radiorevelacionfm.cl\/wp-content\/uploads\/2022\/10\/Codesa-Aysen-1-1.jpg 1066w, https:\/\/radiorevelacionfm.cl\/wp-content\/uploads\/2022\/10\/Codesa-Aysen-1-1-300x169.jpg 300w, https:\/\/radiorevelacionfm.cl\/wp-content\/uploads\/2022\/10\/Codesa-Aysen-1-1-1030x580.jpg 1030w, https:\/\/radiorevelacionfm.cl\/wp-content\/uploads\/2022\/10\/Codesa-Aysen-1-1-768x432.jpg 768w, https:\/\/radiorevelacionfm.cl\/wp-content\/uploads\/2022\/10\/Codesa-Aysen-1-1-705x397.jpg 705w, https:\/\/radiorevelacionfm.cl\/wp-content\/uploads\/2022\/10\/Codesa-Aysen-1-1-600x338.jpg 600w\" sizes=\"(max-width: 1066px) 100vw, 1066px\" \/><\/div><\/div><\/div><\/div><div class=\"flex_column av_one_full  flex_column_div av-zero-column-padding first  avia-builder-el-2  el_after_av_one_full  el_before_av_one_full  column-top-margin\" style='border-radius:0px; '><section class=\"av_textblock_section \"  itemscope=\"itemscope\" itemtype=\"https:\/\/schema.org\/BlogPosting\" itemprop=\"blogPost\" ><div class='avia_textblock  '   itemprop=\"text\" ><p style=\"text-align: center;\"><span style=\"font-size: 18pt;\"><b><span lang=\"ES\">Organizaciones acusan a inmobiliarias de traspasar a los compradores las responsabilidades que impone la ley a mega loteos<\/span><\/b><\/span><\/p>\n<div id=\"gtx-trans\" style=\"position: absolute; left: -50px; top: 4.31534px;\">\n<div class=\"gtx-trans-icon\"><\/div>\n<\/div>\n<\/div><\/section><\/div><div class=\"flex_column av_one_full  flex_column_div av-zero-column-padding first  avia-builder-el-4  el_after_av_one_full  el_before_av_hr  column-top-margin\" style='border-radius:0px; '><section class=\"av_textblock_section \"  itemscope=\"itemscope\" itemtype=\"https:\/\/schema.org\/BlogPosting\" itemprop=\"blogPost\" ><div class='avia_textblock  '   itemprop=\"text\" ><p class=\"v1MsoNormal\" style=\"text-align: justify;\"><span lang=\"ES\">\u00abResulta inadmisible que las empresas del rubro inmobiliario agrupadas en Chile Rural, pretendan traspasar la responsabilidad a los eventuales compradores de los lotes resultantes de sus subdivisiones\u00bb.<\/span><\/p>\n<p class=\"v1MsoNormal\" style=\"text-align: justify;\"><span lang=\"ES\">Con estas palabras, el presidente de la Corporaci<\/span><span lang=\"X-NONE\">\u00f3n Privada para el Desarrollo de Ays\u00e9n (Codesa), Erwin Sandoval Gallardo, concluy\u00f3 este martes la exposici\u00f3n que la organizaci\u00f3n dio ante la Comisi\u00f3n de Vivienda del Senado, en el marco de la discusi\u00f3n relacionada con la subdivisi\u00f3n de predios r\u00fasticos. Esto, en el marco de la presentaci\u00f3n de la Coordinadora de Organizaciones por la Regulaci\u00f3n del Uso del Suelo Rural, en la cual tambi\u00e9n particip\u00f3 la dirigenta de la Asociaci\u00f3n Regional Ambiental de O&#8217;Higgins, Patricia Segura Duc\u00f3.<\/span><\/p>\n<p class=\"v1MsoNormal\" style=\"text-align: justify;\"><span lang=\"X-NONE\">Sandoval explic\u00f3 que m\u00e1s all\u00e1 de lo se\u00f1alado por algunos representantes de las inmobiliarias, no existen vac\u00edos en la normativa actual que permitan nuevos n\u00facleos urbanos en el suelo rural al margen de la planificaci\u00f3n. \u00abHay normativa que siempre ha dicho que esta situaci\u00f3n es ilegal y que, de alg\u00fan modo, se ha mirado para el lado y se ha dejado continuar avanzando al margen de la ley\u00bb dijo.<\/span><\/p>\n<p class=\"v1MsoNormal\" style=\"text-align: justify;\"><span lang=\"X-NONE\">Agreg\u00f3, asimismo, que \u00abdebe haber una real coordinaci\u00f3n entre los servicios p\u00fablicos y organismo que est\u00e1n en el tema y algo se ha avanzado a nivel regional, poniendo en conocimiento de los notarios y conservadores, con mayor comunicaci\u00f3n a las municipalidades pero se debe seguir robusteciendo ese principio de coordinaci\u00f3n que el Servicio Agr\u00edcola y Ganadero ha estado buscando\u00bb.\u00a0<span class=\"v1gmail-Apple-converted-space\">\u00a0<\/span><\/span><\/p>\n<p class=\"v1MsoNormal\" style=\"text-align: justify;\"><span lang=\"ES\">En este sentido, respald<\/span><span lang=\"X-NONE\">\u00f3 la visi\u00f3n del Ministerio de Agricultura al respecto y reforz\u00f3 que organizaciones como Chile Rural AG lo que pretenden es desligarse de su responsabilidad con respecto a la normativa aplicable a los mega loteos, traspasando a los compradores la carga eventual de someterse al Sistema de Evaluaci\u00f3n de Impacto Ambiental o adquirir terrenos en los cuales los municipios no les permitir\u00e1n construir sus viviendas.<\/span><\/p>\n<p class=\"v1MsoNormal\" style=\"text-align: justify;\"><span lang=\"ES\">Por su parte, Patricia Segura record<\/span><span lang=\"X-NONE\">\u00f3 que la Coordinadora de Organizaciones por la Regulaci\u00f3n del Uso del Suelo Rural re\u00fane a 43 agrupaciones del litoral central hasta la Patagonia. Tras reunirse y establecer los puntos en com\u00fan, el 27 de junio emitieron una declaraci\u00f3n p\u00fablica dando la visi\u00f3n de los territorios sobre el problema, enfocado en los problemas ambientales y a las comunidades que genera la subdivisi\u00f3n indiscriminada del suelo rural.<\/span><\/p>\n<p class=\"v1MsoNormal\" style=\"text-align: justify;\"><span lang=\"X-NONE\">En este sentido, aclar\u00f3 que \u00abno buscamos criminalizar a quienes optan por una vida fuera de las grandes ciudades, quienes muchas veces al encontrarse en n\u00facleos urbanos irregulares deben afrontar carencia de servicios, dificultades en el manejo de desechos domiciliarios y muchas veces sin factibilidad de agua y problemas de conectividad al no existir caminos\u00bb, entre otros aspectos.\u00a0<span class=\"v1gmail-Apple-converted-space\">\u00a0<\/span><\/span><\/p>\n<p class=\"v1MsoNormal\" style=\"text-align: justify;\"><span lang=\"X-NONE\">Por ello, explic\u00f3 que \u00abnecesitamos con urgencia una pol\u00edtica nacional de suelo que sea justa con el medioambiente y las personas, y que contenga el crecimiento inmobiliari<i>o <\/i>descontrolado que est\u00e1 generando un gran perjuicio a las comunidades locales y a los ecosistemas\u00bb.<\/span><\/p>\n<\/div><\/section><\/div><div  style='height:50px' class='hr hr-invisible   avia-builder-el-6  el_after_av_one_full  el_before_av_social_share '><span class='hr-inner ' ><span class='hr-inner-style'><\/span><\/span><\/div><\/p>\n<div  class='av-social-sharing-box  avia-builder-el-7  el_after_av_hr  el_before_av_hr  '><div class='av-share-box'><h5 class='av-share-link-description av-no-toc '>Compartir esta noticia<\/h5><ul class='av-share-box-list noLightbox'><li class='av-share-link av-social-link-facebook' ><a target=\"_blank\" aria-label=\"Compartir en Facebook\" href='https:\/\/www.facebook.com\/sharer.php?u=https:\/\/radiorevelacionfm.cl\/?p=22546&#038;t=Organizaciones%20acusan%20a%20inmobiliarias%20de%20traspasar%20a%20los%20compradores%20las%20responsabilidades%20que%20impone%20la%20ley%20a%20mega%20loteos' aria-hidden='false' data-av_icon='\ue8f3' data-av_iconfont='entypo-fontello' title='' data-avia-related-tooltip='Compartir en Facebook' rel=\"noopener\"><span class='avia_hidden_link_text'>Compartir en Facebook<\/span><\/a><\/li><li class='av-share-link av-social-link-twitter' ><a target=\"_blank\" aria-label=\"Compartir en Twitter\" href='https:\/\/twitter.com\/share?text=Organizaciones%20acusan%20a%20inmobiliarias%20de%20traspasar%20a%20los%20compradores%20las%20responsabilidades%20que%20impone%20la%20ley%20a%20mega%20loteos&#038;url=https:\/\/radiorevelacionfm.cl\/?p=22546' aria-hidden='false' data-av_icon='\ue8f1' data-av_iconfont='entypo-fontello' title='' data-avia-related-tooltip='Compartir en Twitter' rel=\"noopener\"><span class='avia_hidden_link_text'>Compartir en Twitter<\/span><\/a><\/li><li class='av-share-link av-social-link-whatsapp' ><a target=\"_blank\" aria-label=\"Compartir en Whatsapp\" href='https:\/\/api.whatsapp.com\/send?text=https:\/\/radiorevelacionfm.cl\/?p=22546' aria-hidden='false' data-av_icon='\uf232' data-av_iconfont='entypo-fontello' title='' data-avia-related-tooltip='Compartir en Whatsapp' rel=\"noopener\"><span class='avia_hidden_link_text'>Compartir en Whatsapp<\/span><\/a><\/li><li class='av-share-link av-social-link-linkedin' ><a target=\"_blank\" aria-label=\"Compartir en LinkedIn\" href='https:\/\/linkedin.com\/shareArticle?mini=true&#038;title=Organizaciones%20acusan%20a%20inmobiliarias%20de%20traspasar%20a%20los%20compradores%20las%20responsabilidades%20que%20impone%20la%20ley%20a%20mega%20loteos&#038;url=https:\/\/radiorevelacionfm.cl\/?p=22546' aria-hidden='false' data-av_icon='\ue8fc' data-av_iconfont='entypo-fontello' title='' data-avia-related-tooltip='Compartir en LinkedIn' rel=\"noopener\"><span class='avia_hidden_link_text'>Compartir en LinkedIn<\/span><\/a><\/li><li class='av-share-link av-social-link-mail' ><a  aria-label=\"Compartir por correo\" href='mailto:?subject=Organizaciones%20acusan%20a%20inmobiliarias%20de%20traspasar%20a%20los%20compradores%20las%20responsabilidades%20que%20impone%20la%20ley%20a%20mega%20loteos&#038;body=https:\/\/radiorevelacionfm.cl\/?p=22546' aria-hidden='false' data-av_icon='\ue805' data-av_iconfont='entypo-fontello' title='' data-avia-related-tooltip='Compartir por correo'><span class='avia_hidden_link_text'>Compartir por correo<\/span><\/a><\/li><\/ul><\/div><\/div>\n<div  style='height:50px' class='hr hr-invisible   avia-builder-el-8  el_after_av_social_share  el_before_av_comments_list '><span class='hr-inner ' ><span class='hr-inner-style'><\/span><\/span><\/div>\n<div  class='av-buildercomment  av-blog-meta-html-info-disabled av-blog-meta-tag-disabled  '><\/div>\n","protected":false},"excerpt":{"rendered":"","protected":false},"author":1,"featured_media":22547,"comment_status":"open","ping_status":"open","sticky":false,"template":"","format":"standard","meta":{"footnotes":""},"categories":[38],"tags":[],"class_list":["post-22546","post","type-post","status-publish","format-standard","has-post-thumbnail","hentry","category-regional"],"jetpack_featured_media_url":"https:\/\/radiorevelacionfm.cl\/wp-content\/uploads\/2022\/10\/Codesa-Aysen-1-1.jpg","_links":{"self":[{"href":"https:\/\/radiorevelacionfm.cl\/index.php?rest_route=\/wp\/v2\/posts\/22546","targetHints":{"allow":["GET"]}}],"collection":[{"href":"https:\/\/radiorevelacionfm.cl\/index.php?rest_route=\/wp\/v2\/posts"}],"about":[{"href":"https:\/\/radiorevelacionfm.cl\/index.php?rest_route=\/wp\/v2\/types\/post"}],"author":[{"embeddable":true,"href":"https:\/\/radiorevelacionfm.cl\/index.php?rest_route=\/wp\/v2\/users\/1"}],"replies":[{"embeddable":true,"href":"https:\/\/radiorevelacionfm.cl\/index.php?rest_route=%2Fwp%2Fv2%2Fcomments&post=22546"}],"version-history":[{"count":2,"href":"https:\/\/radiorevelacionfm.cl\/index.php?rest_route=\/wp\/v2\/posts\/22546\/revisions"}],"predecessor-version":[{"id":22746,"href":"https:\/\/radiorevelacionfm.cl\/index.php?rest_route=\/wp\/v2\/posts\/22546\/revisions\/22746"}],"wp:featuredmedia":[{"embeddable":true,"href":"https:\/\/radiorevelacionfm.cl\/index.php?rest_route=\/wp\/v2\/media\/22547"}],"wp:attachment":[{"href":"https:\/\/radiorevelacionfm.cl\/index.php?rest_route=%2Fwp%2Fv2%2Fmedia&parent=22546"}],"wp:term":[{"taxonomy":"category","embeddable":true,"href":"https:\/\/radiorevelacionfm.cl\/index.php?rest_route=%2Fwp%2Fv2%2Fcategories&post=22546"},{"taxonomy":"post_tag","embeddable":true,"href":"https:\/\/radiorevelacionfm.cl\/index.php?rest_route=%2Fwp%2Fv2%2Ftags&post=22546"}],"curies":[{"name":"wp","href":"https:\/\/api.w.org\/{rel}","templated":true}]}}