{"id":22542,"date":"2022-10-03T12:54:54","date_gmt":"2022-10-03T15:54:54","guid":{"rendered":"https:\/\/radiorevelacionfm.cl\/?p=22542"},"modified":"2022-10-03T12:54:54","modified_gmt":"2022-10-03T15:54:54","slug":"concluye-periodo-de-gestion-de-episodios-criticos-gec-en-coyhaique","status":"publish","type":"post","link":"https:\/\/radiorevelacionfm.cl\/?p=22542","title":{"rendered":"Concluye periodo de Gesti\u00f3n de Episodios Cr\u00edticos GEC en Coyhaique"},"content":{"rendered":"<div class=\"flex_column av_one_full  flex_column_div av-zero-column-padding first  avia-builder-el-0  el_before_av_one_full  avia-builder-el-first  \" style='border-radius:0px; '><div  class='avia-image-container  av-styling-    avia-builder-el-1  avia-builder-el-no-sibling  avia-align-center '  itemprop=\"image\" itemscope=\"itemscope\" itemtype=\"https:\/\/schema.org\/ImageObject\"  ><div class='avia-image-container-inner'><div class='avia-image-overlay-wrap'><img decoding=\"async\" class='wp-image-22543 avia-img-lazy-loading-not-22543 avia_image' src=\"https:\/\/radiorevelacionfm.cl\/wp-content\/uploads\/2022\/10\/2-2022-10-03t123646_optimized.692-1.jpg\" alt='' title='2---2022-10-03t123646_optimized.692-(1)' height=\"600\" width=\"906\"  itemprop=\"thumbnailUrl\" srcset=\"https:\/\/radiorevelacionfm.cl\/wp-content\/uploads\/2022\/10\/2-2022-10-03t123646_optimized.692-1.jpg 906w, https:\/\/radiorevelacionfm.cl\/wp-content\/uploads\/2022\/10\/2-2022-10-03t123646_optimized.692-1-300x199.jpg 300w, https:\/\/radiorevelacionfm.cl\/wp-content\/uploads\/2022\/10\/2-2022-10-03t123646_optimized.692-1-768x509.jpg 768w, https:\/\/radiorevelacionfm.cl\/wp-content\/uploads\/2022\/10\/2-2022-10-03t123646_optimized.692-1-705x467.jpg 705w, https:\/\/radiorevelacionfm.cl\/wp-content\/uploads\/2022\/10\/2-2022-10-03t123646_optimized.692-1-600x397.jpg 600w\" sizes=\"(max-width: 906px) 100vw, 906px\" \/><\/div><\/div><\/div><\/div><div class=\"flex_column av_one_full  flex_column_div av-zero-column-padding first  avia-builder-el-2  el_after_av_one_full  el_before_av_one_full  column-top-margin\" style='border-radius:0px; '><section class=\"av_textblock_section \"  itemscope=\"itemscope\" itemtype=\"https:\/\/schema.org\/BlogPosting\" itemprop=\"blogPost\" ><div class='avia_textblock  '   itemprop=\"text\" ><p style=\"text-align: center;\"><strong><span style=\"font-size: 18pt;\">Concluye periodo de Gesti\u00f3n de Episodios Cr\u00edticos GEC en Coyhaique<\/span><\/strong><\/p>\n<div id=\"gtx-trans\" style=\"position: absolute; left: -50px; top: 4.31534px;\">\n<div class=\"gtx-trans-icon\"><\/div>\n<\/div>\n<\/div><\/section><\/div><div class=\"flex_column av_one_full  flex_column_div av-zero-column-padding first  avia-builder-el-4  el_after_av_one_full  el_before_av_hr  column-top-margin\" style='border-radius:0px; '><section class=\"av_textblock_section \"  itemscope=\"itemscope\" itemtype=\"https:\/\/schema.org\/BlogPosting\" itemprop=\"blogPost\" ><div class='avia_textblock  '   itemprop=\"text\" ><p style=\"text-align: justify;\">Este 30 de septiembre concluy\u00f3 el periodo de Gesti\u00f3n de Episodios Cr\u00edticos GEC en la ciudad de Coyhaique, denominaci\u00f3n otorgada al periodo de 6 meses que corre entre abril y septiembre y que coincide con la temporada oto\u00f1o invierno de cada a\u00f1o. Es este el momento en que se experimentan las temperaturas m\u00e1s bajas de cada anualidad, lo que aumenta nuestra necesidad de calefacci\u00f3n, especialmente mediante la quema de le\u00f1a, cuyo uso con altos niveles de humedad constituye la principal fuente de contaminaci\u00f3n de nuestra zona saturada.<\/p>\n<p style=\"text-align: justify;\">Seg\u00fan explica el reporte de este a\u00f1o 2022, este periodo GEC registr\u00f3 un total de 64 episodios cr\u00edticos constatados, un 25% m\u00e1s que el periodo 2021, lo cual obedece a las condiciones climatol\u00f3gicas especiales de este a\u00f1o, donde se verificaron temperaturas m\u00e1s bajas y una ventilaci\u00f3n menor a la de los a\u00f1os anteriores, as\u00ed como a un aumento en los valores de los combustibles alternativos a la le\u00f1a por razones netamente de mercado.<\/p>\n<p style=\"text-align: justify;\">\u201cSin duda este fue un a\u00f1o clim\u00e1ticamente adverso, donde volvimos a experimentar nieve, mucha lluvia, y muy bajas temperaturas, lo que sin duda aumenta nuestra necesidad de calefaccionarnos en nuestros hogares y puestos de trabajo\u201d, explic\u00f3 el SEREMI del Medio Ambiente, Juli\u00e1n C\u00e1rdenas, recordando adem\u00e1s el efecto de la crisis internacional actual, con una guerra en curso, que eleva los costos y disminuye el stock de las formas m\u00e1s sustentables y alternativas de calefacci\u00f3n, aumentando as\u00ed el consumo de le\u00f1a en los hogares \u201cSin embargo, el aumento en el n\u00famero de episodios cr\u00edticos contin\u00faa muy lejos de la realidad a la que nos enfrentamos cuando comenzamos a implementar nuestras medidas de descontaminaci\u00f3n en el a\u00f1o 2016. El desaf\u00edo, entonces, es a fortalecer y potenciar nuestra estrategia, partiendo por incorporar nuevas y mejores herramientas con que enfrentar la contaminaci\u00f3n de nuestra capital regional, por ejemplo, al alero de la ley de biocombustibles s\u00f3lidos que ya ha sido aprobada por el Congreso y que se encuentra en sus tr\u00e1mites finales\u201d, declar\u00f3 el SEREMI del Medio Ambiente, Juli\u00e1n C\u00e1rdenas.<\/p>\n<p style=\"text-align: justify;\">As\u00ed, el reporte indica que para el periodo 2022 los episodios cr\u00edticos constatados se desglosan en 22 episodios de emergencia, 20 preemergencias y 22 alertas; lo que constituye una disminuci\u00f3n en un 50 % en el total de episodios constatados, y una reducci\u00f3n del 65 % en la cantidad de episodios de emergencia, desde el a\u00f1o 2016 en que se inici\u00f3 la aplicaci\u00f3n del Plan de Descontaminaci\u00f3n Atmosf\u00e9rica PDA en Coyhaique.<\/p>\n<p style=\"text-align: justify;\">En t\u00e9rminos de fiscalizaci\u00f3n, la Superintendencia del Medio Ambiente SMA, inform\u00f3 que respecto al PDA Coyhaique, se fiscalizaron dos obligaciones:\u00a0 la primera correspondiente al uso de artefactos a le\u00f1a establecimientos p\u00fablicos, municipales y comercio local; y la facultad de fiscalizar la comercializaci\u00f3n de le\u00f1a seca, es decir, bajo el 25% de humedad \u201chemos constatado que el 100% de los locales fiscalizado cumple con la obligaci\u00f3n impuesta en el PDA, es decir no identificamos oficinas p\u00fablicas, ni locales comerciales que utilicen le\u00f1a para calefacci\u00f3n\u201d, asegur\u00f3 el jefe de la Oficina regional de la SMA, Oscar Leal, agregando que respecto a la fiscalizaci\u00f3n de le\u00f1a seca en sus puntos de comercializaci\u00f3n se identificaron 6 incumplimientos, respecto de los cuales la SMA iniciar\u00e1 los procedimientos administrativos correspondientes.<\/p>\n<p style=\"text-align: justify;\">Por su parte la SEREMI de Salud, Carmen Monsalve, report\u00f3 que para el periodo GEC 2022, a trav\u00e9s de los fiscalizadores de acci\u00f3n sanitaria \u201cse ha llevado a cabo una cantidad importante de fiscalizaciones para colaborar en el control de las fuentes emisoras de humo, abarcando un promedio de 31 mil domicilios, lo que se traduce en aproximadamente en 4.400 cuadras, observ\u00e1ndose cerca de 68 incumplimientos que se tradujeron en sumarios sanitarios\u201d, destacando el trabajo conjunto que hist\u00f3ricamente se realiza entre las SEREMIS de Salud y Medio Ambiente para la fiscalizaci\u00f3n y control del periodos GEC.<\/p>\n<p style=\"text-align: justify;\">En cuanto al avance de los subsidios PDA, la SEREMI de Vivienda, Paulina Ruz, destac\u00f3 el trabajo colaborativo que se realiza con Medio Ambiente en el marco del PDA para la entrega de subsidios, indicando que \u201ccada a\u00f1o entregamos m\u00e1s de 1300 subsidios t\u00e9rmicos PDA para Coyhaique y de sus sectores aleda\u00f1os, de hecho este a\u00f1o damos cuenta de 80 viviendas con acondicionamiento t\u00e9rmico ejecutadas al mes\u201d, destac\u00f3 \u00a0agregando que esto permite ir avanzando en la meta impuesta por el \u00a0PDA que considera 7 mil subsidios durante su vigencia, y sobre la cual ya han superado el 70%.<\/p>\n<p style=\"text-align: justify;\">Finalmente \u00a0el SEREMI del Medio Ambiente recalc\u00f3 que, con el fin del periodo GEC el trabajo no concluye, sino que da comienzo a una nueva etapa de gesti\u00f3n y preparaci\u00f3n para 2023, reforzando especialmente la educaci\u00f3n ambiental pues \u201chay muchas acciones de programaci\u00f3n y prevenci\u00f3n que podemos y debemos hacer durante el periodo estival, por lo que desde nuestra SEREMI seguiremos reforzando las acciones junto a los servicios competentes que nos acompa\u00f1an en la ejecuci\u00f3n del PDA, en busca de nuevas soluciones y herramientas con que reforzar la sensibilizaci\u00f3n y educaci\u00f3n ambiental para promover la planificaci\u00f3n y buenas pr\u00e1cticas en nuestras vecinas y vecinos\u201d.<\/p>\n<\/div><\/section><\/div><div  style='height:50px' class='hr hr-invisible   avia-builder-el-6  el_after_av_one_full  el_before_av_social_share '><span class='hr-inner ' ><span class='hr-inner-style'><\/span><\/span><\/div><\/p>\n<div  class='av-social-sharing-box  avia-builder-el-7  el_after_av_hr  el_before_av_hr  '><div class='av-share-box'><h5 class='av-share-link-description av-no-toc '>Compartir esta noticia<\/h5><ul class='av-share-box-list noLightbox'><li class='av-share-link av-social-link-facebook' ><a target=\"_blank\" aria-label=\"Compartir en Facebook\" href='https:\/\/www.facebook.com\/sharer.php?u=https:\/\/radiorevelacionfm.cl\/?p=22542&#038;t=Concluye%20periodo%20de%20Gesti%C3%B3n%20de%20Episodios%20Cr%C3%ADticos%20GEC%20en%20Coyhaique' aria-hidden='false' data-av_icon='\ue8f3' data-av_iconfont='entypo-fontello' title='' data-avia-related-tooltip='Compartir en Facebook' rel=\"noopener\"><span class='avia_hidden_link_text'>Compartir en Facebook<\/span><\/a><\/li><li class='av-share-link av-social-link-twitter' ><a target=\"_blank\" aria-label=\"Compartir en Twitter\" href='https:\/\/twitter.com\/share?text=Concluye%20periodo%20de%20Gesti%C3%B3n%20de%20Episodios%20Cr%C3%ADticos%20GEC%20en%20Coyhaique&#038;url=https:\/\/radiorevelacionfm.cl\/?p=22542' aria-hidden='false' data-av_icon='\ue8f1' data-av_iconfont='entypo-fontello' title='' data-avia-related-tooltip='Compartir en Twitter' rel=\"noopener\"><span class='avia_hidden_link_text'>Compartir en Twitter<\/span><\/a><\/li><li class='av-share-link av-social-link-whatsapp' ><a target=\"_blank\" aria-label=\"Compartir en Whatsapp\" href='https:\/\/api.whatsapp.com\/send?text=https:\/\/radiorevelacionfm.cl\/?p=22542' aria-hidden='false' data-av_icon='\uf232' data-av_iconfont='entypo-fontello' title='' data-avia-related-tooltip='Compartir en Whatsapp' rel=\"noopener\"><span class='avia_hidden_link_text'>Compartir en Whatsapp<\/span><\/a><\/li><li class='av-share-link av-social-link-linkedin' ><a target=\"_blank\" aria-label=\"Compartir en LinkedIn\" href='https:\/\/linkedin.com\/shareArticle?mini=true&#038;title=Concluye%20periodo%20de%20Gesti%C3%B3n%20de%20Episodios%20Cr%C3%ADticos%20GEC%20en%20Coyhaique&#038;url=https:\/\/radiorevelacionfm.cl\/?p=22542' aria-hidden='false' data-av_icon='\ue8fc' data-av_iconfont='entypo-fontello' title='' data-avia-related-tooltip='Compartir en LinkedIn' rel=\"noopener\"><span class='avia_hidden_link_text'>Compartir en LinkedIn<\/span><\/a><\/li><li class='av-share-link av-social-link-mail' ><a  aria-label=\"Compartir por correo\" href='mailto:?subject=Concluye%20periodo%20de%20Gesti%C3%B3n%20de%20Episodios%20Cr%C3%ADticos%20GEC%20en%20Coyhaique&#038;body=https:\/\/radiorevelacionfm.cl\/?p=22542' aria-hidden='false' data-av_icon='\ue805' data-av_iconfont='entypo-fontello' title='' data-avia-related-tooltip='Compartir por correo'><span class='avia_hidden_link_text'>Compartir por correo<\/span><\/a><\/li><\/ul><\/div><\/div>\n<div  style='height:50px' class='hr hr-invisible   avia-builder-el-8  el_after_av_social_share  el_before_av_comments_list '><span class='hr-inner ' ><span class='hr-inner-style'><\/span><\/span><\/div>\n<div  class='av-buildercomment  av-blog-meta-html-info-disabled av-blog-meta-tag-disabled  '><\/div>\n","protected":false},"excerpt":{"rendered":"","protected":false},"author":1,"featured_media":22543,"comment_status":"open","ping_status":"open","sticky":false,"template":"","format":"standard","meta":{"footnotes":""},"categories":[39],"tags":[],"class_list":["post-22542","post","type-post","status-publish","format-standard","has-post-thumbnail","hentry","category-medio-ambiente"],"jetpack_featured_media_url":"https:\/\/radiorevelacionfm.cl\/wp-content\/uploads\/2022\/10\/2-2022-10-03t123646_optimized.692-1.jpg","_links":{"self":[{"href":"https:\/\/radiorevelacionfm.cl\/index.php?rest_route=\/wp\/v2\/posts\/22542","targetHints":{"allow":["GET"]}}],"collection":[{"href":"https:\/\/radiorevelacionfm.cl\/index.php?rest_route=\/wp\/v2\/posts"}],"about":[{"href":"https:\/\/radiorevelacionfm.cl\/index.php?rest_route=\/wp\/v2\/types\/post"}],"author":[{"embeddable":true,"href":"https:\/\/radiorevelacionfm.cl\/index.php?rest_route=\/wp\/v2\/users\/1"}],"replies":[{"embeddable":true,"href":"https:\/\/radiorevelacionfm.cl\/index.php?rest_route=%2Fwp%2Fv2%2Fcomments&post=22542"}],"version-history":[{"count":2,"href":"https:\/\/radiorevelacionfm.cl\/index.php?rest_route=\/wp\/v2\/posts\/22542\/revisions"}],"predecessor-version":[{"id":22545,"href":"https:\/\/radiorevelacionfm.cl\/index.php?rest_route=\/wp\/v2\/posts\/22542\/revisions\/22545"}],"wp:featuredmedia":[{"embeddable":true,"href":"https:\/\/radiorevelacionfm.cl\/index.php?rest_route=\/wp\/v2\/media\/22543"}],"wp:attachment":[{"href":"https:\/\/radiorevelacionfm.cl\/index.php?rest_route=%2Fwp%2Fv2%2Fmedia&parent=22542"}],"wp:term":[{"taxonomy":"category","embeddable":true,"href":"https:\/\/radiorevelacionfm.cl\/index.php?rest_route=%2Fwp%2Fv2%2Fcategories&post=22542"},{"taxonomy":"post_tag","embeddable":true,"href":"https:\/\/radiorevelacionfm.cl\/index.php?rest_route=%2Fwp%2Fv2%2Ftags&post=22542"}],"curies":[{"name":"wp","href":"https:\/\/api.w.org\/{rel}","templated":true}]}}