{"id":22532,"date":"2022-10-03T10:11:45","date_gmt":"2022-10-03T13:11:45","guid":{"rendered":"https:\/\/radiorevelacionfm.cl\/?p=22532"},"modified":"2022-10-03T10:11:45","modified_gmt":"2022-10-03T13:11:45","slug":"ante-denuncia-de-falta-de-medicos-en-cesfam-de-la-junta-diputado-calisto-pide-al-gobierno-dotar-al-sector-norte-de-la-region-con-mas-profesionales","status":"publish","type":"post","link":"https:\/\/radiorevelacionfm.cl\/?p=22532","title":{"rendered":"Ante denuncia de falta de m\u00e9dicos en Cesfam de La Junta diputado Calisto pide al Gobierno dotar al sector norte de la regi\u00f3n con m\u00e1s profesionales"},"content":{"rendered":"<div class=\"flex_column av_one_full  flex_column_div av-zero-column-padding first  avia-builder-el-0  el_before_av_one_full  avia-builder-el-first  \" style='border-radius:0px; '><div  class='avia-image-container  av-styling-    avia-builder-el-1  avia-builder-el-no-sibling  avia-align-center '  itemprop=\"image\" itemscope=\"itemscope\" itemtype=\"https:\/\/schema.org\/ImageObject\"  ><div class='avia-image-container-inner'><div class='avia-image-overlay-wrap'><img decoding=\"async\" class='wp-image-8618 avia-img-lazy-loading-not-8618 avia_image' src=\"https:\/\/radiorevelacionfm.cl\/wp-content\/uploads\/2021\/09\/Calisto_Subsidios-1.jpg\" alt='' title='Calisto_Subsidios (1)' height=\"597\" width=\"1046\"  itemprop=\"thumbnailUrl\" srcset=\"https:\/\/radiorevelacionfm.cl\/wp-content\/uploads\/2021\/09\/Calisto_Subsidios-1.jpg 1046w, https:\/\/radiorevelacionfm.cl\/wp-content\/uploads\/2021\/09\/Calisto_Subsidios-1-300x171.jpg 300w, https:\/\/radiorevelacionfm.cl\/wp-content\/uploads\/2021\/09\/Calisto_Subsidios-1-1030x588.jpg 1030w, https:\/\/radiorevelacionfm.cl\/wp-content\/uploads\/2021\/09\/Calisto_Subsidios-1-768x438.jpg 768w, https:\/\/radiorevelacionfm.cl\/wp-content\/uploads\/2021\/09\/Calisto_Subsidios-1-705x402.jpg 705w, https:\/\/radiorevelacionfm.cl\/wp-content\/uploads\/2021\/09\/Calisto_Subsidios-1-600x342.jpg 600w\" sizes=\"(max-width: 1046px) 100vw, 1046px\" \/><\/div><\/div><\/div><\/div><div class=\"flex_column av_one_full  flex_column_div av-zero-column-padding first  avia-builder-el-2  el_after_av_one_full  el_before_av_one_full  column-top-margin\" style='border-radius:0px; '><section class=\"av_textblock_section \"  itemscope=\"itemscope\" itemtype=\"https:\/\/schema.org\/BlogPosting\" itemprop=\"blogPost\" ><div class='avia_textblock  '   itemprop=\"text\" ><p style=\"text-align: center;\"><strong><span style=\"font-size: 18pt;\">Ante denuncia de falta de m\u00e9dicos en Cesfam de La Junta diputado Calisto pide al Gobierno dotar al sector norte de la regi\u00f3n con m\u00e1s profesionales <\/span><\/strong><\/p>\n<div id=\"gtx-trans\" style=\"position: absolute; left: -50px; top: 4.31534px;\">\n<div class=\"gtx-trans-icon\"><\/div>\n<\/div>\n<\/div><\/section><\/div><div class=\"flex_column av_one_full  flex_column_div av-zero-column-padding first  avia-builder-el-4  el_after_av_one_full  el_before_av_hr  column-top-margin\" style='border-radius:0px; '><section class=\"av_textblock_section \"  itemscope=\"itemscope\" itemtype=\"https:\/\/schema.org\/BlogPosting\" itemprop=\"blogPost\" ><div class='avia_textblock  '   itemprop=\"text\" ><p style=\"font-weight: 400; text-align: justify;\">Ante las denuncias que han surgido este \u00faltimo tiempo por la falta de personal m\u00e9dico en el Cesfam de la localidad de La Junta, el diputado Miguel \u00c1ngel Calisto hizo un llamado al Gobierno a priorizar el reforzamiento de la atenci\u00f3n de salud en el sector norte de nuestra Regi\u00f3n, asegurando que \u201cel Estado debe asegurar la atenci\u00f3n de salud a todas las personas, especialmente a quienes viven en los sectores m\u00e1s alejados\u201d.<\/p>\n<p style=\"font-weight: 400; text-align: justify;\">Seg\u00fan el diputado, \u201cesta es una situaci\u00f3n compleja. En el mes de julio oficiamos denunciando la falta de profesionales y la necesidad de aumentar las rondas m\u00e9dicas. De los 5 m\u00e9dicos destinados para el Cesfam de la Junta, hasta hace algunos d\u00edas no hab\u00eda ninguno atendiendo. Esto repercute fuertemente en la comunidad, porque la gente va a urgencia y no tiene m\u00e9dicos\u201d.<\/p>\n<p style=\"font-weight: 400; text-align: justify;\">\u201cEsto ha generado que se hayan realizado una gran cantidad de traslados aerom\u00e9dicos mediante avi\u00f3n ambulancia, porque no hay capacidad de resolutividad en La Junta. Si el Estado hizo una tremenda inversi\u00f3n respecto de un nuevo edificio para Cesfam a trav\u00e9s del Gobierno Regional, que hoy no haya m\u00e9dicos es una situaci\u00f3n absolutamente grave, porque no se est\u00e1 cumpliendo con la salud de la poblaci\u00f3n, no s\u00f3lo para la Junta, sino para todos los sectores rurales del norte de la Regi\u00f3n\u201d, indic\u00f3.<\/p>\n<p style=\"font-weight: 400; text-align: justify;\">El legislador argument\u00f3 que \u201ces fundamental que el Ministerio de Salud se pronuncie frente a esta situaci\u00f3n. Ahora, tengo entendido que est\u00e1 avanzando la contrataci\u00f3n de una nueva profesional m\u00e9dico, esperamos que esto se agilice y podamos contar pronto con esta nueva contrataci\u00f3n\u201d.<\/p>\n<p style=\"font-weight: 400; text-align: justify;\">Por su parte, Nancy Paredes Millao, vecina de La Junta y dirigenta de la Asociaci\u00f3n Mapuche Aiken Yemel y de la Organizaci\u00f3n de Mujeres L\u00edderes Ind\u00edgenas ONU Regi\u00f3n de Ays\u00e9n, se\u00f1al\u00f3 que \u201cen junio me comuniqu\u00e9 con el diputado Calisto pidi\u00e9ndole que aumenten las rondas m\u00e9dicas y que se pueda tener un m\u00e9dico de turno de urgencia de forma constante. En ese tiempo ibas a urgencia y ten\u00edas que esperar a que llegara el m\u00e9dico, atend\u00eda en ciertos horarios. Ahora no tenemos a nadie, porque todos los m\u00e9dicos est\u00e1n con licencia\u201d.<\/p>\n<p style=\"font-weight: 400; text-align: justify;\">Finalmente, la dirigenta se\u00f1al\u00f3 que \u201clos pobladores del sector rural, que han tenido problemas de salud, han tenido que pedir la ambulancia a Chait\u00e9n, porque ac\u00e1 a veces no est\u00e1 disponible, siempre est\u00e1n en mal estado o est\u00e1 en otra localidad. Yo le inform\u00e9 esta situaci\u00f3n a una asistente de la Gobernadora Regional. Aqu\u00ed quienes Sal\u00edan a socorrer a los enfermos eran bomberos y carabineros\u201d.<\/p>\n<\/div><\/section><\/div><div  style='height:50px' class='hr hr-invisible   avia-builder-el-6  el_after_av_one_full  el_before_av_social_share '><span class='hr-inner ' ><span class='hr-inner-style'><\/span><\/span><\/div><\/p>\n<div  class='av-social-sharing-box  avia-builder-el-7  el_after_av_hr  el_before_av_hr  '><div class='av-share-box'><h5 class='av-share-link-description av-no-toc '>Compartir esta noticia<\/h5><ul class='av-share-box-list noLightbox'><li class='av-share-link av-social-link-facebook' ><a target=\"_blank\" aria-label=\"Compartir en Facebook\" href='https:\/\/www.facebook.com\/sharer.php?u=https:\/\/radiorevelacionfm.cl\/?p=22532&#038;t=Ante%20denuncia%20de%20falta%20de%20m%C3%A9dicos%20en%20Cesfam%20de%20La%20Junta%20diputado%20Calisto%20pide%20al%20Gobierno%20dotar%20al%20sector%20norte%20de%20la%20regi%C3%B3n%20con%20m%C3%A1s%20profesionales' aria-hidden='false' data-av_icon='\ue8f3' data-av_iconfont='entypo-fontello' title='' data-avia-related-tooltip='Compartir en Facebook' rel=\"noopener\"><span class='avia_hidden_link_text'>Compartir en Facebook<\/span><\/a><\/li><li class='av-share-link av-social-link-twitter' ><a target=\"_blank\" aria-label=\"Compartir en Twitter\" href='https:\/\/twitter.com\/share?text=Ante%20denuncia%20de%20falta%20de%20m%C3%A9dicos%20en%20Cesfam%20de%20La%20Junta%20diputado%20Calisto%20pide%20al%20Gobierno%20dotar%20al%20sector%20norte%20de%20la%20regi%C3%B3n%20con%20m%C3%A1s%20profesionales&#038;url=https:\/\/radiorevelacionfm.cl\/?p=22532' aria-hidden='false' data-av_icon='\ue8f1' data-av_iconfont='entypo-fontello' title='' data-avia-related-tooltip='Compartir en Twitter' rel=\"noopener\"><span class='avia_hidden_link_text'>Compartir en Twitter<\/span><\/a><\/li><li class='av-share-link av-social-link-whatsapp' ><a target=\"_blank\" aria-label=\"Compartir en Whatsapp\" href='https:\/\/api.whatsapp.com\/send?text=https:\/\/radiorevelacionfm.cl\/?p=22532' aria-hidden='false' data-av_icon='\uf232' data-av_iconfont='entypo-fontello' title='' data-avia-related-tooltip='Compartir en Whatsapp' rel=\"noopener\"><span class='avia_hidden_link_text'>Compartir en Whatsapp<\/span><\/a><\/li><li class='av-share-link av-social-link-linkedin' ><a target=\"_blank\" aria-label=\"Compartir en LinkedIn\" href='https:\/\/linkedin.com\/shareArticle?mini=true&#038;title=Ante%20denuncia%20de%20falta%20de%20m%C3%A9dicos%20en%20Cesfam%20de%20La%20Junta%20diputado%20Calisto%20pide%20al%20Gobierno%20dotar%20al%20sector%20norte%20de%20la%20regi%C3%B3n%20con%20m%C3%A1s%20profesionales&#038;url=https:\/\/radiorevelacionfm.cl\/?p=22532' aria-hidden='false' data-av_icon='\ue8fc' data-av_iconfont='entypo-fontello' title='' data-avia-related-tooltip='Compartir en LinkedIn' rel=\"noopener\"><span class='avia_hidden_link_text'>Compartir en LinkedIn<\/span><\/a><\/li><li class='av-share-link av-social-link-mail' ><a  aria-label=\"Compartir por correo\" href='mailto:?subject=Ante%20denuncia%20de%20falta%20de%20m%C3%A9dicos%20en%20Cesfam%20de%20La%20Junta%20diputado%20Calisto%20pide%20al%20Gobierno%20dotar%20al%20sector%20norte%20de%20la%20regi%C3%B3n%20con%20m%C3%A1s%20profesionales&#038;body=https:\/\/radiorevelacionfm.cl\/?p=22532' aria-hidden='false' data-av_icon='\ue805' data-av_iconfont='entypo-fontello' title='' data-avia-related-tooltip='Compartir por correo'><span class='avia_hidden_link_text'>Compartir por correo<\/span><\/a><\/li><\/ul><\/div><\/div>\n<div  style='height:50px' class='hr hr-invisible   avia-builder-el-8  el_after_av_social_share  el_before_av_comments_list '><span class='hr-inner ' ><span class='hr-inner-style'><\/span><\/span><\/div>\n<div  class='av-buildercomment  av-blog-meta-html-info-disabled av-blog-meta-tag-disabled  '><\/div>\n","protected":false},"excerpt":{"rendered":"","protected":false},"author":1,"featured_media":8618,"comment_status":"open","ping_status":"open","sticky":false,"template":"","format":"standard","meta":{"footnotes":""},"categories":[35],"tags":[],"class_list":["post-22532","post","type-post","status-publish","format-standard","has-post-thumbnail","hentry","category-politica"],"jetpack_featured_media_url":"https:\/\/radiorevelacionfm.cl\/wp-content\/uploads\/2021\/09\/Calisto_Subsidios-1.jpg","_links":{"self":[{"href":"https:\/\/radiorevelacionfm.cl\/index.php?rest_route=\/wp\/v2\/posts\/22532","targetHints":{"allow":["GET"]}}],"collection":[{"href":"https:\/\/radiorevelacionfm.cl\/index.php?rest_route=\/wp\/v2\/posts"}],"about":[{"href":"https:\/\/radiorevelacionfm.cl\/index.php?rest_route=\/wp\/v2\/types\/post"}],"author":[{"embeddable":true,"href":"https:\/\/radiorevelacionfm.cl\/index.php?rest_route=\/wp\/v2\/users\/1"}],"replies":[{"embeddable":true,"href":"https:\/\/radiorevelacionfm.cl\/index.php?rest_route=%2Fwp%2Fv2%2Fcomments&post=22532"}],"version-history":[{"count":2,"href":"https:\/\/radiorevelacionfm.cl\/index.php?rest_route=\/wp\/v2\/posts\/22532\/revisions"}],"predecessor-version":[{"id":22534,"href":"https:\/\/radiorevelacionfm.cl\/index.php?rest_route=\/wp\/v2\/posts\/22532\/revisions\/22534"}],"wp:featuredmedia":[{"embeddable":true,"href":"https:\/\/radiorevelacionfm.cl\/index.php?rest_route=\/wp\/v2\/media\/8618"}],"wp:attachment":[{"href":"https:\/\/radiorevelacionfm.cl\/index.php?rest_route=%2Fwp%2Fv2%2Fmedia&parent=22532"}],"wp:term":[{"taxonomy":"category","embeddable":true,"href":"https:\/\/radiorevelacionfm.cl\/index.php?rest_route=%2Fwp%2Fv2%2Fcategories&post=22532"},{"taxonomy":"post_tag","embeddable":true,"href":"https:\/\/radiorevelacionfm.cl\/index.php?rest_route=%2Fwp%2Fv2%2Ftags&post=22532"}],"curies":[{"name":"wp","href":"https:\/\/api.w.org\/{rel}","templated":true}]}}