{"id":22522,"date":"2022-10-02T19:30:09","date_gmt":"2022-10-02T22:30:09","guid":{"rendered":"https:\/\/radiorevelacionfm.cl\/?p=22522"},"modified":"2022-10-03T10:04:10","modified_gmt":"2022-10-03T13:04:10","slug":"mas-de-600-productores-as-de-la-provincia-general-carrera-recibieron-alimento-concentrado-para-ganado","status":"publish","type":"post","link":"https:\/\/radiorevelacionfm.cl\/?p=22522","title":{"rendered":"M\u00e1s de 600 productores\/as de la provincia General Carrera recibieron alimento concentrado para ganado"},"content":{"rendered":"<div class=\"flex_column av_one_full  flex_column_div av-zero-column-padding first  avia-builder-el-0  el_before_av_one_full  avia-builder-el-first  \" style='border-radius:0px; '><div  class='avia-image-container  av-styling-    avia-builder-el-1  avia-builder-el-no-sibling  avia-align-center '  itemprop=\"image\" itemscope=\"itemscope\" itemtype=\"https:\/\/schema.org\/ImageObject\"  ><div class='avia-image-container-inner'><div class='avia-image-overlay-wrap'><img decoding=\"async\" class='wp-image-22529 avia-img-lazy-loading-not-22529 avia_image' src=\"https:\/\/radiorevelacionfm.cl\/wp-content\/uploads\/2022\/10\/entrega-en-ibanez-1-1_optimized-1.jpg\" alt='' title='entrega-en-ib\u00e1\u00f1ez-(1)-(1)_optimized (1)' height=\"600\" width=\"1041\"  itemprop=\"thumbnailUrl\" srcset=\"https:\/\/radiorevelacionfm.cl\/wp-content\/uploads\/2022\/10\/entrega-en-ibanez-1-1_optimized-1.jpg 1041w, https:\/\/radiorevelacionfm.cl\/wp-content\/uploads\/2022\/10\/entrega-en-ibanez-1-1_optimized-1-300x173.jpg 300w, https:\/\/radiorevelacionfm.cl\/wp-content\/uploads\/2022\/10\/entrega-en-ibanez-1-1_optimized-1-1030x594.jpg 1030w, https:\/\/radiorevelacionfm.cl\/wp-content\/uploads\/2022\/10\/entrega-en-ibanez-1-1_optimized-1-768x443.jpg 768w, https:\/\/radiorevelacionfm.cl\/wp-content\/uploads\/2022\/10\/entrega-en-ibanez-1-1_optimized-1-705x406.jpg 705w, https:\/\/radiorevelacionfm.cl\/wp-content\/uploads\/2022\/10\/entrega-en-ibanez-1-1_optimized-1-600x346.jpg 600w\" sizes=\"(max-width: 1041px) 100vw, 1041px\" \/><\/div><\/div><\/div><\/div><div class=\"flex_column av_one_full  flex_column_div av-zero-column-padding first  avia-builder-el-2  el_after_av_one_full  el_before_av_one_full  column-top-margin\" style='border-radius:0px; '><section class=\"av_textblock_section \"  itemscope=\"itemscope\" itemtype=\"https:\/\/schema.org\/BlogPosting\" itemprop=\"blogPost\" ><div class='avia_textblock  '   itemprop=\"text\" ><div style=\"text-align: center;\"><strong><span style=\"font-size: 18pt;\">M\u00e1s de 600 productores\/as de la provincia General Carrera recibieron alimento concentrado para ganado<\/span><\/strong><\/div>\n<div id=\"gtx-trans\" style=\"position: absolute; left: -50px; top: 4.31534px;\">\n<div class=\"gtx-trans-icon\"><\/div>\n<\/div>\n<\/div><\/section><\/div><div class=\"flex_column av_one_full  flex_column_div av-zero-column-padding first  avia-builder-el-4  el_after_av_one_full  el_before_av_hr  column-top-margin\" style='border-radius:0px; '><section class=\"av_textblock_section \"  itemscope=\"itemscope\" itemtype=\"https:\/\/schema.org\/BlogPosting\" itemprop=\"blogPost\" ><div class='avia_textblock  '   itemprop=\"text\" ><p style=\"text-align: justify;\">En la comuna de R\u00edo Ib\u00e1\u00f1ez, son 103 los productores\/as beneficiados con la entrega materializada tras el convenio suscrito con la municipalidad y que se suman a los 194 campesinos\/as apoyados por Indap, por medio de la declaratoria de escases h\u00eddrica decretada en marzo de este a\u00f1o.<\/p>\n<p style=\"text-align: justify;\">\u00abCon ello se busca dar respuesta a la escasez de forraje, producto de la crisis h\u00eddrica, y que permiti\u00f3 bajar estos recursos a trav\u00e9s de las municipalidades e ir en ayuda del grupo que no es usuario de INDAP. Partimos en Cerro Castillo e Ib\u00e1\u00f1ez y esta semana nos trasladamos hacia el interior de la comuna\u00bb, sostuvo el alcalde de R\u00edo Ib\u00e1\u00f1ez, Marcelo Santana Vargas.<\/p>\n<p style=\"text-align: justify;\">El concejal de la misma comuna Julio Figueroa Lavado, resalt\u00f3 la oportunidad de esta entrega, en \u00e9poca de pariciones de los animales.<\/p>\n<p style=\"text-align: justify;\">\u00abLa ayuda de hoy d\u00eda, que entrega el Ministerio de Agricultura en conjunto con el municipio, es muy beneficioso para la gente, ya que la gente hab\u00eda consumido todo su alimento y concentrado\u00bb, subray\u00f3.<\/p>\n<p style=\"text-align: justify;\">La secretar\u00eda regional ministerial de Agricultura gestion\u00f3 tambi\u00e9n entrega de alimento concentrado para 56 campesinos\/as de Puerto Guadal, Mall\u00edn Grande, Fachinal y Chile Chico, con el objetivo de reforzar el apoyo concretado a trav\u00e9s de Indap a 255 productores de la comuna, por una suma sobre los $60 millones.<\/p>\n<p style=\"text-align: justify;\">El Delegado Presidencial Provincial, Daniel Fern\u00e1ndez M\u00e1rquez, destac\u00f3 la oportuna entrega de esta entrega para los campesinos de la provincia.<\/p>\n<p style=\"text-align: justify;\">\u00abComo Delegaci\u00f3n Presidencial Provincial estamos muy contentos del proceso de entrega tan importante, como apoyo y como ayuda para los productores y productoras de nuestra comunidad, en este a\u00f1o que ha sido particular y desde el punto de vista de escasez h\u00eddrica ha sido muy significativo\u00bb, indic\u00f3.<\/p>\n<p style=\"text-align: justify;\">El proceso de entrega busca suplir el requerimiento alimenticio del ganado durante el per\u00edodo de entrada de primavera y pariciones, como una manera de reforzar la actividad agropecuaria ante las contingencias derivadas del cambio clim\u00e1tico.<\/p>\n<p style=\"text-align: justify;\"><strong>Apoyos Estatales<\/strong><\/p>\n<p style=\"text-align: justify;\">En la actualidad en la Regi\u00f3n de Ays\u00e9n se encuentran vigentes tres Declaraciones de Emergencia, una con relaci\u00f3n al D\u00e9ficit H\u00eddrico (9 de marzo) donde a los recursos ya entregados desde Indap por $150 millones se concret\u00f3 el traspaso de recursos de $242 millones a trav\u00e9s de un convenio con las municipalidades de Lago Verde, Coyhaique, R\u00edo Ib\u00e1\u00f1ez, Cochrane, adem\u00e1s de un trabajo liderado por la Seremi de Agricultura para la comuna de Chile Chico.<\/p>\n<p style=\"text-align: justify;\">Por otro lado, dado el contexto de la emergencia invernal se ha impulsado dos declaratorias, priorizando a 2.034 productores\/as de nueve de las diez comunas de Ays\u00e9n, con un monto de estimado para generar este apoyo de $631.217.213.<\/p>\n<\/div><\/section><\/div><\/p>\n<div  style='height:50px' class='hr hr-invisible   avia-builder-el-6  el_after_av_one_full  el_before_av_social_share '><span class='hr-inner ' ><span class='hr-inner-style'><\/span><\/span><\/div>\n<div  class='av-social-sharing-box  avia-builder-el-7  el_after_av_hr  el_before_av_hr  '><div class='av-share-box'><h5 class='av-share-link-description av-no-toc '>Compartir esta noticia<\/h5><ul class='av-share-box-list noLightbox'><li class='av-share-link av-social-link-facebook' ><a target=\"_blank\" aria-label=\"Compartir en Facebook\" href='https:\/\/www.facebook.com\/sharer.php?u=https:\/\/radiorevelacionfm.cl\/?p=22522&#038;t=M%C3%A1s%20de%20600%20productores%2Fas%20de%20la%20provincia%20General%20Carrera%20recibieron%20alimento%20concentrado%20para%20ganado' aria-hidden='false' data-av_icon='\ue8f3' data-av_iconfont='entypo-fontello' title='' data-avia-related-tooltip='Compartir en Facebook' rel=\"noopener\"><span class='avia_hidden_link_text'>Compartir en Facebook<\/span><\/a><\/li><li class='av-share-link av-social-link-twitter' ><a target=\"_blank\" aria-label=\"Compartir en Twitter\" href='https:\/\/twitter.com\/share?text=M%C3%A1s%20de%20600%20productores%2Fas%20de%20la%20provincia%20General%20Carrera%20recibieron%20alimento%20concentrado%20para%20ganado&#038;url=https:\/\/radiorevelacionfm.cl\/?p=22522' aria-hidden='false' data-av_icon='\ue8f1' data-av_iconfont='entypo-fontello' title='' data-avia-related-tooltip='Compartir en Twitter' rel=\"noopener\"><span class='avia_hidden_link_text'>Compartir en Twitter<\/span><\/a><\/li><li class='av-share-link av-social-link-whatsapp' ><a target=\"_blank\" aria-label=\"Compartir en Whatsapp\" href='https:\/\/api.whatsapp.com\/send?text=https:\/\/radiorevelacionfm.cl\/?p=22522' aria-hidden='false' data-av_icon='\uf232' data-av_iconfont='entypo-fontello' title='' data-avia-related-tooltip='Compartir en Whatsapp' rel=\"noopener\"><span class='avia_hidden_link_text'>Compartir en Whatsapp<\/span><\/a><\/li><li class='av-share-link av-social-link-linkedin' ><a target=\"_blank\" aria-label=\"Compartir en LinkedIn\" href='https:\/\/linkedin.com\/shareArticle?mini=true&#038;title=M%C3%A1s%20de%20600%20productores%2Fas%20de%20la%20provincia%20General%20Carrera%20recibieron%20alimento%20concentrado%20para%20ganado&#038;url=https:\/\/radiorevelacionfm.cl\/?p=22522' aria-hidden='false' data-av_icon='\ue8fc' data-av_iconfont='entypo-fontello' title='' data-avia-related-tooltip='Compartir en LinkedIn' rel=\"noopener\"><span class='avia_hidden_link_text'>Compartir en LinkedIn<\/span><\/a><\/li><li class='av-share-link av-social-link-mail' ><a  aria-label=\"Compartir por correo\" href='mailto:?subject=M%C3%A1s%20de%20600%20productores%2Fas%20de%20la%20provincia%20General%20Carrera%20recibieron%20alimento%20concentrado%20para%20ganado&#038;body=https:\/\/radiorevelacionfm.cl\/?p=22522' aria-hidden='false' data-av_icon='\ue805' data-av_iconfont='entypo-fontello' title='' data-avia-related-tooltip='Compartir por correo'><span class='avia_hidden_link_text'>Compartir por correo<\/span><\/a><\/li><\/ul><\/div><\/div>\n<div  style='height:50px' class='hr hr-invisible   avia-builder-el-8  el_after_av_social_share  el_before_av_comments_list '><span class='hr-inner ' ><span class='hr-inner-style'><\/span><\/span><\/div>\n<div  class='av-buildercomment  av-blog-meta-html-info-disabled av-blog-meta-tag-disabled  '><\/div>\n","protected":false},"excerpt":{"rendered":"","protected":false},"author":1,"featured_media":22529,"comment_status":"open","ping_status":"open","sticky":false,"template":"","format":"standard","meta":{"footnotes":""},"categories":[58],"tags":[],"class_list":["post-22522","post","type-post","status-publish","format-standard","has-post-thumbnail","hentry","category-agricultura"],"jetpack_featured_media_url":"https:\/\/radiorevelacionfm.cl\/wp-content\/uploads\/2022\/10\/entrega-en-ibanez-1-1_optimized-1.jpg","_links":{"self":[{"href":"https:\/\/radiorevelacionfm.cl\/index.php?rest_route=\/wp\/v2\/posts\/22522","targetHints":{"allow":["GET"]}}],"collection":[{"href":"https:\/\/radiorevelacionfm.cl\/index.php?rest_route=\/wp\/v2\/posts"}],"about":[{"href":"https:\/\/radiorevelacionfm.cl\/index.php?rest_route=\/wp\/v2\/types\/post"}],"author":[{"embeddable":true,"href":"https:\/\/radiorevelacionfm.cl\/index.php?rest_route=\/wp\/v2\/users\/1"}],"replies":[{"embeddable":true,"href":"https:\/\/radiorevelacionfm.cl\/index.php?rest_route=%2Fwp%2Fv2%2Fcomments&post=22522"}],"version-history":[{"count":3,"href":"https:\/\/radiorevelacionfm.cl\/index.php?rest_route=\/wp\/v2\/posts\/22522\/revisions"}],"predecessor-version":[{"id":22531,"href":"https:\/\/radiorevelacionfm.cl\/index.php?rest_route=\/wp\/v2\/posts\/22522\/revisions\/22531"}],"wp:featuredmedia":[{"embeddable":true,"href":"https:\/\/radiorevelacionfm.cl\/index.php?rest_route=\/wp\/v2\/media\/22529"}],"wp:attachment":[{"href":"https:\/\/radiorevelacionfm.cl\/index.php?rest_route=%2Fwp%2Fv2%2Fmedia&parent=22522"}],"wp:term":[{"taxonomy":"category","embeddable":true,"href":"https:\/\/radiorevelacionfm.cl\/index.php?rest_route=%2Fwp%2Fv2%2Fcategories&post=22522"},{"taxonomy":"post_tag","embeddable":true,"href":"https:\/\/radiorevelacionfm.cl\/index.php?rest_route=%2Fwp%2Fv2%2Ftags&post=22522"}],"curies":[{"name":"wp","href":"https:\/\/api.w.org\/{rel}","templated":true}]}}