{"id":22520,"date":"2022-10-02T18:30:28","date_gmt":"2022-10-02T21:30:28","guid":{"rendered":"https:\/\/radiorevelacionfm.cl\/?p=22520"},"modified":"2022-10-03T09:56:01","modified_gmt":"2022-10-03T12:56:01","slug":"barcaza-chelenco-vuelve-a-navegar-tras-rescate-y-reparacion-de-rampa-de-acceso","status":"publish","type":"post","link":"https:\/\/radiorevelacionfm.cl\/?p=22520","title":{"rendered":"Barcaza Chelenco vuelve a navegar tras rescate y reparaci\u00f3n de rampa de acceso"},"content":{"rendered":"<div class=\"flex_column av_one_full  flex_column_div av-zero-column-padding first  avia-builder-el-0  el_before_av_one_full  avia-builder-el-first  \" style='border-radius:0px; '><div  class='avia-image-container  av-styling-    avia-builder-el-1  avia-builder-el-no-sibling  avia-align-center '  itemprop=\"image\" itemscope=\"itemscope\" itemtype=\"https:\/\/schema.org\/ImageObject\"  ><div class='avia-image-container-inner'><div class='avia-image-overlay-wrap'><img decoding=\"async\" class='wp-image-22525 avia-img-lazy-loading-not-22525 avia_image' src=\"https:\/\/radiorevelacionfm.cl\/wp-content\/uploads\/2022\/10\/Chelenco-Image-2022-10-02-at-16.37.52-1-1-8.jpeg\" alt='' title='Chelenco Image 2022-10-02 at 16.37.52 (1) (1)' height=\"600\" width=\"800\"  itemprop=\"thumbnailUrl\" srcset=\"https:\/\/radiorevelacionfm.cl\/wp-content\/uploads\/2022\/10\/Chelenco-Image-2022-10-02-at-16.37.52-1-1-8.jpeg 800w, https:\/\/radiorevelacionfm.cl\/wp-content\/uploads\/2022\/10\/Chelenco-Image-2022-10-02-at-16.37.52-1-1-8-300x225.jpeg 300w, https:\/\/radiorevelacionfm.cl\/wp-content\/uploads\/2022\/10\/Chelenco-Image-2022-10-02-at-16.37.52-1-1-8-768x576.jpeg 768w, https:\/\/radiorevelacionfm.cl\/wp-content\/uploads\/2022\/10\/Chelenco-Image-2022-10-02-at-16.37.52-1-1-8-705x529.jpeg 705w, https:\/\/radiorevelacionfm.cl\/wp-content\/uploads\/2022\/10\/Chelenco-Image-2022-10-02-at-16.37.52-1-1-8-600x450.jpeg 600w\" sizes=\"(max-width: 800px) 100vw, 800px\" \/><\/div><\/div><\/div><\/div><div class=\"flex_column av_one_full  flex_column_div av-zero-column-padding first  avia-builder-el-2  el_after_av_one_full  el_before_av_one_full  column-top-margin\" style='border-radius:0px; '><section class=\"av_textblock_section \"  itemscope=\"itemscope\" itemtype=\"https:\/\/schema.org\/BlogPosting\" itemprop=\"blogPost\" ><div class='avia_textblock  '   itemprop=\"text\" ><p style=\"text-align: center;\"><span style=\"font-size: 18pt;\"><strong>Barcaza Chelenco vuelve a navegar tras rescate y reparaci\u00f3n de rampa de acceso<\/strong><\/span><\/p>\n<div id=\"gtx-trans\" style=\"position: absolute; left: -50px; top: 4.31534px;\">\n<div class=\"gtx-trans-icon\"><\/div>\n<\/div>\n<\/div><\/section><\/div><\/p>\n<div class=\"flex_column av_one_full  flex_column_div av-zero-column-padding first  avia-builder-el-4  el_after_av_one_full  el_before_av_hr  column-top-margin\" style='border-radius:0px; '><section class=\"av_textblock_section \"  itemscope=\"itemscope\" itemtype=\"https:\/\/schema.org\/BlogPosting\" itemprop=\"blogPost\" ><div class='avia_textblock  '   itemprop=\"text\" ><p style=\"text-align: justify;\">Desde el Gobierno anunciaron monitoreo constante a la empresa Transal SpA. Due\u00f1a de la barcaza privada para que no se repitan situaciones de este tipo.<\/p>\n<p style=\"text-align: justify;\">Este domingo restableci\u00f3 sus operaciones entre Chile Chico y Puerto Ib\u00e1\u00f1ez la barcaza Chelenco, en el Lago General Carrera, tras las reparaciones en la rampa de acceso y la correspondiente autorizaci\u00f3n por parte de la autoridad mar\u00edtima.<\/p>\n<p style=\"text-align: justify;\">Desde el Gobierno, a trav\u00e9s del Delegado Presidencial Provincial de General Carrera, Daniel Fern\u00e1ndez M\u00e1rquez, se valor\u00f3 que la barcaza vuelva a dar conectividad para los habitantes de General Carrera, reestableciendo la principal ruta entre Chile Chico y Coyhaique. La autoridad provincial destac\u00f3 que \u201cEs muy grato poder informar que la barcaza Chelenco har\u00e1 zarpe desde Puerto Ingeniero Ib\u00e1\u00f1ez a las 18:00 Hrs. hacia Chile Chico, por cuanto la empresa Transal, que es la empresa propietaria de la nave, ya hizo todas las reparaciones y prueba de navegabilidad exigidas por la autoridad mar\u00edtima, esta \u00faltima instituci\u00f3n a su vez ya hizo las inspecciones respectivas\u201d<\/p>\n<p style=\"text-align: justify;\">En cuanto a las inspecciones, la autoridad indic\u00f3 que \u201ccomo Gobierno estaremos monitoreando muy de cerca el desempe\u00f1o de la empresa para que en el futuro no vuelvan a ocurrir eventos que comprometan la seguridad de las personas y la conectividad lacustre que es tan importante para la comuna de Chile Chico\u201d.<\/p>\n<p style=\"text-align: justify;\">A partir del zarpe de este domingo se retoman los horarios habituales de viajes entre las ciudades de Chile Chico y Puerto Ingeniero Ib\u00e1\u00f1ez a cargo de la barcaza Chelenco.<\/p>\n<\/div><\/section><\/div>\n<div  style='height:50px' class='hr hr-invisible   avia-builder-el-6  el_after_av_one_full  el_before_av_social_share '><span class='hr-inner ' ><span class='hr-inner-style'><\/span><\/span><\/div>\n<div  class='av-social-sharing-box  avia-builder-el-7  el_after_av_hr  el_before_av_hr  '><div class='av-share-box'><h5 class='av-share-link-description av-no-toc '>Compartir esta noticia<\/h5><ul class='av-share-box-list noLightbox'><li class='av-share-link av-social-link-facebook' ><a target=\"_blank\" aria-label=\"Compartir en Facebook\" href='https:\/\/www.facebook.com\/sharer.php?u=https:\/\/radiorevelacionfm.cl\/?p=22520&#038;t=Barcaza%20Chelenco%20vuelve%20a%20navegar%20tras%20rescate%20y%20reparaci%C3%B3n%20de%20rampa%20de%20acceso' aria-hidden='false' data-av_icon='\ue8f3' data-av_iconfont='entypo-fontello' title='' data-avia-related-tooltip='Compartir en Facebook' rel=\"noopener\"><span class='avia_hidden_link_text'>Compartir en Facebook<\/span><\/a><\/li><li class='av-share-link av-social-link-twitter' ><a target=\"_blank\" aria-label=\"Compartir en Twitter\" href='https:\/\/twitter.com\/share?text=Barcaza%20Chelenco%20vuelve%20a%20navegar%20tras%20rescate%20y%20reparaci%C3%B3n%20de%20rampa%20de%20acceso&#038;url=https:\/\/radiorevelacionfm.cl\/?p=22520' aria-hidden='false' data-av_icon='\ue8f1' data-av_iconfont='entypo-fontello' title='' data-avia-related-tooltip='Compartir en Twitter' rel=\"noopener\"><span class='avia_hidden_link_text'>Compartir en Twitter<\/span><\/a><\/li><li class='av-share-link av-social-link-whatsapp' ><a target=\"_blank\" aria-label=\"Compartir en Whatsapp\" href='https:\/\/api.whatsapp.com\/send?text=https:\/\/radiorevelacionfm.cl\/?p=22520' aria-hidden='false' data-av_icon='\uf232' data-av_iconfont='entypo-fontello' title='' data-avia-related-tooltip='Compartir en Whatsapp' rel=\"noopener\"><span class='avia_hidden_link_text'>Compartir en Whatsapp<\/span><\/a><\/li><li class='av-share-link av-social-link-linkedin' ><a target=\"_blank\" aria-label=\"Compartir en LinkedIn\" href='https:\/\/linkedin.com\/shareArticle?mini=true&#038;title=Barcaza%20Chelenco%20vuelve%20a%20navegar%20tras%20rescate%20y%20reparaci%C3%B3n%20de%20rampa%20de%20acceso&#038;url=https:\/\/radiorevelacionfm.cl\/?p=22520' aria-hidden='false' data-av_icon='\ue8fc' data-av_iconfont='entypo-fontello' title='' data-avia-related-tooltip='Compartir en LinkedIn' rel=\"noopener\"><span class='avia_hidden_link_text'>Compartir en LinkedIn<\/span><\/a><\/li><li class='av-share-link av-social-link-mail' ><a  aria-label=\"Compartir por correo\" href='mailto:?subject=Barcaza%20Chelenco%20vuelve%20a%20navegar%20tras%20rescate%20y%20reparaci%C3%B3n%20de%20rampa%20de%20acceso&#038;body=https:\/\/radiorevelacionfm.cl\/?p=22520' aria-hidden='false' data-av_icon='\ue805' data-av_iconfont='entypo-fontello' title='' data-avia-related-tooltip='Compartir por correo'><span class='avia_hidden_link_text'>Compartir por correo<\/span><\/a><\/li><\/ul><\/div><\/div>\n<div  style='height:50px' class='hr hr-invisible   avia-builder-el-8  el_after_av_social_share  el_before_av_comments_list '><span class='hr-inner ' ><span class='hr-inner-style'><\/span><\/span><\/div>\n<div  class='av-buildercomment  av-blog-meta-html-info-disabled av-blog-meta-tag-disabled  '><\/div>\n","protected":false},"excerpt":{"rendered":"","protected":false},"author":1,"featured_media":22525,"comment_status":"open","ping_status":"open","sticky":false,"template":"","format":"standard","meta":{"footnotes":""},"categories":[38],"tags":[],"class_list":["post-22520","post","type-post","status-publish","format-standard","has-post-thumbnail","hentry","category-regional"],"jetpack_featured_media_url":"https:\/\/radiorevelacionfm.cl\/wp-content\/uploads\/2022\/10\/Chelenco-Image-2022-10-02-at-16.37.52-1-1-8.jpeg","_links":{"self":[{"href":"https:\/\/radiorevelacionfm.cl\/index.php?rest_route=\/wp\/v2\/posts\/22520","targetHints":{"allow":["GET"]}}],"collection":[{"href":"https:\/\/radiorevelacionfm.cl\/index.php?rest_route=\/wp\/v2\/posts"}],"about":[{"href":"https:\/\/radiorevelacionfm.cl\/index.php?rest_route=\/wp\/v2\/types\/post"}],"author":[{"embeddable":true,"href":"https:\/\/radiorevelacionfm.cl\/index.php?rest_route=\/wp\/v2\/users\/1"}],"replies":[{"embeddable":true,"href":"https:\/\/radiorevelacionfm.cl\/index.php?rest_route=%2Fwp%2Fv2%2Fcomments&post=22520"}],"version-history":[{"count":3,"href":"https:\/\/radiorevelacionfm.cl\/index.php?rest_route=\/wp\/v2\/posts\/22520\/revisions"}],"predecessor-version":[{"id":22527,"href":"https:\/\/radiorevelacionfm.cl\/index.php?rest_route=\/wp\/v2\/posts\/22520\/revisions\/22527"}],"wp:featuredmedia":[{"embeddable":true,"href":"https:\/\/radiorevelacionfm.cl\/index.php?rest_route=\/wp\/v2\/media\/22525"}],"wp:attachment":[{"href":"https:\/\/radiorevelacionfm.cl\/index.php?rest_route=%2Fwp%2Fv2%2Fmedia&parent=22520"}],"wp:term":[{"taxonomy":"category","embeddable":true,"href":"https:\/\/radiorevelacionfm.cl\/index.php?rest_route=%2Fwp%2Fv2%2Fcategories&post=22520"},{"taxonomy":"post_tag","embeddable":true,"href":"https:\/\/radiorevelacionfm.cl\/index.php?rest_route=%2Fwp%2Fv2%2Ftags&post=22520"}],"curies":[{"name":"wp","href":"https:\/\/api.w.org\/{rel}","templated":true}]}}