{"id":22513,"date":"2022-10-02T12:04:12","date_gmt":"2022-10-02T15:04:12","guid":{"rendered":"https:\/\/radiorevelacionfm.cl\/?p=22513"},"modified":"2022-10-02T12:04:12","modified_gmt":"2022-10-02T15:04:12","slug":"continua-abierta-convocatoria-al-programa-semilla-inicia-dirigido-a-emprendedores-y-emprendedoras-de-aysen","status":"publish","type":"post","link":"https:\/\/radiorevelacionfm.cl\/?p=22513","title":{"rendered":"Contin\u00faa abierta convocatoria al programa Semilla Inicia dirigido a emprendedores y emprendedoras de Ays\u00e9n"},"content":{"rendered":"<div class=\"flex_column av_one_full  flex_column_div av-zero-column-padding first  avia-builder-el-0  el_before_av_one_full  avia-builder-el-first  \" style='border-radius:0px; '><div  class='avia-image-container  av-styling-    avia-builder-el-1  avia-builder-el-no-sibling  avia-align-center '  itemprop=\"image\" itemscope=\"itemscope\" itemtype=\"https:\/\/schema.org\/ImageObject\"  ><div class='avia-image-container-inner'><div class='avia-image-overlay-wrap'><img decoding=\"async\" class='wp-image-22515 avia-img-lazy-loading-not-22515 avia_image' src=\"https:\/\/radiorevelacionfm.cl\/wp-content\/uploads\/2022\/10\/220929-pexels-amina-filkins-5414010a-1-1.jpg\" alt='' title='220929 pexels-amina-filkins-5414010a (1) (1)' height=\"600\" width=\"1007\"  itemprop=\"thumbnailUrl\" srcset=\"https:\/\/radiorevelacionfm.cl\/wp-content\/uploads\/2022\/10\/220929-pexels-amina-filkins-5414010a-1-1.jpg 1007w, https:\/\/radiorevelacionfm.cl\/wp-content\/uploads\/2022\/10\/220929-pexels-amina-filkins-5414010a-1-1-300x179.jpg 300w, https:\/\/radiorevelacionfm.cl\/wp-content\/uploads\/2022\/10\/220929-pexels-amina-filkins-5414010a-1-1-768x458.jpg 768w, https:\/\/radiorevelacionfm.cl\/wp-content\/uploads\/2022\/10\/220929-pexels-amina-filkins-5414010a-1-1-705x420.jpg 705w, https:\/\/radiorevelacionfm.cl\/wp-content\/uploads\/2022\/10\/220929-pexels-amina-filkins-5414010a-1-1-600x357.jpg 600w\" sizes=\"(max-width: 1007px) 100vw, 1007px\" \/><\/div><\/div><\/div><\/div><div class=\"flex_column av_one_full  flex_column_div av-zero-column-padding first  avia-builder-el-2  el_after_av_one_full  el_before_av_one_full  column-top-margin\" style='border-radius:0px; '><section class=\"av_textblock_section \"  itemscope=\"itemscope\" itemtype=\"https:\/\/schema.org\/BlogPosting\" itemprop=\"blogPost\" ><div class='avia_textblock  '   itemprop=\"text\" ><p style=\"text-align: center;\"><strong><span style=\"font-size: 18pt;\">Contin\u00faa abierta convocatoria al programa Semilla Inicia dirigido a emprendedores y emprendedoras de Ays\u00e9n<\/span><\/strong><\/p>\n<div id=\"gtx-trans\" style=\"position: absolute; left: -50px; top: 4.31534px;\">\n<div class=\"gtx-trans-icon\"><\/div>\n<\/div>\n<\/div><\/section><\/div><div class=\"flex_column av_one_full  flex_column_div av-zero-column-padding first  avia-builder-el-4  el_after_av_one_full  el_before_av_hr  column-top-margin\" style='border-radius:0px; '><section class=\"av_textblock_section \"  itemscope=\"itemscope\" itemtype=\"https:\/\/schema.org\/BlogPosting\" itemprop=\"blogPost\" ><div class='avia_textblock  '   itemprop=\"text\" ><p style=\"text-align: justify;\"><span lang=\"es-419\">Hasta el 21 de octubre estar\u00e1n abiertas las postulaciones al programa\u00a0<\/span><span lang=\"es-419\"><a href=\"https:\/\/cutt.ly\/FVhosGp\" target=\"_blank\" rel=\"noopener\" data-saferedirecturl=\"https:\/\/www.google.com\/url?q=https:\/\/cutt.ly\/FVhosGp&amp;source=gmail&amp;ust=1664806368925000&amp;usg=AOvVaw0LsIMBOKCYZCR4hYaIZsPN\">Semilla Inicia de Corfo Ays\u00e9n<\/a><\/span><span lang=\"es-419\">, que busca apoyar emprendimientos de alto potencial de crecimiento y que cuenten con un prototipo de su producto o servicio.\u00a0<\/span><span lang=\"es-419\">Este programa es financiado con recursos del Gobierno Regional de Ays\u00e9n a trav\u00e9s del Fondo Nacional de Desarrollo Regional (F.N.D.R.).<\/span><\/p>\n<p style=\"text-align: justify;\"><span lang=\"es-419\">Andrea Mac\u00edas, Gobernadora Regional de Ays\u00e9n, se\u00f1al\u00f3 que \u201cSemilla Inicia es un programa que recibe aporte del Gobierno Regional y que permite apoyar a emprendedores y emprendedoras que cuentan con proyectos con un alto potencial de crecimiento a trav\u00e9s de este cofinanciamiento, que tambi\u00e9n tiene una mirada de g\u00e9nero. Siempre hemos dicho que la inversi\u00f3n p\u00fablica debe reducir las brechas de g\u00e9nero tambi\u00e9n en materia de fomento\u201d.<\/span><\/p>\n<p style=\"text-align: justify;\"><span lang=\"es-419\">Esta iniciativa est\u00e1 orientada a apoyar emprendimientos innovadores, esto es, proyectos cuya soluci\u00f3n propuesta a una problem\u00e1tica relevante, represente un nuevo o mejorado producto o servicio, que corresponda a un desarrollo del equipo emprendedor, que tenga un alcance nacional y potencial de internacionalizaci\u00f3n.<\/span><\/p>\n<p style=\"text-align: justify;\"><span lang=\"es-419\">Por su parte, Humberto Mar\u00edn Leiva, director de Corfo Ays\u00e9n, indic\u00f3 que \u201cpara poder reactivar nuestra econom\u00eda, el emprendimiento es una herramienta esencial. Agradecemos al Gobierno Regional de Ays\u00e9n a trav\u00e9s del Fondo Nacional de Desarrollo Regional (F.N.D.R.), por disponer de los recursos necesarios para fomentar la innovaci\u00f3n en la b\u00fasqueda de soluciones para las problem\u00e1ticas detectadas, permitiendo que muchos emprendedores y emprendedoras inicien sus negocios y puedan dinamizar nuestra econom\u00eda\u201d.\u00a0\u00a0<\/span><\/p>\n<p style=\"text-align: justify;\"><span lang=\"es-419\">INNOVACI\u00d3N Y VALIDACI\u00d3N<\/span><\/p>\n<p style=\"text-align: justify;\"><span lang=\"es-419\">El programa Semilla Inicia busca apoyar a emprendedores y emprendedoras que cuenten con proyectos de negocios de alto potencial de crecimiento, mediante el cofinanciamiento de actividades para la validaci\u00f3n t\u00e9cnica y comercial del emprendimiento, adem\u00e1s de acceso a servicios de apoyo para su implementaci\u00f3n y desarrollo.<\/span><\/p>\n<p style=\"text-align: justify;\"><span lang=\"es-419\">Podr\u00e1n postular personas naturales, mayores de 18 a\u00f1os, con residencia en Chile. Persona jur\u00eddica, constituida en Chile, que tengan menos de 18 meses de iniciaci\u00f3n de actividades ante el Servicio de Impuestos Internos (SII), SIN VENTAS. Personas extranjeras con su C\u00e9dula de Identidad.<\/span><\/p>\n<p style=\"text-align: justify;\"><span lang=\"es-419\">Este programa cofinancia hasta el 75% del costo total del proyecto, con un tope de hasta $15.000.000. El monto restante debe ser aportado por el beneficiario (25%), en dinero en efectivo, en el transcurso de la ejecuci\u00f3n del proyecto. En el caso de adjudicaci\u00f3n de Empresa Liderada por Mujer, cubre hasta el 85% del Costo Total del proyecto y el 15% restante debe ser aportado por la Beneficiaria, en dinero en efectivo, en el transcurso de ejecuci\u00f3n del proyecto.<\/span><\/p>\n<p style=\"text-align: justify;\"><span lang=\"es-419\">Los interesados en Semilla Inicia de Corfo tendr\u00e1n hasta las 15:00 horas del 21 de octubre de 2022 para postular a trav\u00e9s de\u00a0<\/span><span lang=\"es-419\"><a href=\"http:\/\/www.corfo.cl\/\" target=\"_blank\" rel=\"noopener\" data-saferedirecturl=\"https:\/\/www.google.com\/url?q=http:\/\/www.corfo.cl\/&amp;source=gmail&amp;ust=1664806368925000&amp;usg=AOvVaw1lxPByyRUjF5Laj3LYOc7I\">www.corfo.cl<\/a><\/span><u><span lang=\"es-419\">.\u00a0\u00a0<\/span><\/u><span lang=\"es-419\">Para m\u00e1s informaci\u00f3n, dirigirse a las oficinas de Corfo Ays\u00e9n, ubicadas en Sim\u00f3n Bol\u00edvar n\u00b0262, Coyhaique en horario de 08:30 a 13:30 horas;\u00a0<\/span><span lang=\"es-419\">escribiendo a\u00a0<\/span><span lang=\"es-419\"><a href=\"mailto:monica.moldenhauer@corfo.cl\" target=\"_blank\" rel=\"noopener\">monica.moldenhauer@corfo.cl<\/a><\/span><span lang=\"es-419\">\u00a0<\/span><span lang=\"es-419\"><wbr \/>o llamando al tel\u00e9fono 67 2451250.<\/span><\/p>\n<\/div><\/section><\/div><div  style='height:50px' class='hr hr-invisible   avia-builder-el-6  el_after_av_one_full  el_before_av_social_share '><span class='hr-inner ' ><span class='hr-inner-style'><\/span><\/span><\/div><\/p>\n<div  class='av-social-sharing-box  avia-builder-el-7  el_after_av_hr  el_before_av_hr  '><div class='av-share-box'><h5 class='av-share-link-description av-no-toc '>Compartir esta noticia<\/h5><ul class='av-share-box-list noLightbox'><li class='av-share-link av-social-link-facebook' ><a target=\"_blank\" aria-label=\"Compartir en Facebook\" href='https:\/\/www.facebook.com\/sharer.php?u=https:\/\/radiorevelacionfm.cl\/?p=22513&#038;t=Contin%C3%BAa%20abierta%20convocatoria%20al%20programa%20Semilla%20Inicia%20dirigido%20a%20emprendedores%20y%20emprendedoras%20de%20Ays%C3%A9n' aria-hidden='false' data-av_icon='\ue8f3' data-av_iconfont='entypo-fontello' title='' data-avia-related-tooltip='Compartir en Facebook' rel=\"noopener\"><span class='avia_hidden_link_text'>Compartir en Facebook<\/span><\/a><\/li><li class='av-share-link av-social-link-twitter' ><a target=\"_blank\" aria-label=\"Compartir en Twitter\" href='https:\/\/twitter.com\/share?text=Contin%C3%BAa%20abierta%20convocatoria%20al%20programa%20Semilla%20Inicia%20dirigido%20a%20emprendedores%20y%20emprendedoras%20de%20Ays%C3%A9n&#038;url=https:\/\/radiorevelacionfm.cl\/?p=22513' aria-hidden='false' data-av_icon='\ue8f1' data-av_iconfont='entypo-fontello' title='' data-avia-related-tooltip='Compartir en Twitter' rel=\"noopener\"><span class='avia_hidden_link_text'>Compartir en Twitter<\/span><\/a><\/li><li class='av-share-link av-social-link-whatsapp' ><a target=\"_blank\" aria-label=\"Compartir en Whatsapp\" href='https:\/\/api.whatsapp.com\/send?text=https:\/\/radiorevelacionfm.cl\/?p=22513' aria-hidden='false' data-av_icon='\uf232' data-av_iconfont='entypo-fontello' title='' data-avia-related-tooltip='Compartir en Whatsapp' rel=\"noopener\"><span class='avia_hidden_link_text'>Compartir en Whatsapp<\/span><\/a><\/li><li class='av-share-link av-social-link-linkedin' ><a target=\"_blank\" aria-label=\"Compartir en LinkedIn\" href='https:\/\/linkedin.com\/shareArticle?mini=true&#038;title=Contin%C3%BAa%20abierta%20convocatoria%20al%20programa%20Semilla%20Inicia%20dirigido%20a%20emprendedores%20y%20emprendedoras%20de%20Ays%C3%A9n&#038;url=https:\/\/radiorevelacionfm.cl\/?p=22513' aria-hidden='false' data-av_icon='\ue8fc' data-av_iconfont='entypo-fontello' title='' data-avia-related-tooltip='Compartir en LinkedIn' rel=\"noopener\"><span class='avia_hidden_link_text'>Compartir en LinkedIn<\/span><\/a><\/li><li class='av-share-link av-social-link-mail' ><a  aria-label=\"Compartir por correo\" href='mailto:?subject=Contin%C3%BAa%20abierta%20convocatoria%20al%20programa%20Semilla%20Inicia%20dirigido%20a%20emprendedores%20y%20emprendedoras%20de%20Ays%C3%A9n&#038;body=https:\/\/radiorevelacionfm.cl\/?p=22513' aria-hidden='false' data-av_icon='\ue805' data-av_iconfont='entypo-fontello' title='' data-avia-related-tooltip='Compartir por correo'><span class='avia_hidden_link_text'>Compartir por correo<\/span><\/a><\/li><\/ul><\/div><\/div>\n<div  style='height:50px' class='hr hr-invisible   avia-builder-el-8  el_after_av_social_share  el_before_av_comments_list '><span class='hr-inner ' ><span class='hr-inner-style'><\/span><\/span><\/div>\n<div  class='av-buildercomment  av-blog-meta-html-info-disabled av-blog-meta-tag-disabled  '><\/div>\n","protected":false},"excerpt":{"rendered":"","protected":false},"author":1,"featured_media":22515,"comment_status":"open","ping_status":"open","sticky":false,"template":"","format":"standard","meta":{"footnotes":""},"categories":[38],"tags":[],"class_list":["post-22513","post","type-post","status-publish","format-standard","has-post-thumbnail","hentry","category-regional"],"jetpack_featured_media_url":"https:\/\/radiorevelacionfm.cl\/wp-content\/uploads\/2022\/10\/220929-pexels-amina-filkins-5414010a-1-1.jpg","_links":{"self":[{"href":"https:\/\/radiorevelacionfm.cl\/index.php?rest_route=\/wp\/v2\/posts\/22513","targetHints":{"allow":["GET"]}}],"collection":[{"href":"https:\/\/radiorevelacionfm.cl\/index.php?rest_route=\/wp\/v2\/posts"}],"about":[{"href":"https:\/\/radiorevelacionfm.cl\/index.php?rest_route=\/wp\/v2\/types\/post"}],"author":[{"embeddable":true,"href":"https:\/\/radiorevelacionfm.cl\/index.php?rest_route=\/wp\/v2\/users\/1"}],"replies":[{"embeddable":true,"href":"https:\/\/radiorevelacionfm.cl\/index.php?rest_route=%2Fwp%2Fv2%2Fcomments&post=22513"}],"version-history":[{"count":2,"href":"https:\/\/radiorevelacionfm.cl\/index.php?rest_route=\/wp\/v2\/posts\/22513\/revisions"}],"predecessor-version":[{"id":22517,"href":"https:\/\/radiorevelacionfm.cl\/index.php?rest_route=\/wp\/v2\/posts\/22513\/revisions\/22517"}],"wp:featuredmedia":[{"embeddable":true,"href":"https:\/\/radiorevelacionfm.cl\/index.php?rest_route=\/wp\/v2\/media\/22515"}],"wp:attachment":[{"href":"https:\/\/radiorevelacionfm.cl\/index.php?rest_route=%2Fwp%2Fv2%2Fmedia&parent=22513"}],"wp:term":[{"taxonomy":"category","embeddable":true,"href":"https:\/\/radiorevelacionfm.cl\/index.php?rest_route=%2Fwp%2Fv2%2Fcategories&post=22513"},{"taxonomy":"post_tag","embeddable":true,"href":"https:\/\/radiorevelacionfm.cl\/index.php?rest_route=%2Fwp%2Fv2%2Ftags&post=22513"}],"curies":[{"name":"wp","href":"https:\/\/api.w.org\/{rel}","templated":true}]}}