{"id":22507,"date":"2022-10-01T15:20:11","date_gmt":"2022-10-01T18:20:11","guid":{"rendered":"https:\/\/radiorevelacionfm.cl\/?p=22507"},"modified":"2022-10-01T15:40:20","modified_gmt":"2022-10-01T18:40:20","slug":"aysen-celebro-el-dia-nacional-de-las-y-los-guardaparques","status":"publish","type":"post","link":"https:\/\/radiorevelacionfm.cl\/?p=22507","title":{"rendered":"Ays\u00e9n celebr\u00f3 el D\u00eda Nacional de las y los Guardaparques"},"content":{"rendered":"<div class=\"flex_column av_one_full  flex_column_div av-zero-column-padding first  avia-builder-el-0  el_before_av_one_full  avia-builder-el-first  \" style='border-radius:0px; '><div  class='avia-image-container  av-styling-    avia-builder-el-1  avia-builder-el-no-sibling  avia-align-center '  itemprop=\"image\" itemscope=\"itemscope\" itemtype=\"https:\/\/schema.org\/ImageObject\"  ><div class='avia-image-container-inner'><div class='avia-image-overlay-wrap'><img decoding=\"async\" class='wp-image-22508 avia-img-lazy-loading-not-22508 avia_image' src=\"https:\/\/radiorevelacionfm.cl\/wp-content\/uploads\/2022\/10\/513d7eda-db3f-434e-96b1-055b28133fec-1-1.jpg\" alt='' title='513d7eda-db3f-434e-96b1-055b28133fec (1) (1)' height=\"600\" width=\"900\"  itemprop=\"thumbnailUrl\" srcset=\"https:\/\/radiorevelacionfm.cl\/wp-content\/uploads\/2022\/10\/513d7eda-db3f-434e-96b1-055b28133fec-1-1.jpg 900w, https:\/\/radiorevelacionfm.cl\/wp-content\/uploads\/2022\/10\/513d7eda-db3f-434e-96b1-055b28133fec-1-1-300x200.jpg 300w, https:\/\/radiorevelacionfm.cl\/wp-content\/uploads\/2022\/10\/513d7eda-db3f-434e-96b1-055b28133fec-1-1-768x512.jpg 768w, https:\/\/radiorevelacionfm.cl\/wp-content\/uploads\/2022\/10\/513d7eda-db3f-434e-96b1-055b28133fec-1-1-705x470.jpg 705w, https:\/\/radiorevelacionfm.cl\/wp-content\/uploads\/2022\/10\/513d7eda-db3f-434e-96b1-055b28133fec-1-1-600x400.jpg 600w\" sizes=\"(max-width: 900px) 100vw, 900px\" \/><\/div><\/div><\/div><\/div><div class=\"flex_column av_one_full  flex_column_div av-zero-column-padding first  avia-builder-el-2  el_after_av_one_full  el_before_av_one_full  column-top-margin\" style='border-radius:0px; '><section class=\"av_textblock_section \"  itemscope=\"itemscope\" itemtype=\"https:\/\/schema.org\/BlogPosting\" itemprop=\"blogPost\" ><div class='avia_textblock  '   itemprop=\"text\" ><p style=\"text-align: center;\"><span style=\"font-size: 18pt;\"><strong>Ays\u00e9n celebr\u00f3 el D\u00eda Nacional de las y los Guardaparques<\/strong><\/span><\/p>\n<div id=\"gtx-trans\" style=\"position: absolute; left: -50px; top: 4.31534px;\">\n<div class=\"gtx-trans-icon\"><\/div>\n<\/div>\n<\/div><\/section><\/div><div class=\"flex_column av_one_full  flex_column_div av-zero-column-padding first  avia-builder-el-4  el_after_av_one_full  el_before_av_hr  column-top-margin\" style='border-radius:0px; '><section class=\"av_textblock_section \"  itemscope=\"itemscope\" itemtype=\"https:\/\/schema.org\/BlogPosting\" itemprop=\"blogPost\" ><div class='avia_textblock  '   itemprop=\"text\" ><p style=\"text-align: justify;\">Reconociendo la gran labor en conservaci\u00f3n de la biodiversidad, pero tambi\u00e9n en vinculaci\u00f3n comunitaria, equidad de g\u00e9nero, accesibilidad universal, y trayectoria de mujeres y hombres guardaparques que han marcado la historia en la gesti\u00f3n que se realiza en las \u00e1reas protegidas del Estado, la Corporaci\u00f3n Nacional Forestal (CONAF) celebr\u00f3 este 30 de septiembre el D\u00eda Nacional de las y los Guardaparques.<\/p>\n<p style=\"text-align: justify;\">Reserva Nacional Coyhaique fue donde se dio el puntapi\u00e9 inicial para la jornada de celebraci\u00f3n el d\u00eda 29 de octubre, que cont\u00f3 con el apoyo de profesionales del Campus Patagonia de la Universidad Austral de Chile, dando una clase te\u00f3rica-pr\u00e1ctica de \u201cBosque con Lupa\u201d, actividad que luego los guardaparques podr\u00e1n replicar en sus \u00e1reas silvestres protegidas con delegaciones y colegios. Mientras que, en la jornada de la tarde, profesionales del CIEP dieron una capacitaci\u00f3n de \u201cServicios Ecosist\u00e9micos\u201d, tema importante para la labor de protecci\u00f3n y conservaci\u00f3n de flora y fauna dentro de los parques y reservas.<\/p>\n<p style=\"text-align: justify;\">Cabe recordar que nuestro pa\u00eds cuenta con un Sistema Nacional de \u00c1reas Silvestres Protegidas del Estado (SNASPE) conformado por 106 unidades, 42 de ellas parques nacionales, 46 reservas nacionales y 18 monumentos naturales, administradas por CONAF, a las que se suma tambi\u00e9n la gesti\u00f3n de resguardo de dos santuarios de la naturaleza, y que abarcan una superficie de sobre el 21% del territorio nacional, resguardando de manera efectiva los ecosistemas del pa\u00eds para as\u00ed mantener los procesos evolutivos que permiten conservar la diversidad biol\u00f3gica. En estas \u00e1reas protegidas desarrollan su labor las y los guardaparques.<\/p>\n<p style=\"text-align: justify;\">Con el fin de destacar el trabajo que realizan, el Estado de Chile, mediante Decreto Supremo 255, del 6 de septiembre de 2016, estableci\u00f3 el \u201cD\u00eda Nacional de las y los Guardaparques\u201d, cuya publicaci\u00f3n en el Diario Oficial se verific\u00f3 el d\u00eda 16 de noviembre de ese a\u00f1o. La fecha del 30 de septiembre recuerda la creaci\u00f3n de la primera \u00e1rea silvestre protegida de Chile, la Reserva Nacional Malleco, en la Regi\u00f3n de La Araucan\u00eda, en 1907.<\/p>\n<p style=\"text-align: justify;\">Uno de los aspectos que m\u00e1s resalt\u00f3 el director ejecutivo de CONAF, Christian Little, es que \u201ceste es un reconocimiento a la gran labor de hombres y mujeres que se han dedicado a la protecci\u00f3n de nuestro patrimonio natural y cultural, que se resguarda en las \u00c1reas Silvestres Protegidas del Estado\u201d.<\/p>\n<p style=\"text-align: justify;\">\u201cTodas y todos ustedes son merecedores del reconocimiento que reciben en la celebraci\u00f3n de su d\u00eda nacional. Y tenemos el compromiso de seguir mejorando sus condiciones laborales, por el gran sacrificio que realizan d\u00eda a d\u00eda\u201d, agreg\u00f3<\/p>\n<p style=\"text-align: justify;\">As\u00ed tambi\u00e9n lo destac\u00f3 la Directora Regional, Claudia Reyes Santelices, quien manifest\u00f3 que \u201cLas y los guardaparques se desenvuelven con gran esfuerzo y abnegaci\u00f3n, donde muchas veces desempe\u00f1an labores y toma de decisiones que son importantes cuando la conectividad es limitada, como es el caso de nuestra regi\u00f3n, por lo que me siento orgullosa y agradecida por la entrega que realizan\u201d<\/p>\n<p style=\"text-align: justify;\">La ceremonia de celebraci\u00f3n se realiz\u00f3 en la Reserva Nacional Trapananda, con una actividad de encuentro llamada \u201cRol del guardaparques como agente de cambio\u201d donde los asistentes reflexionaron sobre las mejoras a realizar en su labor como tambi\u00e9n el enfrentar el mundo actual en medio de los cambios generacionales con respecto a la conciencia ecol\u00f3gica que existe. Todo esto gracias al apoyo de Balloon Latam que con diversas din\u00e1micas provocaron un acercamiento del equipo en un ambiente l\u00fadico.<\/p>\n<p style=\"text-align: justify;\">Uno de los aspectos subrayados por ambas autoridades fue el importante trabajo que realizan las y los guardaparques en la conservaci\u00f3n de la biodiversidad y que son ellas y ellos los verdaderos ecoguardianes de nuestro pa\u00eds, porque se entregan por entero en la protecci\u00f3n de los recursos naturales y culturales que se resguardan en las \u00e1reas silvestres protegidas del Estado que administra CONAF.<\/p>\n<\/div><\/section><\/div><div  style='height:50px' class='hr hr-invisible   avia-builder-el-6  el_after_av_one_full  el_before_av_social_share '><span class='hr-inner ' ><span class='hr-inner-style'><\/span><\/span><\/div><\/p>\n<div  class='av-social-sharing-box  avia-builder-el-7  el_after_av_hr  el_before_av_hr  '><div class='av-share-box'><h5 class='av-share-link-description av-no-toc '>Compartir esta noticia<\/h5><ul class='av-share-box-list noLightbox'><li class='av-share-link av-social-link-facebook' ><a target=\"_blank\" aria-label=\"Compartir en Facebook\" href='https:\/\/www.facebook.com\/sharer.php?u=https:\/\/radiorevelacionfm.cl\/?p=22507&#038;t=Ays%C3%A9n%20celebr%C3%B3%20el%20D%C3%ADa%20Nacional%20de%20las%20y%20los%20Guardaparques' aria-hidden='false' data-av_icon='\ue8f3' data-av_iconfont='entypo-fontello' title='' data-avia-related-tooltip='Compartir en Facebook' rel=\"noopener\"><span class='avia_hidden_link_text'>Compartir en Facebook<\/span><\/a><\/li><li class='av-share-link av-social-link-twitter' ><a target=\"_blank\" aria-label=\"Compartir en Twitter\" href='https:\/\/twitter.com\/share?text=Ays%C3%A9n%20celebr%C3%B3%20el%20D%C3%ADa%20Nacional%20de%20las%20y%20los%20Guardaparques&#038;url=https:\/\/radiorevelacionfm.cl\/?p=22507' aria-hidden='false' data-av_icon='\ue8f1' data-av_iconfont='entypo-fontello' title='' data-avia-related-tooltip='Compartir en Twitter' rel=\"noopener\"><span class='avia_hidden_link_text'>Compartir en Twitter<\/span><\/a><\/li><li class='av-share-link av-social-link-whatsapp' ><a target=\"_blank\" aria-label=\"Compartir en Whatsapp\" href='https:\/\/api.whatsapp.com\/send?text=https:\/\/radiorevelacionfm.cl\/?p=22507' aria-hidden='false' data-av_icon='\uf232' data-av_iconfont='entypo-fontello' title='' data-avia-related-tooltip='Compartir en Whatsapp' rel=\"noopener\"><span class='avia_hidden_link_text'>Compartir en Whatsapp<\/span><\/a><\/li><li class='av-share-link av-social-link-linkedin' ><a target=\"_blank\" aria-label=\"Compartir en LinkedIn\" href='https:\/\/linkedin.com\/shareArticle?mini=true&#038;title=Ays%C3%A9n%20celebr%C3%B3%20el%20D%C3%ADa%20Nacional%20de%20las%20y%20los%20Guardaparques&#038;url=https:\/\/radiorevelacionfm.cl\/?p=22507' aria-hidden='false' data-av_icon='\ue8fc' data-av_iconfont='entypo-fontello' title='' data-avia-related-tooltip='Compartir en LinkedIn' rel=\"noopener\"><span class='avia_hidden_link_text'>Compartir en LinkedIn<\/span><\/a><\/li><li class='av-share-link av-social-link-mail' ><a  aria-label=\"Compartir por correo\" href='mailto:?subject=Ays%C3%A9n%20celebr%C3%B3%20el%20D%C3%ADa%20Nacional%20de%20las%20y%20los%20Guardaparques&#038;body=https:\/\/radiorevelacionfm.cl\/?p=22507' aria-hidden='false' data-av_icon='\ue805' data-av_iconfont='entypo-fontello' title='' data-avia-related-tooltip='Compartir por correo'><span class='avia_hidden_link_text'>Compartir por correo<\/span><\/a><\/li><\/ul><\/div><\/div>\n<div  style='height:50px' class='hr hr-invisible   avia-builder-el-8  el_after_av_social_share  el_before_av_comments_list '><span class='hr-inner ' ><span class='hr-inner-style'><\/span><\/span><\/div>\n<div  class='av-buildercomment  av-blog-meta-html-info-disabled av-blog-meta-tag-disabled  '><\/div>\n","protected":false},"excerpt":{"rendered":"","protected":false},"author":1,"featured_media":22508,"comment_status":"open","ping_status":"open","sticky":false,"template":"","format":"standard","meta":{"footnotes":""},"categories":[38],"tags":[],"class_list":["post-22507","post","type-post","status-publish","format-standard","has-post-thumbnail","hentry","category-regional"],"jetpack_featured_media_url":"https:\/\/radiorevelacionfm.cl\/wp-content\/uploads\/2022\/10\/513d7eda-db3f-434e-96b1-055b28133fec-1-1.jpg","_links":{"self":[{"href":"https:\/\/radiorevelacionfm.cl\/index.php?rest_route=\/wp\/v2\/posts\/22507","targetHints":{"allow":["GET"]}}],"collection":[{"href":"https:\/\/radiorevelacionfm.cl\/index.php?rest_route=\/wp\/v2\/posts"}],"about":[{"href":"https:\/\/radiorevelacionfm.cl\/index.php?rest_route=\/wp\/v2\/types\/post"}],"author":[{"embeddable":true,"href":"https:\/\/radiorevelacionfm.cl\/index.php?rest_route=\/wp\/v2\/users\/1"}],"replies":[{"embeddable":true,"href":"https:\/\/radiorevelacionfm.cl\/index.php?rest_route=%2Fwp%2Fv2%2Fcomments&post=22507"}],"version-history":[{"count":2,"href":"https:\/\/radiorevelacionfm.cl\/index.php?rest_route=\/wp\/v2\/posts\/22507\/revisions"}],"predecessor-version":[{"id":22512,"href":"https:\/\/radiorevelacionfm.cl\/index.php?rest_route=\/wp\/v2\/posts\/22507\/revisions\/22512"}],"wp:featuredmedia":[{"embeddable":true,"href":"https:\/\/radiorevelacionfm.cl\/index.php?rest_route=\/wp\/v2\/media\/22508"}],"wp:attachment":[{"href":"https:\/\/radiorevelacionfm.cl\/index.php?rest_route=%2Fwp%2Fv2%2Fmedia&parent=22507"}],"wp:term":[{"taxonomy":"category","embeddable":true,"href":"https:\/\/radiorevelacionfm.cl\/index.php?rest_route=%2Fwp%2Fv2%2Fcategories&post=22507"},{"taxonomy":"post_tag","embeddable":true,"href":"https:\/\/radiorevelacionfm.cl\/index.php?rest_route=%2Fwp%2Fv2%2Ftags&post=22507"}],"curies":[{"name":"wp","href":"https:\/\/api.w.org\/{rel}","templated":true}]}}