{"id":22485,"date":"2022-10-01T09:55:03","date_gmt":"2022-10-01T12:55:03","guid":{"rendered":"https:\/\/radiorevelacionfm.cl\/?p=22485"},"modified":"2022-10-01T09:55:03","modified_gmt":"2022-10-01T12:55:03","slug":"campesinos-as-de-villa-manihuales-se-instruyen-en-las-modificaciones-del-codigo-de-aguas","status":"publish","type":"post","link":"https:\/\/radiorevelacionfm.cl\/?p=22485","title":{"rendered":"Campesinos\/as de Villa Ma\u00f1ihuales se instruyen en las modificaciones del c\u00f3digo de aguas"},"content":{"rendered":"<div class=\"flex_column av_one_full  flex_column_div av-zero-column-padding first  avia-builder-el-0  el_before_av_one_full  avia-builder-el-first  \" style='border-radius:0px; '><div  class='avia-image-container  av-styling-    avia-builder-el-1  avia-builder-el-no-sibling  avia-align-center '  itemprop=\"image\" itemscope=\"itemscope\" itemtype=\"https:\/\/schema.org\/ImageObject\"  ><div class='avia-image-container-inner'><div class='avia-image-overlay-wrap'><img decoding=\"async\" class='wp-image-22486 avia-img-lazy-loading-not-22486 avia_image' src=\"https:\/\/radiorevelacionfm.cl\/wp-content\/uploads\/2022\/09\/1-2022-09-30T192105.813-1-1.jpg\" alt='' title='1 - 2022-09-30T192105.813 (1) (1)' height=\"600\" width=\"800\"  itemprop=\"thumbnailUrl\" srcset=\"https:\/\/radiorevelacionfm.cl\/wp-content\/uploads\/2022\/09\/1-2022-09-30T192105.813-1-1.jpg 800w, https:\/\/radiorevelacionfm.cl\/wp-content\/uploads\/2022\/09\/1-2022-09-30T192105.813-1-1-300x225.jpg 300w, https:\/\/radiorevelacionfm.cl\/wp-content\/uploads\/2022\/09\/1-2022-09-30T192105.813-1-1-768x576.jpg 768w, https:\/\/radiorevelacionfm.cl\/wp-content\/uploads\/2022\/09\/1-2022-09-30T192105.813-1-1-705x529.jpg 705w, https:\/\/radiorevelacionfm.cl\/wp-content\/uploads\/2022\/09\/1-2022-09-30T192105.813-1-1-600x450.jpg 600w\" sizes=\"(max-width: 800px) 100vw, 800px\" \/><\/div><\/div><\/div><\/div><div class=\"flex_column av_one_full  flex_column_div av-zero-column-padding first  avia-builder-el-2  el_after_av_one_full  el_before_av_one_full  column-top-margin\" style='border-radius:0px; '><section class=\"av_textblock_section \"  itemscope=\"itemscope\" itemtype=\"https:\/\/schema.org\/BlogPosting\" itemprop=\"blogPost\" ><div class='avia_textblock  '   itemprop=\"text\" ><p style=\"text-align: center;\"><strong><span style=\"font-size: 18pt;\">Campesinos\/as de Villa Ma\u00f1ihuales se instruyen en las modificaciones del c\u00f3digo de aguas <\/span><\/strong><\/p>\n<div id=\"gtx-trans\" style=\"position: absolute; left: -50px; top: 4.31534px;\">\n<div class=\"gtx-trans-icon\"><\/div>\n<\/div>\n<\/div><\/section><\/div><div class=\"flex_column av_one_full  flex_column_div av-zero-column-padding first  avia-builder-el-4  el_after_av_one_full  el_before_av_hr  column-top-margin\" style='border-radius:0px; '><section class=\"av_textblock_section \"  itemscope=\"itemscope\" itemtype=\"https:\/\/schema.org\/BlogPosting\" itemprop=\"blogPost\" ><div class='avia_textblock  '   itemprop=\"text\" ><p style=\"text-align: justify;\">Hasta la localidad de Ma\u00f1ihuales, llegaron los \u00a0representantes de los Comit\u00e9 de Agencia de \u00c1rea, CADA de la Junta y Ays\u00e9n, el Director (S) de INDAP Ays\u00e9n, Ricardo K\u00f6nig Parada, el Director de la Direcci\u00f3n General de Aguas del MOP, H\u00e9ctor Cort\u00e9s Gaete junto al Agente de Expedientes Subrogante de la DGA-MOP, Cristian Ibarra,\u00a0 adem\u00e1s de los respectivos jefes de \u00c1rea de la Junta, \u00a0Jaime Barrientos (S) y el Jefe de \u00c1rea de INDAP Ays\u00e9n, Sebasti\u00e1n Monsalve.<\/p>\n<p style=\"text-align: justify;\">Una instancia donde se abord\u00f3 el tema del aprovechamiento de los derechos de aguas, una tem\u00e1tica muy relevante y demandada para los campesinos y campesinas, sobre todo por el cambio del C\u00f3digo de Aguas y el impacto en el desarrollo productivo campesino,\u00a0 qu\u00e9 dentro de las modificaciones, contempla un nuevo proceso de tramitaci\u00f3n y forma para presentar las solicitudes de aprovechamiento de aguas,\u00a0 la posibilidad de establecer un proceso de admisibilidad de cada una de las solicitudes de aprovechamiento de aguas, y la obligaci\u00f3n del Servicio de fiscalizar extracciones efectivas para poder determinar qui\u00e9nes \u00a0efectivamente \u00a0est\u00e1n usando los derechos de aprovechamiento de aguas.<\/p>\n<p style=\"text-align: justify;\">As\u00ed tambi\u00e9n, se explic\u00f3 a los asistentes, respecto de la memoria explicativa y \u00a0c\u00f3mo completar cada uno de los campos del registro, requisito obligatorio para toda solicitud de derechos de aprovechamiento de aguas y se respondieron consultas respecto del recurso en los diversos contextos como Servicios Sanitarios, Uso Industrial, Riego, Turismo, entre otros.<\/p>\n<p style=\"text-align: justify;\">Bajo este contexto, el Director de la Direcci\u00f3n General de Aguas del MOP, H\u00e9ctor Cort\u00e9s Gaete destac\u00f3 que toda la informaci\u00f3n referente a las modificaciones al C\u00f3digo de Aguas, se encuentra disponible para la comunidad en la p\u00e1gina web <a href=\"http:\/\/www.dga.cl\">www.dga.cl<\/a><\/p>\n<p style=\"text-align: justify;\">\u201cAgradecemos la invitaci\u00f3n que nos realiz\u00f3 INDAP para participar en la reuni\u00f3n del CADA y poder informar y compartir con dirigentes de Asociaciones Campesinas de Villa Ma\u00f1ihuales y de otros sectores de la regi\u00f3n, \u00a0porque estamos mandatados por el gobierno del presidente Gabriel Boric para difundir las modificaciones que se incorporaron al C\u00f3digo de Aguas, lo que es materia fundamental para nuestro Gobierno en donde el agua, su protecci\u00f3n, y consumo son esenciales y contribuyen al desarrollo, crecimiento de las personas y comunidades\u201d<\/p>\n<p style=\"text-align: justify;\">Finalmente, el Seremi de Agricultura, Alan Espinoza Ortiz, se\u00f1al\u00f3: \u201cDesde la entrada en vigencia de la Ley N\u00b0 21.453 que reform\u00f3 el C\u00f3digo de Aguas, que vino a reforzar el car\u00e1cter de bien p\u00fablico del agua, desde la SEREMI de Agricultura, en conjunto con la Comisi\u00f3n Nacional de Riego, nos encontramos trabajando activamente con aquellos peque\u00f1os productores regionales quienes se encontraban en proceso de tramitaci\u00f3n de sus solicitudes, regularizaciones\u00a0 o la inscripci\u00f3n. Todo lo anterior, en el marco de la ejecuci\u00f3n de convenios de colaboraci\u00f3n y trasferencia de recursos, suscritos con el Gobierno Regional de Ays\u00e9n\u00a0 y \u00a0la Corporaci\u00f3n Nacional de Desarrollo Ind\u00edgena (CONADI) de la Regi\u00f3n de Los Lagos\u201d, puntualiz\u00f3.<\/p>\n<p style=\"text-align: justify;\"><u>Elecciones CAR \u2013 CADA \/ 06 de octubre<\/u><\/p>\n<p style=\"text-align: justify;\">Durante el encuentro, el director regional (S) de INDAP Ays\u00e9n, Ricardo K\u00f3nig Parada, puso en valor el trabajo de los CADA en los territorios, instancia que permite acercar la informaci\u00f3n a los usuarios de las distintas localidades, y as\u00ed tambi\u00e9n ser un ente v\u00e1lido para canalizar por parte de los campesinos, sugerencias a los instrumentos y definiciones del desarrollo productivo local.<\/p>\n<p style=\"text-align: justify;\">\u201cLa reuni\u00f3n CADA sostenida en la localidad de Ma\u00f1ihuales en la que participaron campesinos, campesinas y representantes del sector p\u00fablico, es un claro ejemplo de la manera en que queremos proyectar la relaci\u00f3n entre el sector rural y las instituciones. Sabemos que es importante acercar la informaci\u00f3n a nuestros usuarios respecto de los instrumentos, programas del gobierno, pero tambi\u00e9n recibir aquellas sugerencias y la retroalimentaci\u00f3n de c\u00f3mo efectivamente cada esfuerzo impacta en el territorio. Sin duda, valoramos su trabajo, sapiencia y experiencia\u201d, indic\u00f3 el Director (S) de INDAP Ays\u00e9n, Ricardo K\u00f6nig Parada.<\/p>\n<p style=\"text-align: justify;\">As\u00ed tambi\u00e9n hizo un llamado a los productores rurales de la regi\u00f3n de Ays\u00e9n, a ser parte del proceso de elecciones de los nuevos integrantes del Consejo Asesor Regional, CAR, que se realizar\u00e1 el pr\u00f3ximo 06 de octubre, directiva que tendr\u00e1 la misi\u00f3n de encabezar la representatividad regional por un periodo de 4 a\u00f1os, y que en el caso de la comuna de Ib\u00e1\u00f1ez, este a\u00f1o en particular, tambi\u00e9n contar\u00e1 con elecciones de los representantes locales del CADA. Ambos procesos eleccionarios se llevar\u00e1n a cabo en las dependencias de las Agencias de \u00c1rea de INDAP distribuidas a lo largo de la regi\u00f3n y en dependencias que se habilitar\u00e1n para estos efectos, las cuales ser\u00e1n informadas oportunamente.<\/p>\n<p style=\"text-align: justify;\">Finalmente, cabe destacar que INDAP Ays\u00e9n a trav\u00e9s de la Coordinaci\u00f3n del CADA realiz\u00f3 durante tres meses un proceso de difusi\u00f3n, donde se invit\u00f3 a las organizaciones campesinas a ser parte de esta importante instancia de participaci\u00f3n rural, lo que fue determinante en que hoy exista una representatividad total de candidatos a nivel regional.<\/p>\n<\/div><\/section><\/div><div  style='height:50px' class='hr hr-invisible   avia-builder-el-6  el_after_av_one_full  el_before_av_social_share '><span class='hr-inner ' ><span class='hr-inner-style'><\/span><\/span><\/div><\/p>\n<div  class='av-social-sharing-box  avia-builder-el-7  el_after_av_hr  el_before_av_hr  '><div class='av-share-box'><h5 class='av-share-link-description av-no-toc '>Compartir esta noticia<\/h5><ul class='av-share-box-list noLightbox'><li class='av-share-link av-social-link-facebook' ><a target=\"_blank\" aria-label=\"Compartir en Facebook\" href='https:\/\/www.facebook.com\/sharer.php?u=https:\/\/radiorevelacionfm.cl\/?p=22485&#038;t=Campesinos%2Fas%20de%20Villa%20Ma%C3%B1ihuales%20se%20instruyen%20en%20las%20modificaciones%20del%20c%C3%B3digo%20de%20aguas' aria-hidden='false' data-av_icon='\ue8f3' data-av_iconfont='entypo-fontello' title='' data-avia-related-tooltip='Compartir en Facebook' rel=\"noopener\"><span class='avia_hidden_link_text'>Compartir en Facebook<\/span><\/a><\/li><li class='av-share-link av-social-link-twitter' ><a target=\"_blank\" aria-label=\"Compartir en Twitter\" href='https:\/\/twitter.com\/share?text=Campesinos%2Fas%20de%20Villa%20Ma%C3%B1ihuales%20se%20instruyen%20en%20las%20modificaciones%20del%20c%C3%B3digo%20de%20aguas&#038;url=https:\/\/radiorevelacionfm.cl\/?p=22485' aria-hidden='false' data-av_icon='\ue8f1' data-av_iconfont='entypo-fontello' title='' data-avia-related-tooltip='Compartir en Twitter' rel=\"noopener\"><span class='avia_hidden_link_text'>Compartir en Twitter<\/span><\/a><\/li><li class='av-share-link av-social-link-whatsapp' ><a target=\"_blank\" aria-label=\"Compartir en Whatsapp\" href='https:\/\/api.whatsapp.com\/send?text=https:\/\/radiorevelacionfm.cl\/?p=22485' aria-hidden='false' data-av_icon='\uf232' data-av_iconfont='entypo-fontello' title='' data-avia-related-tooltip='Compartir en Whatsapp' rel=\"noopener\"><span class='avia_hidden_link_text'>Compartir en Whatsapp<\/span><\/a><\/li><li class='av-share-link av-social-link-linkedin' ><a target=\"_blank\" aria-label=\"Compartir en LinkedIn\" href='https:\/\/linkedin.com\/shareArticle?mini=true&#038;title=Campesinos%2Fas%20de%20Villa%20Ma%C3%B1ihuales%20se%20instruyen%20en%20las%20modificaciones%20del%20c%C3%B3digo%20de%20aguas&#038;url=https:\/\/radiorevelacionfm.cl\/?p=22485' aria-hidden='false' data-av_icon='\ue8fc' data-av_iconfont='entypo-fontello' title='' data-avia-related-tooltip='Compartir en LinkedIn' rel=\"noopener\"><span class='avia_hidden_link_text'>Compartir en LinkedIn<\/span><\/a><\/li><li class='av-share-link av-social-link-mail' ><a  aria-label=\"Compartir por correo\" href='mailto:?subject=Campesinos%2Fas%20de%20Villa%20Ma%C3%B1ihuales%20se%20instruyen%20en%20las%20modificaciones%20del%20c%C3%B3digo%20de%20aguas&#038;body=https:\/\/radiorevelacionfm.cl\/?p=22485' aria-hidden='false' data-av_icon='\ue805' data-av_iconfont='entypo-fontello' title='' data-avia-related-tooltip='Compartir por correo'><span class='avia_hidden_link_text'>Compartir por correo<\/span><\/a><\/li><\/ul><\/div><\/div>\n<div  style='height:50px' class='hr hr-invisible   avia-builder-el-8  el_after_av_social_share  el_before_av_comments_list '><span class='hr-inner ' ><span class='hr-inner-style'><\/span><\/span><\/div>\n<div  class='av-buildercomment  av-blog-meta-html-info-disabled av-blog-meta-tag-disabled  '><\/div>\n","protected":false},"excerpt":{"rendered":"","protected":false},"author":1,"featured_media":22486,"comment_status":"open","ping_status":"open","sticky":false,"template":"","format":"standard","meta":{"footnotes":""},"categories":[38],"tags":[],"class_list":["post-22485","post","type-post","status-publish","format-standard","has-post-thumbnail","hentry","category-regional"],"jetpack_featured_media_url":"https:\/\/radiorevelacionfm.cl\/wp-content\/uploads\/2022\/09\/1-2022-09-30T192105.813-1-1.jpg","_links":{"self":[{"href":"https:\/\/radiorevelacionfm.cl\/index.php?rest_route=\/wp\/v2\/posts\/22485","targetHints":{"allow":["GET"]}}],"collection":[{"href":"https:\/\/radiorevelacionfm.cl\/index.php?rest_route=\/wp\/v2\/posts"}],"about":[{"href":"https:\/\/radiorevelacionfm.cl\/index.php?rest_route=\/wp\/v2\/types\/post"}],"author":[{"embeddable":true,"href":"https:\/\/radiorevelacionfm.cl\/index.php?rest_route=\/wp\/v2\/users\/1"}],"replies":[{"embeddable":true,"href":"https:\/\/radiorevelacionfm.cl\/index.php?rest_route=%2Fwp%2Fv2%2Fcomments&post=22485"}],"version-history":[{"count":2,"href":"https:\/\/radiorevelacionfm.cl\/index.php?rest_route=\/wp\/v2\/posts\/22485\/revisions"}],"predecessor-version":[{"id":22500,"href":"https:\/\/radiorevelacionfm.cl\/index.php?rest_route=\/wp\/v2\/posts\/22485\/revisions\/22500"}],"wp:featuredmedia":[{"embeddable":true,"href":"https:\/\/radiorevelacionfm.cl\/index.php?rest_route=\/wp\/v2\/media\/22486"}],"wp:attachment":[{"href":"https:\/\/radiorevelacionfm.cl\/index.php?rest_route=%2Fwp%2Fv2%2Fmedia&parent=22485"}],"wp:term":[{"taxonomy":"category","embeddable":true,"href":"https:\/\/radiorevelacionfm.cl\/index.php?rest_route=%2Fwp%2Fv2%2Fcategories&post=22485"},{"taxonomy":"post_tag","embeddable":true,"href":"https:\/\/radiorevelacionfm.cl\/index.php?rest_route=%2Fwp%2Fv2%2Ftags&post=22485"}],"curies":[{"name":"wp","href":"https:\/\/api.w.org\/{rel}","templated":true}]}}