{"id":22481,"date":"2022-09-30T18:52:31","date_gmt":"2022-09-30T21:52:31","guid":{"rendered":"https:\/\/radiorevelacionfm.cl\/?p=22481"},"modified":"2022-09-30T18:52:31","modified_gmt":"2022-09-30T21:52:31","slug":"carabineros-del-gope-aysen-ubican-en-tiempo-record-a-ciudadano-extraviado-en-coyhaique","status":"publish","type":"post","link":"https:\/\/radiorevelacionfm.cl\/?p=22481","title":{"rendered":"Carabineros del GOPE Ays\u00e9n ubican en tiempo r\u00e9cord a ciudadano extraviado en Coyhaique"},"content":{"rendered":"<div class=\"flex_column av_one_full  flex_column_div av-zero-column-padding first  avia-builder-el-0  el_before_av_one_full  avia-builder-el-first  \" style='border-radius:0px; '><div  class='avia-image-container  av-styling-    avia-builder-el-1  avia-builder-el-no-sibling  avia-align-center '  itemprop=\"image\" itemscope=\"itemscope\" itemtype=\"https:\/\/schema.org\/ImageObject\"  ><div class='avia-image-container-inner'><div class='avia-image-overlay-wrap'><img decoding=\"async\" class='wp-image-22482 avia-img-lazy-loading-not-22482 avia_image' src=\"https:\/\/radiorevelacionfm.cl\/wp-content\/uploads\/2022\/09\/image-98_optimized.jpg\" alt='' title='image-(98)_optimized' height=\"600\" width=\"824\"  itemprop=\"thumbnailUrl\" srcset=\"https:\/\/radiorevelacionfm.cl\/wp-content\/uploads\/2022\/09\/image-98_optimized.jpg 824w, https:\/\/radiorevelacionfm.cl\/wp-content\/uploads\/2022\/09\/image-98_optimized-300x218.jpg 300w, https:\/\/radiorevelacionfm.cl\/wp-content\/uploads\/2022\/09\/image-98_optimized-768x559.jpg 768w, https:\/\/radiorevelacionfm.cl\/wp-content\/uploads\/2022\/09\/image-98_optimized-705x513.jpg 705w, https:\/\/radiorevelacionfm.cl\/wp-content\/uploads\/2022\/09\/image-98_optimized-600x437.jpg 600w\" sizes=\"(max-width: 824px) 100vw, 824px\" \/><\/div><\/div><\/div><\/div><div class=\"flex_column av_one_full  flex_column_div av-zero-column-padding first  avia-builder-el-2  el_after_av_one_full  el_before_av_one_full  column-top-margin\" style='border-radius:0px; '><section class=\"av_textblock_section \"  itemscope=\"itemscope\" itemtype=\"https:\/\/schema.org\/BlogPosting\" itemprop=\"blogPost\" ><div class='avia_textblock  '   itemprop=\"text\" ><p style=\"text-align: center;\"><span style=\"font-size: 18pt;\"><b>Carabineros del GOPE Ays\u00e9n ubican en tiempo r\u00e9cord a ciudadano extraviado en Coyhaique<\/b><\/span><\/p>\n<div id=\"gtx-trans\" style=\"position: absolute; left: -50px; top: 4.31534px;\">\n<div class=\"gtx-trans-icon\"><\/div>\n<\/div>\n<\/div><\/section><\/div><div class=\"flex_column av_one_full  flex_column_div av-zero-column-padding first  avia-builder-el-4  el_after_av_one_full  el_before_av_hr  column-top-margin\" style='border-radius:0px; '><section class=\"av_textblock_section \"  itemscope=\"itemscope\" itemtype=\"https:\/\/schema.org\/BlogPosting\" itemprop=\"blogPost\" ><div class='avia_textblock  '   itemprop=\"text\" ><p class=\"v1MsoNormal\" style=\"text-align: justify;\">El equipo especializado se incorpor\u00f3 esta jornada, logrando en aproximadamente una hora dar -entre los faldeos del cerro Divisadero- con la persona, siendo encontrada en buenas condiciones de salud, acci\u00f3n que fue ampliamente agradecida por familiares.<\/p>\n<p class=\"v1MsoNormal\" style=\"text-align: justify;\">Un rastreo efectuado por patrullas del Grupo de Operaciones Policiales Especiales (GOPE) de Carabineros de Ays\u00e9n, permiti\u00f3 ubicar en tiempo r\u00e9cord al ciudadano Patricio Mansilla Figueroa, sobre quien se desconoc\u00eda su paradero desde el lunes de esta semana.<\/p>\n<p class=\"v1MsoNormal\" style=\"text-align: justify;\">El personal especializado se sum\u00f3 la ma\u00f1ana del viernes 30 de septiembre, prestando apoyo en las tareas de b\u00fasqueda a cargo de la PDI en virtud de una denuncia por presunta desgracia, en un trabajo desarrollado en coordinaci\u00f3n con la Fiscal\u00eda local de Coyhaique.<\/p>\n<p class=\"v1MsoNormal\" style=\"text-align: justify;\">El Jefe del GOPE Ays\u00e9n, Capit\u00e1n Claudio Troncoso indic\u00f3 que tras una reuni\u00f3n de coordinaci\u00f3n previa con la polic\u00eda civil y luego de la planificaci\u00f3n de las tareas de b\u00fasqueda durante esta jornada, el GOPE conform\u00f3 dos patrullas, sectorizando el lugar adentr\u00e1ndose a trav\u00e9s de senderos, bosque y matorrales, iniciando de este modo la exploraci\u00f3n en los faldeos del cerro Divisadero.<\/p>\n<p class=\"v1MsoNormal\" style=\"text-align: justify;\">\u00abSe dividi\u00f3 el sector y una patrulla de esta Secci\u00f3n logr\u00f3 observar algo que escapaba del escenario natural del entorno, se fueron acercando y lograron observar que se trataba de esta persona\u00bb, indic\u00f3.<\/p>\n<p class=\"v1MsoNormal\" style=\"text-align: justify;\">\u00abEn horas de la ma\u00f1ana \u2013continu\u00f3 diciendo- aproximadamente a las 10:00 hrs, logramos ubicar a la persona que se encontraba desaparecida desde el d\u00eda lunes, estaba en buenas condiciones de salud, aunque un poco deshidratado y con algo de fr\u00edo por haber pasado tantos d\u00edas al aire libre. Lo cubrimos, abrigamos, lo hidratamos, d\u00e1ndole alimentos, siendo revisado por nuestro PPA (Pr\u00e1ctico en Primeros Auxilios) quien dio el visto bueno para bajar con \u00e9l por sus propios medios\u00bb, se\u00f1al\u00f3 el Oficial<\/p>\n<p class=\"v1MsoNormal\" style=\"text-align: justify;\">El personal inici\u00f3 el descenso hasta el punto desde donde se inici\u00f3 la b\u00fasqueda, siendo entregado y asistido por personal del Samu con la finalidad de efectuar un chequeo m\u00e1s a cabalidad, dado el prolongado tiempo que permaneci\u00f3 fuera de casa y a la intemperie.<\/p>\n<p class=\"v1MsoNormal\" style=\"text-align: justify;\"><b>Tranquilidad para la familia<\/b><\/p>\n<p class=\"v1MsoNormal\" style=\"text-align: justify;\">Al punto de inicio de la b\u00fasqueda llegaron familiares y amigos de Patricio Mansilla, quienes tras reencontrarse con su ser querido, destacaron y agradecieron el trabajo del equipo del GOPE as\u00ed como el pronto resultados que arroj\u00f3 la b\u00fasqueda.<\/p>\n<p class=\"v1MsoNormal\" style=\"text-align: justify;\">\u00abEllos (la familia) estaban muy contentos por el trabajo de Carabineros de poder colaborar con otra Instituci\u00f3n en esta diligencia, no es menor, el terreno era amplio y estamos bastante contentos como Instituci\u00f3n en el sentido de haber obtenido un resultado provechoso (&#8230;) estamos contentos y darle la tranquilidad a la familia de que la persona est\u00e1 en buen estado y ya se encuentra con ellos\u00bb, destac\u00f3 el Jefe del GOPE Ays\u00e9n.<\/p>\n<p class=\"v1MsoNormal\" style=\"text-align: justify;\">El Capit\u00e1n Troncoso reiter\u00f3 a quienes realizan actividades al aire libre, trekking o visiten la monta\u00f1a, planificar su salida, dar aviso a alg\u00fan familiar, a Carabineros o a CONAF, considerar el factor clim\u00e1tico, el sector y d\u00edas que tomar\u00e1 la visita, llevar el equipamiento necesario como alimentaci\u00f3n, abrigo, hidrataci\u00f3n y mantener informado a familiares o amigos sobre la actividad que se est\u00e1 realizando ante la ocurrencia de alg\u00fan imprevisto.<\/p>\n<\/div><\/section><\/div><div  style='height:50px' class='hr hr-invisible   avia-builder-el-6  el_after_av_one_full  el_before_av_social_share '><span class='hr-inner ' ><span class='hr-inner-style'><\/span><\/span><\/div><\/p>\n<div  class='av-social-sharing-box  avia-builder-el-7  el_after_av_hr  el_before_av_hr  '><div class='av-share-box'><h5 class='av-share-link-description av-no-toc '>Compartir esta noticia<\/h5><ul class='av-share-box-list noLightbox'><li class='av-share-link av-social-link-facebook' ><a target=\"_blank\" aria-label=\"Compartir en Facebook\" href='https:\/\/www.facebook.com\/sharer.php?u=https:\/\/radiorevelacionfm.cl\/?p=22481&#038;t=Carabineros%20del%20GOPE%20Ays%C3%A9n%20ubican%20en%20tiempo%20r%C3%A9cord%20a%20ciudadano%20extraviado%20en%20Coyhaique' aria-hidden='false' data-av_icon='\ue8f3' data-av_iconfont='entypo-fontello' title='' data-avia-related-tooltip='Compartir en Facebook' rel=\"noopener\"><span class='avia_hidden_link_text'>Compartir en Facebook<\/span><\/a><\/li><li class='av-share-link av-social-link-twitter' ><a target=\"_blank\" aria-label=\"Compartir en Twitter\" href='https:\/\/twitter.com\/share?text=Carabineros%20del%20GOPE%20Ays%C3%A9n%20ubican%20en%20tiempo%20r%C3%A9cord%20a%20ciudadano%20extraviado%20en%20Coyhaique&#038;url=https:\/\/radiorevelacionfm.cl\/?p=22481' aria-hidden='false' data-av_icon='\ue8f1' data-av_iconfont='entypo-fontello' title='' data-avia-related-tooltip='Compartir en Twitter' rel=\"noopener\"><span class='avia_hidden_link_text'>Compartir en Twitter<\/span><\/a><\/li><li class='av-share-link av-social-link-whatsapp' ><a target=\"_blank\" aria-label=\"Compartir en Whatsapp\" href='https:\/\/api.whatsapp.com\/send?text=https:\/\/radiorevelacionfm.cl\/?p=22481' aria-hidden='false' data-av_icon='\uf232' data-av_iconfont='entypo-fontello' title='' data-avia-related-tooltip='Compartir en Whatsapp' rel=\"noopener\"><span class='avia_hidden_link_text'>Compartir en Whatsapp<\/span><\/a><\/li><li class='av-share-link av-social-link-linkedin' ><a target=\"_blank\" aria-label=\"Compartir en LinkedIn\" href='https:\/\/linkedin.com\/shareArticle?mini=true&#038;title=Carabineros%20del%20GOPE%20Ays%C3%A9n%20ubican%20en%20tiempo%20r%C3%A9cord%20a%20ciudadano%20extraviado%20en%20Coyhaique&#038;url=https:\/\/radiorevelacionfm.cl\/?p=22481' aria-hidden='false' data-av_icon='\ue8fc' data-av_iconfont='entypo-fontello' title='' data-avia-related-tooltip='Compartir en LinkedIn' rel=\"noopener\"><span class='avia_hidden_link_text'>Compartir en LinkedIn<\/span><\/a><\/li><li class='av-share-link av-social-link-mail' ><a  aria-label=\"Compartir por correo\" href='mailto:?subject=Carabineros%20del%20GOPE%20Ays%C3%A9n%20ubican%20en%20tiempo%20r%C3%A9cord%20a%20ciudadano%20extraviado%20en%20Coyhaique&#038;body=https:\/\/radiorevelacionfm.cl\/?p=22481' aria-hidden='false' data-av_icon='\ue805' data-av_iconfont='entypo-fontello' title='' data-avia-related-tooltip='Compartir por correo'><span class='avia_hidden_link_text'>Compartir por correo<\/span><\/a><\/li><\/ul><\/div><\/div>\n<div  style='height:50px' class='hr hr-invisible   avia-builder-el-8  el_after_av_social_share  el_before_av_comments_list '><span class='hr-inner ' ><span class='hr-inner-style'><\/span><\/span><\/div>\n<div  class='av-buildercomment  av-blog-meta-html-info-disabled av-blog-meta-tag-disabled  '><\/div>\n","protected":false},"excerpt":{"rendered":"","protected":false},"author":1,"featured_media":22482,"comment_status":"open","ping_status":"open","sticky":false,"template":"","format":"standard","meta":{"footnotes":""},"categories":[36],"tags":[],"class_list":["post-22481","post","type-post","status-publish","format-standard","has-post-thumbnail","hentry","category-policial"],"jetpack_featured_media_url":"https:\/\/radiorevelacionfm.cl\/wp-content\/uploads\/2022\/09\/image-98_optimized.jpg","_links":{"self":[{"href":"https:\/\/radiorevelacionfm.cl\/index.php?rest_route=\/wp\/v2\/posts\/22481","targetHints":{"allow":["GET"]}}],"collection":[{"href":"https:\/\/radiorevelacionfm.cl\/index.php?rest_route=\/wp\/v2\/posts"}],"about":[{"href":"https:\/\/radiorevelacionfm.cl\/index.php?rest_route=\/wp\/v2\/types\/post"}],"author":[{"embeddable":true,"href":"https:\/\/radiorevelacionfm.cl\/index.php?rest_route=\/wp\/v2\/users\/1"}],"replies":[{"embeddable":true,"href":"https:\/\/radiorevelacionfm.cl\/index.php?rest_route=%2Fwp%2Fv2%2Fcomments&post=22481"}],"version-history":[{"count":2,"href":"https:\/\/radiorevelacionfm.cl\/index.php?rest_route=\/wp\/v2\/posts\/22481\/revisions"}],"predecessor-version":[{"id":22484,"href":"https:\/\/radiorevelacionfm.cl\/index.php?rest_route=\/wp\/v2\/posts\/22481\/revisions\/22484"}],"wp:featuredmedia":[{"embeddable":true,"href":"https:\/\/radiorevelacionfm.cl\/index.php?rest_route=\/wp\/v2\/media\/22482"}],"wp:attachment":[{"href":"https:\/\/radiorevelacionfm.cl\/index.php?rest_route=%2Fwp%2Fv2%2Fmedia&parent=22481"}],"wp:term":[{"taxonomy":"category","embeddable":true,"href":"https:\/\/radiorevelacionfm.cl\/index.php?rest_route=%2Fwp%2Fv2%2Fcategories&post=22481"},{"taxonomy":"post_tag","embeddable":true,"href":"https:\/\/radiorevelacionfm.cl\/index.php?rest_route=%2Fwp%2Fv2%2Ftags&post=22481"}],"curies":[{"name":"wp","href":"https:\/\/api.w.org\/{rel}","templated":true}]}}