{"id":22476,"date":"2022-10-01T11:04:06","date_gmt":"2022-10-01T14:04:06","guid":{"rendered":"https:\/\/radiorevelacionfm.cl\/?p=22476"},"modified":"2022-10-01T11:04:06","modified_gmt":"2022-10-01T14:04:06","slug":"con-participacion-ciudadana-generaran-diseno-de-reposicion-del-hogar-de-adultos-mayores-padre-antonio-ronchi","status":"publish","type":"post","link":"https:\/\/radiorevelacionfm.cl\/?p=22476","title":{"rendered":"Con participaci\u00f3n ciudadana generar\u00e1n dise\u00f1o de reposici\u00f3n del hogar de adultos mayores Padre Antonio Ronchi"},"content":{"rendered":"<div class=\"flex_column av_one_full  flex_column_div av-zero-column-padding first  avia-builder-el-0  el_before_av_one_full  avia-builder-el-first  \" style='border-radius:0px; '><div  class='avia-image-container  av-styling-    avia-builder-el-1  avia-builder-el-no-sibling  avia-align-center '  itemprop=\"image\" itemscope=\"itemscope\" itemtype=\"https:\/\/schema.org\/ImageObject\"  ><div class='avia-image-container-inner'><div class='avia-image-overlay-wrap'><img decoding=\"async\" class='wp-image-22477 avia-img-lazy-loading-not-22477 avia_image' src=\"https:\/\/radiorevelacionfm.cl\/wp-content\/uploads\/2022\/09\/5-50-1_optimized-1.jpg\" alt='' title='5-(50)-(1)_optimized (1)' height=\"600\" width=\"1382\"  itemprop=\"thumbnailUrl\" srcset=\"https:\/\/radiorevelacionfm.cl\/wp-content\/uploads\/2022\/09\/5-50-1_optimized-1.jpg 1382w, https:\/\/radiorevelacionfm.cl\/wp-content\/uploads\/2022\/09\/5-50-1_optimized-1-300x130.jpg 300w, https:\/\/radiorevelacionfm.cl\/wp-content\/uploads\/2022\/09\/5-50-1_optimized-1-1030x447.jpg 1030w, https:\/\/radiorevelacionfm.cl\/wp-content\/uploads\/2022\/09\/5-50-1_optimized-1-768x333.jpg 768w, https:\/\/radiorevelacionfm.cl\/wp-content\/uploads\/2022\/09\/5-50-1_optimized-1-705x306.jpg 705w, https:\/\/radiorevelacionfm.cl\/wp-content\/uploads\/2022\/09\/5-50-1_optimized-1-600x260.jpg 600w\" sizes=\"(max-width: 1382px) 100vw, 1382px\" \/><\/div><\/div><\/div><\/div><div class=\"flex_column av_one_full  flex_column_div av-zero-column-padding first  avia-builder-el-2  el_after_av_one_full  el_before_av_one_full  column-top-margin\" style='border-radius:0px; '><section class=\"av_textblock_section \"  itemscope=\"itemscope\" itemtype=\"https:\/\/schema.org\/BlogPosting\" itemprop=\"blogPost\" ><div class='avia_textblock  '   itemprop=\"text\" ><p style=\"text-align: center;\"><strong><span style=\"font-size: 18pt;\">Con participaci\u00f3n ciudadana generar\u00e1n dise\u00f1o de reposici\u00f3n del hogar de adultos mayores Padre Antonio Ronchi<\/span><\/strong><\/p>\n<div id=\"gtx-trans\" style=\"position: absolute; left: -50px; top: 4.31534px;\">\n<div class=\"gtx-trans-icon\"><\/div>\n<\/div>\n<\/div><\/section><\/div><div class=\"flex_column av_one_full  flex_column_div av-zero-column-padding first  avia-builder-el-4  el_after_av_one_full  el_before_av_hr  column-top-margin\" style='border-radius:0px; '><section class=\"av_textblock_section \"  itemscope=\"itemscope\" itemtype=\"https:\/\/schema.org\/BlogPosting\" itemprop=\"blogPost\" ><div class='avia_textblock  '   itemprop=\"text\" ><p style=\"text-align: justify;\">El Secretario Regional Ministerial de Obras P\u00fablicas, Patricio Sanhueza inform\u00f3 que el equipo de la Direcci\u00f3n Regional de Arquitectura encabezada por la arquitecta Paola Az\u00f3car realiz\u00f3 la primera reuni\u00f3n de participaci\u00f3n ciudadana para trabajar sobre el Dise\u00f1o de reposici\u00f3n del Hogar del Adulto Mayor Padre Antonio Ronchi.<\/p>\n<p style=\"text-align: justify;\">La autoridad regional de Obras P\u00fablicas indic\u00f3 que \u201cpara nuestros equipos este tipo de Dise\u00f1os son muy bienvenidos, porque con su ejecuci\u00f3n sabemos que estamos apoyando a un sector muy vulnerable de nuestra sociedad y regi\u00f3n, como lo son los adultos mayores, quienes llegan a este Hogar en dif\u00edciles condiciones por lo que amerita poder acogerlos en una edificaci\u00f3n acorde a sus requerimientos, as\u00ed que nuestros equipos y Consultor est\u00e1n muy entusiasmados con poder apoyar a quienes por muchos a\u00f1os y hasta la fecha han contribuido al pa\u00eds y a sus familias, y hoy comienzan una nueva etapa en sus vidas en el Hogar de adultos mayores, as\u00ed que estamos trabajando en este Dise\u00f1o de una nueva edificaci\u00f3n para que puedan contar con mejores condiciones de vida y facilitar su accionar. Este rol social que como ministerio nos compete es parte de lo que nuestro gobierno de Gabriel Boric nos ha encomendado hacer, acercar, incluir, integrar a los sectores vulnerables con el Dise\u00f1o y en la construcci\u00f3n de obras que sirvan a las personas y confluyan en armon\u00eda con la comunidad cercana, generando espacios que brinden soluciones integrales aportando desde ah\u00ed a su entorno y a la regi\u00f3n\u201d.<\/p>\n<p style=\"text-align: justify;\">En la reuni\u00f3n, Mabel Torres, presidenta de la corporaci\u00f3n sin fines de lucro de Cooperadores de la Obra Don Guanella, nos coment\u00f3 la experiencia que por 30 a\u00f1os tienen a cargo de la administraci\u00f3n del Hogar del Adulto Mayor Padre Antonio Ronchi, servicio que realizan a los m\u00e1s necesitados siguiendo el esp\u00edritu del Sacerdote Luis Guanella, y que hoy con este nuevo Dise\u00f1o posibilitar\u00e1 contar con una mejor edificaci\u00f3n para uso de los Adultos Mayores, as\u00ed como tambi\u00e9n para la administraci\u00f3n y asesores que atienen a los y las abuelitas. Al respecto se\u00f1al\u00f3:<\/p>\n<p style=\"text-align: justify;\">\u201cGratamente estuvimos hoy d\u00eda en esta reuni\u00f3n viendo el nuevo proyecto de infraestructura y tambi\u00e9n pudiendo participar en hacer aportes para lograr lo m\u00e1s \u00f3ptimo posible, y nos gust\u00f3. Cumple con bastantes requerimientos nuestros desde afuera y hacia adentro. Lo dec\u00eda muy bien el arquitecto y eso lo rescato: Lo ideal es que sea un modelo como de una casa y no de un edificio para que tenga esa calidez. Los abuelitos salen de una casa, de un hogar y la idea es que lleguen a otra casa en donde van a tener una nueva familia, porque cuando llegan al Hogar en las condiciones en las que llegan de edad terminan sus d\u00edas en el Hogar, entonces crean una nueva familia, tienen pares y en realidad la idea es que esto sea tambi\u00e9n un lugar grato. Entonces, es una casa grande, con muchas ventanas y con mucha vista hacia el entorno \u00a0\u00a0\u00a0y de fuera hacia dentro est\u00e1 perfecto; y despu\u00e9s dentro de la infraestructura interior si tambi\u00e9n est\u00e1 muy bien pensada, con los flujos adecuados para que ellos puedan deslizarse y caminar o tambi\u00e9n desplazarse con su silla de ruedas, con su burrito y bastones y tengan un pasar por esta casa grande de la mejor forma posible, y con una bonita vista, con unos buenos comedores, con dormitorios con tres camas y ba\u00f1os y eso tambi\u00e9n hace que las condiciones sean muy buenas para ellos. Los abuelitos necesitan que la comunidad sepa que est\u00e1n, que los apoyen y que vayan m\u00e1s Instituciones y colegios a verlos, como antes que se juntaban con ellos a jugar cartas y a entretenerles la tarde y el atardecer. Yo creo que eso hay que volver a tomarlo. As\u00ed que agradecidos de todos. Sabemos que los profesionales del MOP han sido un puntal importante y han entendido nuestras inquietudes, nuestra historia y eso se ha plasmado en este nuevo proyecto, as\u00ed que contentos. Todos contentos\u201d.<\/p>\n<p style=\"text-align: justify;\">La Directora Regional de Arquitectura del MOP, Paola Az\u00f3car, indic\u00f3 que:\u201cEste dise\u00f1o presenta grandes desaf\u00edos que incluye concentrar los distintos recintos administrados por la Obra don Guanella y que hoy operan dispersos en diferentes lugares de la ciudad, proyectando una edificaci\u00f3n de 3074m2 en dos pisos, mejorando las condiciones actuales en las cuales funcionan y optimizando aspectos de operaci\u00f3n, a trav\u00e9s de estrategias de eficiencia energ\u00e9tica que permitan tener un mayor confort t\u00e9rmico, entre muchas otras mejoras como por ejemplo\u00a0 anchos de pasillos, circulaciones y aplicaci\u00f3n de colores que permitan que los adultos mayores puedan distinguir f\u00e1cilmente los distintos recintos que el proyecto contendr\u00e1 en estos dos pisos proyectados\u201d.<\/p>\n<p style=\"text-align: justify;\">Esta reuni\u00f3n se realiz\u00f3 en la sala de uso m\u00faltiple del hogar, retomando la presencialidad, en el mismo sector donde estar\u00e1 ubicado el nuevo Hogar, en la intersecci\u00f3n de calle \u00d3scar del R\u00edo con la Avenida Err\u00e1zuriz, en la ciudad de Coyhaique \u201csector que se ver\u00e1 tambi\u00e9n renovado una vez que se concrete la obra que hoy se est\u00e1 dise\u00f1ando. La preocupaci\u00f3n de nuestro equipo como Direcci\u00f3n de Arquitectura MOP, es encomendarle al consultor (Bortnik y Yurisic Arquitectos Asociados) que sea una edificaci\u00f3n que recoja aspectos de la cotidianeidad de sus usuarios y operadores, teniendo muy presentes aspectos de accesibilidad universal y cognitiva, tanto al interior como al exterior del edificio, en concordancia con nuestra pol\u00edtica ministerial del Buen Vecino, aporte urban\u00edsticamente y se complemente con los dem\u00e1s equipamientos cercanos\u201d, agreg\u00f3 Paula Az\u00f3car.<\/p>\n<p style=\"text-align: justify;\">En la ocasi\u00f3n, junto a la Direcci\u00f3n de Arquitectura del MOP particip\u00f3 la Seremi de Salud, Concejales por la comuna de Coyhaique y el Servicio Nacional del Adulto Mayor, SENAMA, todas Instituciones que se encuentran estrechamente ligadas a la atenci\u00f3n de los Adultos Mayores, lo que enriqueci\u00f3 a\u00fan m\u00e1s el trabajo intersectorial que la Direcci\u00f3n de Arquitectura est\u00e1 efectuando para cumplir todos los requerimientos t\u00e9cnicos que regulan los establecimientos de larga estad\u00eda para los adultos mayores.<\/p>\n<p style=\"text-align: justify;\">As\u00ed lo refrend\u00f3 Andrea Preller Carrera, Directora del ELEAM Padre Antonio Ronchi de la Obra don Guanella, indicando que \u201cfue una muy buena participaci\u00f3n, porque salieron observaciones que tenemos que trabajar y estamos en el momento preciso, porque reci\u00e9n estamos en la etapa 1 y todav\u00eda estamos en un tiempo en el que podemos hacer arreglos o mejorar el Dise\u00f1o en caso de que haya algo que no est\u00e9 respondiendo hoy d\u00eda a las normas t\u00e9cnicas en cuanto a la Seremi de Salud, Medio Ambiente y\u00a0 SENAMA. As\u00ed que la verdad es que yo califico esta actividad muy positiva, donde nos pudimos nutrir de la presentaci\u00f3n en vivo y en directo \u2013yo ya hab\u00eda tenido ya una presentaci\u00f3n virtual- y fue maravilloso, porque nos fueron explicando todas las dependencias que se est\u00e1n incorporando en este futuro establecimiento que nosotros vamos a tener, as\u00ed que la califico como una experiencia bastante enriquecedora. Agradecer al Gobierno Regional, a sus Consejeros Regionales, a la Gobernadora, porque est\u00e1n participando en esta instancia y con los recursos para poder hacer el estudio de Dise\u00f1o. Tambi\u00e9n se hizo ah\u00ed un trabajo para ver si era pertinente o no la construcci\u00f3n del Establecimiento de Larga Estad\u00eda para Adultos Mayores, (ELEAM), debido a la alta demanda que tenemos hoy d\u00eda de plazas disponibles, que en este momento no tenemos. Siempre nuestro Hogar est\u00e1 a capacidad m\u00e1xima. Este edificio se va a construir para tener espacio para 98 adultos mayores, entonces la idea es poder responder a las demandas que tiene nuestra regi\u00f3n, porque aqu\u00ed recibimos adultos mayores de toda la regi\u00f3n y nuestra regi\u00f3n es bastante extensa. Es un tremendo apoyo que va a venir a resolver una problem\u00e1tica que tenemos en este momento, porque la lista de espera que tenemos en la actualidad\u00a0 es de 40 a 45 adultos mayores, entonces es muy necesario y pertinente el apoyo que nos est\u00e1 entregando el Gobierno Regional \u00a0a trav\u00e9s de este estudio de Dise\u00f1o\u201d.<\/p>\n<\/div><\/section><\/div><div  style='height:50px' class='hr hr-invisible   avia-builder-el-6  el_after_av_one_full  el_before_av_social_share '><span class='hr-inner ' ><span class='hr-inner-style'><\/span><\/span><\/div><\/p>\n<div  class='av-social-sharing-box  avia-builder-el-7  el_after_av_hr  el_before_av_hr  '><div class='av-share-box'><h5 class='av-share-link-description av-no-toc '>Compartir esta noticia<\/h5><ul class='av-share-box-list noLightbox'><li class='av-share-link av-social-link-facebook' ><a target=\"_blank\" aria-label=\"Compartir en Facebook\" href='https:\/\/www.facebook.com\/sharer.php?u=https:\/\/radiorevelacionfm.cl\/?p=22476&#038;t=Con%20participaci%C3%B3n%20ciudadana%20generar%C3%A1n%20dise%C3%B1o%20de%20reposici%C3%B3n%20del%20hogar%20de%20adultos%20mayores%20Padre%20Antonio%20Ronchi' aria-hidden='false' data-av_icon='\ue8f3' data-av_iconfont='entypo-fontello' title='' data-avia-related-tooltip='Compartir en Facebook' rel=\"noopener\"><span class='avia_hidden_link_text'>Compartir en Facebook<\/span><\/a><\/li><li class='av-share-link av-social-link-twitter' ><a target=\"_blank\" aria-label=\"Compartir en Twitter\" href='https:\/\/twitter.com\/share?text=Con%20participaci%C3%B3n%20ciudadana%20generar%C3%A1n%20dise%C3%B1o%20de%20reposici%C3%B3n%20del%20hogar%20de%20adultos%20mayores%20Padre%20Antonio%20Ronchi&#038;url=https:\/\/radiorevelacionfm.cl\/?p=22476' aria-hidden='false' data-av_icon='\ue8f1' data-av_iconfont='entypo-fontello' title='' data-avia-related-tooltip='Compartir en Twitter' rel=\"noopener\"><span class='avia_hidden_link_text'>Compartir en Twitter<\/span><\/a><\/li><li class='av-share-link av-social-link-whatsapp' ><a target=\"_blank\" aria-label=\"Compartir en Whatsapp\" href='https:\/\/api.whatsapp.com\/send?text=https:\/\/radiorevelacionfm.cl\/?p=22476' aria-hidden='false' data-av_icon='\uf232' data-av_iconfont='entypo-fontello' title='' data-avia-related-tooltip='Compartir en Whatsapp' rel=\"noopener\"><span class='avia_hidden_link_text'>Compartir en Whatsapp<\/span><\/a><\/li><li class='av-share-link av-social-link-linkedin' ><a target=\"_blank\" aria-label=\"Compartir en LinkedIn\" href='https:\/\/linkedin.com\/shareArticle?mini=true&#038;title=Con%20participaci%C3%B3n%20ciudadana%20generar%C3%A1n%20dise%C3%B1o%20de%20reposici%C3%B3n%20del%20hogar%20de%20adultos%20mayores%20Padre%20Antonio%20Ronchi&#038;url=https:\/\/radiorevelacionfm.cl\/?p=22476' aria-hidden='false' data-av_icon='\ue8fc' data-av_iconfont='entypo-fontello' title='' data-avia-related-tooltip='Compartir en LinkedIn' rel=\"noopener\"><span class='avia_hidden_link_text'>Compartir en LinkedIn<\/span><\/a><\/li><li class='av-share-link av-social-link-mail' ><a  aria-label=\"Compartir por correo\" href='mailto:?subject=Con%20participaci%C3%B3n%20ciudadana%20generar%C3%A1n%20dise%C3%B1o%20de%20reposici%C3%B3n%20del%20hogar%20de%20adultos%20mayores%20Padre%20Antonio%20Ronchi&#038;body=https:\/\/radiorevelacionfm.cl\/?p=22476' aria-hidden='false' data-av_icon='\ue805' data-av_iconfont='entypo-fontello' title='' data-avia-related-tooltip='Compartir por correo'><span class='avia_hidden_link_text'>Compartir por correo<\/span><\/a><\/li><\/ul><\/div><\/div>\n<div  style='height:50px' class='hr hr-invisible   avia-builder-el-8  el_after_av_social_share  el_before_av_comments_list '><span class='hr-inner ' ><span class='hr-inner-style'><\/span><\/span><\/div>\n<div  class='av-buildercomment  av-blog-meta-html-info-disabled av-blog-meta-tag-disabled  '><\/div>\n","protected":false},"excerpt":{"rendered":"","protected":false},"author":1,"featured_media":22477,"comment_status":"open","ping_status":"open","sticky":false,"template":"","format":"standard","meta":{"footnotes":""},"categories":[38],"tags":[],"class_list":["post-22476","post","type-post","status-publish","format-standard","has-post-thumbnail","hentry","category-regional"],"jetpack_featured_media_url":"https:\/\/radiorevelacionfm.cl\/wp-content\/uploads\/2022\/09\/5-50-1_optimized-1.jpg","_links":{"self":[{"href":"https:\/\/radiorevelacionfm.cl\/index.php?rest_route=\/wp\/v2\/posts\/22476","targetHints":{"allow":["GET"]}}],"collection":[{"href":"https:\/\/radiorevelacionfm.cl\/index.php?rest_route=\/wp\/v2\/posts"}],"about":[{"href":"https:\/\/radiorevelacionfm.cl\/index.php?rest_route=\/wp\/v2\/types\/post"}],"author":[{"embeddable":true,"href":"https:\/\/radiorevelacionfm.cl\/index.php?rest_route=\/wp\/v2\/users\/1"}],"replies":[{"embeddable":true,"href":"https:\/\/radiorevelacionfm.cl\/index.php?rest_route=%2Fwp%2Fv2%2Fcomments&post=22476"}],"version-history":[{"count":2,"href":"https:\/\/radiorevelacionfm.cl\/index.php?rest_route=\/wp\/v2\/posts\/22476\/revisions"}],"predecessor-version":[{"id":22501,"href":"https:\/\/radiorevelacionfm.cl\/index.php?rest_route=\/wp\/v2\/posts\/22476\/revisions\/22501"}],"wp:featuredmedia":[{"embeddable":true,"href":"https:\/\/radiorevelacionfm.cl\/index.php?rest_route=\/wp\/v2\/media\/22477"}],"wp:attachment":[{"href":"https:\/\/radiorevelacionfm.cl\/index.php?rest_route=%2Fwp%2Fv2%2Fmedia&parent=22476"}],"wp:term":[{"taxonomy":"category","embeddable":true,"href":"https:\/\/radiorevelacionfm.cl\/index.php?rest_route=%2Fwp%2Fv2%2Fcategories&post=22476"},{"taxonomy":"post_tag","embeddable":true,"href":"https:\/\/radiorevelacionfm.cl\/index.php?rest_route=%2Fwp%2Fv2%2Ftags&post=22476"}],"curies":[{"name":"wp","href":"https:\/\/api.w.org\/{rel}","templated":true}]}}