{"id":22469,"date":"2022-09-30T17:10:49","date_gmt":"2022-09-30T20:10:49","guid":{"rendered":"https:\/\/radiorevelacionfm.cl\/?p=22469"},"modified":"2022-09-30T17:10:49","modified_gmt":"2022-09-30T20:10:49","slug":"comites-de-vivienda-se-reunen-con-gobernadora-regional-andrea-macias","status":"publish","type":"post","link":"https:\/\/radiorevelacionfm.cl\/?p=22469","title":{"rendered":"Comit\u00e9s de Vivienda se re\u00fanen con Gobernadora Regional Andrea Mac\u00edas"},"content":{"rendered":"<div class=\"flex_column av_one_full  flex_column_div av-zero-column-padding first  avia-builder-el-0  el_before_av_one_full  avia-builder-el-first  \" style='border-radius:0px; '><div  class='avia-image-container  av-styling-    avia-builder-el-1  avia-builder-el-no-sibling  avia-align-center '  itemprop=\"image\" itemscope=\"itemscope\" itemtype=\"https:\/\/schema.org\/ImageObject\"  ><div class='avia-image-container-inner'><div class='avia-image-overlay-wrap'><img decoding=\"async\" class='wp-image-22470 avia-img-lazy-loading-not-22470 avia_image' src=\"https:\/\/radiorevelacionfm.cl\/wp-content\/uploads\/2022\/09\/1-46-1-1.jpeg\" alt='' title='1 (46) (1) (1)' height=\"600\" width=\"900\"  itemprop=\"thumbnailUrl\" srcset=\"https:\/\/radiorevelacionfm.cl\/wp-content\/uploads\/2022\/09\/1-46-1-1.jpeg 900w, https:\/\/radiorevelacionfm.cl\/wp-content\/uploads\/2022\/09\/1-46-1-1-300x200.jpeg 300w, https:\/\/radiorevelacionfm.cl\/wp-content\/uploads\/2022\/09\/1-46-1-1-768x512.jpeg 768w, https:\/\/radiorevelacionfm.cl\/wp-content\/uploads\/2022\/09\/1-46-1-1-705x470.jpeg 705w, https:\/\/radiorevelacionfm.cl\/wp-content\/uploads\/2022\/09\/1-46-1-1-600x400.jpeg 600w\" sizes=\"(max-width: 900px) 100vw, 900px\" \/><\/div><\/div><\/div><\/div><div class=\"flex_column av_one_full  flex_column_div av-zero-column-padding first  avia-builder-el-2  el_after_av_one_full  el_before_av_one_full  column-top-margin\" style='border-radius:0px; '><section class=\"av_textblock_section \"  itemscope=\"itemscope\" itemtype=\"https:\/\/schema.org\/BlogPosting\" itemprop=\"blogPost\" ><div class='avia_textblock  '   itemprop=\"text\" ><p style=\"text-align: center;\"><strong><span style=\"font-size: 18pt;\">Comit\u00e9s de Vivienda se re\u00fanen con Gobernadora Regional Andrea Mac\u00edas\u00a0<\/span><\/strong><\/p>\n<div id=\"gtx-trans\" style=\"position: absolute; left: -50px; top: 4.31534px;\">\n<div class=\"gtx-trans-icon\"><\/div>\n<\/div>\n<\/div><\/section><\/div><div class=\"flex_column av_one_full  flex_column_div av-zero-column-padding first  avia-builder-el-4  el_after_av_one_full  el_before_av_hr  column-top-margin\" style='border-radius:0px; '><section class=\"av_textblock_section \"  itemscope=\"itemscope\" itemtype=\"https:\/\/schema.org\/BlogPosting\" itemprop=\"blogPost\" ><div class='avia_textblock  '   itemprop=\"text\" ><p dir=\"ltr\" style=\"text-align: justify;\">La Gobernadora Regional, Andrea Mac\u00edas Palma, durante esta ma\u00f1ana recibi\u00f3 en una audiencia a los Comit\u00e9s de Vivienda, Proyecto Joven de Balmaceda, Patagonia Alegre de Chacabuco y El Encuentro de La Junta, para escuchar sus solicitudes junto al diputado Miguel \u00c1ngel Calisto y el Consejero Regional, Felipe Klein.<\/p>\n<p dir=\"ltr\" style=\"text-align: justify;\">\u00abLos subsidios de vivienda que hoy d\u00eda existen desde la pol\u00edtica p\u00fablica del Estado, en esta regi\u00f3n, son absolutamente insuficientes para poder obtener el beneficio de la casa propia. En ese sentido, se vuelve necesario poder solicitar otros recursos y es ah\u00ed donde nosotros como Gobierno Regional hemos manifestado nuestra disposici\u00f3n a poder colaborar, a poder aportar\u00bb, dijo la Gobernadora Regional de Ays\u00e9n, Andrea Mac\u00edas Palma.<\/p>\n<p dir=\"ltr\" style=\"text-align: justify;\">La autoridad inform\u00f3 que desde la pol\u00edtica p\u00fablica, la construcci\u00f3n de viviendas es m\u00e1s costosa en la Regi\u00f3n de Ays\u00e9n y que se han informado al gobierno central los diferentes aspectos de manera que se consideren las condiciones de la zona.<\/p>\n<p dir=\"ltr\" style=\"text-align: justify;\">Sobre los tres Comit\u00e9s, el diputado Miguel \u00c1ngel Calisto explic\u00f3 que \u00absi bien tienen el subsidio por parte del Ministerio de Vivienda, les faltan recursos para el suplemento para la habilitaci\u00f3n del terreno, por lo tanto, hoy d\u00eda la Gobernadora ha manifestado su buena disposici\u00f3n a poder contribuir con estos recursos para poder concretar estos proyectos habitacionales y, por eso, estamos muy contentos\u00bb.<\/p>\n<p dir=\"ltr\" style=\"text-align: justify;\">Dentro de la informaci\u00f3n solicitada por el Gobierno Regional al Ministerio de Vivienda y Urbanismo, es el contenido sobre el d\u00e9ficit existente hasta la fecha en la Regi\u00f3n de Ays\u00e9n para evaluar de qu\u00e9 manera la instituci\u00f3n podr\u00eda aportar y contribuir, adem\u00e1s, en este aspecto con las y los habitantes del territorio.<\/p>\n<p dir=\"ltr\" style=\"text-align: justify;\">La presidenta del Comit\u00e9 Proyecto Joven, Katherine Godoy, de Balmaceda cont\u00f3 que asistieron a \u00bb hablar con la Gobernadora para solicitar unos montos para nuestras viviendas. Y, bueno, nos vamos con buenas noticias, as\u00ed que, vamos tranquilos y esperando que nos llamen por tel\u00e9fono para decirnos que estamos aprobadas\u00bb.<\/p>\n<\/div><\/section><\/div><div  style='height:50px' class='hr hr-invisible   avia-builder-el-6  el_after_av_one_full  el_before_av_social_share '><span class='hr-inner ' ><span class='hr-inner-style'><\/span><\/span><\/div><\/p>\n<div  class='av-social-sharing-box  avia-builder-el-7  el_after_av_hr  el_before_av_hr  '><div class='av-share-box'><h5 class='av-share-link-description av-no-toc '>Compartir esta noticia<\/h5><ul class='av-share-box-list noLightbox'><li class='av-share-link av-social-link-facebook' ><a target=\"_blank\" aria-label=\"Compartir en Facebook\" href='https:\/\/www.facebook.com\/sharer.php?u=https:\/\/radiorevelacionfm.cl\/?p=22469&#038;t=Comit%C3%A9s%20de%20Vivienda%20se%20re%C3%BAnen%20con%20Gobernadora%20Regional%20Andrea%20Mac%C3%ADas' aria-hidden='false' data-av_icon='\ue8f3' data-av_iconfont='entypo-fontello' title='' data-avia-related-tooltip='Compartir en Facebook' rel=\"noopener\"><span class='avia_hidden_link_text'>Compartir en Facebook<\/span><\/a><\/li><li class='av-share-link av-social-link-twitter' ><a target=\"_blank\" aria-label=\"Compartir en Twitter\" href='https:\/\/twitter.com\/share?text=Comit%C3%A9s%20de%20Vivienda%20se%20re%C3%BAnen%20con%20Gobernadora%20Regional%20Andrea%20Mac%C3%ADas&#038;url=https:\/\/radiorevelacionfm.cl\/?p=22469' aria-hidden='false' data-av_icon='\ue8f1' data-av_iconfont='entypo-fontello' title='' data-avia-related-tooltip='Compartir en Twitter' rel=\"noopener\"><span class='avia_hidden_link_text'>Compartir en Twitter<\/span><\/a><\/li><li class='av-share-link av-social-link-whatsapp' ><a target=\"_blank\" aria-label=\"Compartir en Whatsapp\" href='https:\/\/api.whatsapp.com\/send?text=https:\/\/radiorevelacionfm.cl\/?p=22469' aria-hidden='false' data-av_icon='\uf232' data-av_iconfont='entypo-fontello' title='' data-avia-related-tooltip='Compartir en Whatsapp' rel=\"noopener\"><span class='avia_hidden_link_text'>Compartir en Whatsapp<\/span><\/a><\/li><li class='av-share-link av-social-link-linkedin' ><a target=\"_blank\" aria-label=\"Compartir en LinkedIn\" href='https:\/\/linkedin.com\/shareArticle?mini=true&#038;title=Comit%C3%A9s%20de%20Vivienda%20se%20re%C3%BAnen%20con%20Gobernadora%20Regional%20Andrea%20Mac%C3%ADas&#038;url=https:\/\/radiorevelacionfm.cl\/?p=22469' aria-hidden='false' data-av_icon='\ue8fc' data-av_iconfont='entypo-fontello' title='' data-avia-related-tooltip='Compartir en LinkedIn' rel=\"noopener\"><span class='avia_hidden_link_text'>Compartir en LinkedIn<\/span><\/a><\/li><li class='av-share-link av-social-link-mail' ><a  aria-label=\"Compartir por correo\" href='mailto:?subject=Comit%C3%A9s%20de%20Vivienda%20se%20re%C3%BAnen%20con%20Gobernadora%20Regional%20Andrea%20Mac%C3%ADas&#038;body=https:\/\/radiorevelacionfm.cl\/?p=22469' aria-hidden='false' data-av_icon='\ue805' data-av_iconfont='entypo-fontello' title='' data-avia-related-tooltip='Compartir por correo'><span class='avia_hidden_link_text'>Compartir por correo<\/span><\/a><\/li><\/ul><\/div><\/div>\n<div  style='height:50px' class='hr hr-invisible   avia-builder-el-8  el_after_av_social_share  el_before_av_comments_list '><span class='hr-inner ' ><span class='hr-inner-style'><\/span><\/span><\/div>\n<div  class='av-buildercomment  av-blog-meta-html-info-disabled av-blog-meta-tag-disabled  '><\/div>\n","protected":false},"excerpt":{"rendered":"","protected":false},"author":1,"featured_media":22470,"comment_status":"open","ping_status":"open","sticky":false,"template":"","format":"standard","meta":{"footnotes":""},"categories":[38],"tags":[],"class_list":["post-22469","post","type-post","status-publish","format-standard","has-post-thumbnail","hentry","category-regional"],"jetpack_featured_media_url":"https:\/\/radiorevelacionfm.cl\/wp-content\/uploads\/2022\/09\/1-46-1-1.jpeg","_links":{"self":[{"href":"https:\/\/radiorevelacionfm.cl\/index.php?rest_route=\/wp\/v2\/posts\/22469","targetHints":{"allow":["GET"]}}],"collection":[{"href":"https:\/\/radiorevelacionfm.cl\/index.php?rest_route=\/wp\/v2\/posts"}],"about":[{"href":"https:\/\/radiorevelacionfm.cl\/index.php?rest_route=\/wp\/v2\/types\/post"}],"author":[{"embeddable":true,"href":"https:\/\/radiorevelacionfm.cl\/index.php?rest_route=\/wp\/v2\/users\/1"}],"replies":[{"embeddable":true,"href":"https:\/\/radiorevelacionfm.cl\/index.php?rest_route=%2Fwp%2Fv2%2Fcomments&post=22469"}],"version-history":[{"count":2,"href":"https:\/\/radiorevelacionfm.cl\/index.php?rest_route=\/wp\/v2\/posts\/22469\/revisions"}],"predecessor-version":[{"id":22472,"href":"https:\/\/radiorevelacionfm.cl\/index.php?rest_route=\/wp\/v2\/posts\/22469\/revisions\/22472"}],"wp:featuredmedia":[{"embeddable":true,"href":"https:\/\/radiorevelacionfm.cl\/index.php?rest_route=\/wp\/v2\/media\/22470"}],"wp:attachment":[{"href":"https:\/\/radiorevelacionfm.cl\/index.php?rest_route=%2Fwp%2Fv2%2Fmedia&parent=22469"}],"wp:term":[{"taxonomy":"category","embeddable":true,"href":"https:\/\/radiorevelacionfm.cl\/index.php?rest_route=%2Fwp%2Fv2%2Fcategories&post=22469"},{"taxonomy":"post_tag","embeddable":true,"href":"https:\/\/radiorevelacionfm.cl\/index.php?rest_route=%2Fwp%2Fv2%2Ftags&post=22469"}],"curies":[{"name":"wp","href":"https:\/\/api.w.org\/{rel}","templated":true}]}}