{"id":22466,"date":"2022-09-30T18:04:48","date_gmt":"2022-09-30T21:04:48","guid":{"rendered":"https:\/\/radiorevelacionfm.cl\/?p=22466"},"modified":"2022-09-30T18:07:07","modified_gmt":"2022-09-30T21:07:07","slug":"gobierno-en-terreno-acerco-servicios-a-la-comunidad-de-alto-baguales","status":"publish","type":"post","link":"https:\/\/radiorevelacionfm.cl\/?p=22466","title":{"rendered":"Comunidad de Alto Baguales recibi\u00f3 atenci\u00f3n de servicios de Gobierno en Terreno"},"content":{"rendered":"<div class=\"flex_column av_one_full  flex_column_div av-zero-column-padding first  avia-builder-el-0  el_before_av_one_full  avia-builder-el-first  \" style='border-radius:0px; '><div  class='avia-image-container  av-styling-    avia-builder-el-1  avia-builder-el-no-sibling  avia-align-center '  itemprop=\"image\" itemscope=\"itemscope\" itemtype=\"https:\/\/schema.org\/ImageObject\"  ><div class='avia-image-container-inner'><div class='avia-image-overlay-wrap'><img decoding=\"async\" class='wp-image-22467 avia-img-lazy-loading-not-22467 avia_image' src=\"https:\/\/radiorevelacionfm.cl\/wp-content\/uploads\/2022\/09\/Alto-Baguales-image-2022-09-30-at-16_optimized.20.08-1.jpeg\" alt='' title='Alto Baguales image-2022-09-30-at-16_optimized.20.08-(1)' height=\"600\" width=\"900\"  itemprop=\"thumbnailUrl\" srcset=\"https:\/\/radiorevelacionfm.cl\/wp-content\/uploads\/2022\/09\/Alto-Baguales-image-2022-09-30-at-16_optimized.20.08-1.jpeg 900w, https:\/\/radiorevelacionfm.cl\/wp-content\/uploads\/2022\/09\/Alto-Baguales-image-2022-09-30-at-16_optimized.20.08-1-300x200.jpeg 300w, https:\/\/radiorevelacionfm.cl\/wp-content\/uploads\/2022\/09\/Alto-Baguales-image-2022-09-30-at-16_optimized.20.08-1-768x512.jpeg 768w, https:\/\/radiorevelacionfm.cl\/wp-content\/uploads\/2022\/09\/Alto-Baguales-image-2022-09-30-at-16_optimized.20.08-1-705x470.jpeg 705w, https:\/\/radiorevelacionfm.cl\/wp-content\/uploads\/2022\/09\/Alto-Baguales-image-2022-09-30-at-16_optimized.20.08-1-600x400.jpeg 600w\" sizes=\"(max-width: 900px) 100vw, 900px\" \/><\/div><\/div><\/div><\/div>\n<div class=\"flex_column av_one_full  flex_column_div av-zero-column-padding first  avia-builder-el-2  el_after_av_one_full  el_before_av_one_full  column-top-margin\" style='border-radius:0px; '><section class=\"av_textblock_section \"  itemscope=\"itemscope\" itemtype=\"https:\/\/schema.org\/BlogPosting\" itemprop=\"blogPost\" ><div class='avia_textblock  '   itemprop=\"text\" ><p style=\"text-align: center;\"><strong><span style=\"font-size: 18pt;\">Comunidad de Alto Baguales recibi\u00f3 atenci\u00f3n de servicios de Gobierno en Terreno <\/span><\/strong><\/p>\n<div id=\"gtx-trans\" style=\"position: absolute; left: -50px; top: 4.31534px;\">\n<div class=\"gtx-trans-icon\"><\/div>\n<\/div>\n<\/div><\/section><\/div><div class=\"flex_column av_one_full  flex_column_div av-zero-column-padding first  avia-builder-el-4  el_after_av_one_full  el_before_av_hr  column-top-margin\" style='border-radius:0px; '><section class=\"av_textblock_section \"  itemscope=\"itemscope\" itemtype=\"https:\/\/schema.org\/BlogPosting\" itemprop=\"blogPost\" ><div class='avia_textblock  '   itemprop=\"text\" ><p style=\"font-weight: 400; text-align: justify;\">Con el objetivo de facilitar el acceso y mejorar la capacidad de respuesta de los servicios p\u00fablicos a la comunidad, el programa Gobierno en Terreno del Ministerio del Interior se ha desplegado en diferentes sectores de la Regi\u00f3n de Ays\u00e9n, entre los \u00faltimos, el sector de Alto Baguales.<\/p>\n<p style=\"font-weight: 400; text-align: justify;\">El Delegado Presidencial Regional, Rodrigo Araya, indic\u00f3 que estas instancias de encuentro y di\u00e1logo contribuyen a fortalecer la relaci\u00f3n entre las instituciones y comunidades, como parte del trabajo p\u00fablico privado permanente en el territorio.<\/p>\n<p style=\"font-weight: 400; text-align: justify;\">\u201cUno de los mandatos de nuestro Presidente Gabriel Boric es acercar las instituciones p\u00fablicas a la comunidad, a las personas, por eso desde las delegaciones en nuestra regi\u00f3n implementamos los Gobiernos en Terreno, que son instancias donde los servicios p\u00fablicos acuden a las distintas localidades para resolver requerimientos, consultas y ayudar a resolver problemas de las personas, de las familias que viven en todos los territorios de nuestra regi\u00f3n\u201d, se\u00f1al\u00f3.<\/p>\n<p style=\"font-weight: 400; text-align: justify;\">El presidente de la junta vecinal Alto Baguales, Jaime Rain, valor\u00f3 este espacio, donde la organizaci\u00f3n pudo resolver inquietudes de manera inmediata as\u00ed como tambi\u00e9n canalizar consultas que demandan mayores gestiones.<\/p>\n<p style=\"font-weight: 400; text-align: justify;\">\u201cEs la primera vez en la historia de Alto Baguales que tenemos un Gobierno en Terreno con tanto seremis y directores, cada uno se llev\u00f3 mucho trabajo, los vecinos que participaron dialogaron mucho y ahora estuvimos interactuando los vecinos y las autoridades, as\u00ed es que se llevaron mucho trabajo\u201d, explic\u00f3.<\/p>\n<p style=\"font-weight: 400; text-align: justify;\">Por su parte, Luc\u00eda Soto Ruiz a\u00f1adi\u00f3 que entre los temas abordados estuvo vivienda, becas y agua potable rural, entre otros.<\/p>\n<p style=\"font-weight: 400; text-align: justify;\">\u201cMe parece significativo, fundamental que se acerquen las instituciones a las personas, porque a trav\u00e9s de ello pudimos resolver infinidad de inquietudes personales, institucionales, como grupo, comunidad. Entre ellas habitabilidad, becas, APR, caminos y, por s\u00ed o por no, tuvimos respuestas significativas de las instituciones y de las autoridades, as\u00ed es que ojal\u00e1 que se replique en esta comunidad y en otras m\u00e1s\u201d, concluy\u00f3.<\/p>\n<p style=\"font-weight: 400; text-align: justify;\">Entre los seremis y servicios que participaron estuvo Obras P\u00fablicas, Transporte y Telecomunicaciones, Vivienda y Urbanismo, Medio Ambiente, Desarrollo Social, Seremi de Salud y Servicio de Salud Ays\u00e9n y Fonasa, entre otros.<\/p>\n<p style=\"font-weight: 400; text-align: justify;\">El Programa Gobierno en Terreno se desarrolla en toda la Regi\u00f3n de Ays\u00e9n a trav\u00e9s de las Delegaciones Presidenciales Regional de Ays\u00e9n y Provinciales Ays\u00e9n, General Carrera y Capit\u00e1n Prat, como una herramienta para acercar las necesidades de las personas a los servicios p\u00fablicos, como una instancia de participaci\u00f3n ciudadana, informaci\u00f3n y levantamiento de necesidades locales.<\/p>\n<\/div><\/section><\/div><\/p>\n<div  style='height:50px' class='hr hr-invisible   avia-builder-el-6  el_after_av_one_full  el_before_av_social_share '><span class='hr-inner ' ><span class='hr-inner-style'><\/span><\/span><\/div>\n<div  class='av-social-sharing-box  avia-builder-el-7  el_after_av_hr  el_before_av_hr  '><div class='av-share-box'><h5 class='av-share-link-description av-no-toc '>Compartir esta noticia<\/h5><ul class='av-share-box-list noLightbox'><li class='av-share-link av-social-link-facebook' ><a target=\"_blank\" aria-label=\"Compartir en Facebook\" href='https:\/\/www.facebook.com\/sharer.php?u=https:\/\/radiorevelacionfm.cl\/?p=22466&#038;t=Comunidad%20de%20Alto%20Baguales%20recibi%C3%B3%20atenci%C3%B3n%20de%20servicios%20de%20Gobierno%20en%20Terreno' aria-hidden='false' data-av_icon='\ue8f3' data-av_iconfont='entypo-fontello' title='' data-avia-related-tooltip='Compartir en Facebook' rel=\"noopener\"><span class='avia_hidden_link_text'>Compartir en Facebook<\/span><\/a><\/li><li class='av-share-link av-social-link-twitter' ><a target=\"_blank\" aria-label=\"Compartir en Twitter\" href='https:\/\/twitter.com\/share?text=Comunidad%20de%20Alto%20Baguales%20recibi%C3%B3%20atenci%C3%B3n%20de%20servicios%20de%20Gobierno%20en%20Terreno&#038;url=https:\/\/radiorevelacionfm.cl\/?p=22466' aria-hidden='false' data-av_icon='\ue8f1' data-av_iconfont='entypo-fontello' title='' data-avia-related-tooltip='Compartir en Twitter' rel=\"noopener\"><span class='avia_hidden_link_text'>Compartir en Twitter<\/span><\/a><\/li><li class='av-share-link av-social-link-whatsapp' ><a target=\"_blank\" aria-label=\"Compartir en Whatsapp\" href='https:\/\/api.whatsapp.com\/send?text=https:\/\/radiorevelacionfm.cl\/?p=22466' aria-hidden='false' data-av_icon='\uf232' data-av_iconfont='entypo-fontello' title='' data-avia-related-tooltip='Compartir en Whatsapp' rel=\"noopener\"><span class='avia_hidden_link_text'>Compartir en Whatsapp<\/span><\/a><\/li><li class='av-share-link av-social-link-linkedin' ><a target=\"_blank\" aria-label=\"Compartir en LinkedIn\" href='https:\/\/linkedin.com\/shareArticle?mini=true&#038;title=Comunidad%20de%20Alto%20Baguales%20recibi%C3%B3%20atenci%C3%B3n%20de%20servicios%20de%20Gobierno%20en%20Terreno&#038;url=https:\/\/radiorevelacionfm.cl\/?p=22466' aria-hidden='false' data-av_icon='\ue8fc' data-av_iconfont='entypo-fontello' title='' data-avia-related-tooltip='Compartir en LinkedIn' rel=\"noopener\"><span class='avia_hidden_link_text'>Compartir en LinkedIn<\/span><\/a><\/li><li class='av-share-link av-social-link-mail' ><a  aria-label=\"Compartir por correo\" href='mailto:?subject=Comunidad%20de%20Alto%20Baguales%20recibi%C3%B3%20atenci%C3%B3n%20de%20servicios%20de%20Gobierno%20en%20Terreno&#038;body=https:\/\/radiorevelacionfm.cl\/?p=22466' aria-hidden='false' data-av_icon='\ue805' data-av_iconfont='entypo-fontello' title='' data-avia-related-tooltip='Compartir por correo'><span class='avia_hidden_link_text'>Compartir por correo<\/span><\/a><\/li><\/ul><\/div><\/div>\n<div  style='height:50px' class='hr hr-invisible   avia-builder-el-8  el_after_av_social_share  el_before_av_comments_list '><span class='hr-inner ' ><span class='hr-inner-style'><\/span><\/span><\/div>\n<div  class='av-buildercomment  av-blog-meta-html-info-disabled av-blog-meta-tag-disabled  '><\/div>\n","protected":false},"excerpt":{"rendered":"","protected":false},"author":1,"featured_media":22467,"comment_status":"open","ping_status":"open","sticky":false,"template":"","format":"standard","meta":{"footnotes":""},"categories":[38],"tags":[],"class_list":["post-22466","post","type-post","status-publish","format-standard","has-post-thumbnail","hentry","category-regional"],"jetpack_featured_media_url":"https:\/\/radiorevelacionfm.cl\/wp-content\/uploads\/2022\/09\/Alto-Baguales-image-2022-09-30-at-16_optimized.20.08-1.jpeg","_links":{"self":[{"href":"https:\/\/radiorevelacionfm.cl\/index.php?rest_route=\/wp\/v2\/posts\/22466","targetHints":{"allow":["GET"]}}],"collection":[{"href":"https:\/\/radiorevelacionfm.cl\/index.php?rest_route=\/wp\/v2\/posts"}],"about":[{"href":"https:\/\/radiorevelacionfm.cl\/index.php?rest_route=\/wp\/v2\/types\/post"}],"author":[{"embeddable":true,"href":"https:\/\/radiorevelacionfm.cl\/index.php?rest_route=\/wp\/v2\/users\/1"}],"replies":[{"embeddable":true,"href":"https:\/\/radiorevelacionfm.cl\/index.php?rest_route=%2Fwp%2Fv2%2Fcomments&post=22466"}],"version-history":[{"count":3,"href":"https:\/\/radiorevelacionfm.cl\/index.php?rest_route=\/wp\/v2\/posts\/22466\/revisions"}],"predecessor-version":[{"id":22479,"href":"https:\/\/radiorevelacionfm.cl\/index.php?rest_route=\/wp\/v2\/posts\/22466\/revisions\/22479"}],"wp:featuredmedia":[{"embeddable":true,"href":"https:\/\/radiorevelacionfm.cl\/index.php?rest_route=\/wp\/v2\/media\/22467"}],"wp:attachment":[{"href":"https:\/\/radiorevelacionfm.cl\/index.php?rest_route=%2Fwp%2Fv2%2Fmedia&parent=22466"}],"wp:term":[{"taxonomy":"category","embeddable":true,"href":"https:\/\/radiorevelacionfm.cl\/index.php?rest_route=%2Fwp%2Fv2%2Fcategories&post=22466"},{"taxonomy":"post_tag","embeddable":true,"href":"https:\/\/radiorevelacionfm.cl\/index.php?rest_route=%2Fwp%2Fv2%2Ftags&post=22466"}],"curies":[{"name":"wp","href":"https:\/\/api.w.org\/{rel}","templated":true}]}}