{"id":22461,"date":"2022-09-30T16:46:01","date_gmt":"2022-09-30T19:46:01","guid":{"rendered":"https:\/\/radiorevelacionfm.cl\/?p=22461"},"modified":"2022-09-30T16:46:01","modified_gmt":"2022-09-30T19:46:01","slug":"barrio-turistico-y-comercial-cordon-barros-arana-de-la-junta-logra-reactivarse-con-apoyo-municipal-y-de-sercotec","status":"publish","type":"post","link":"https:\/\/radiorevelacionfm.cl\/?p=22461","title":{"rendered":"Barrio Tur\u00edstico y Comercial \u201cCord\u00f3n Barros Arana\u201d de La Junta logra reactivarse con apoyo Municipal y de Sercotec"},"content":{"rendered":"<div class=\"flex_column av_one_full  flex_column_div av-zero-column-padding first  avia-builder-el-0  el_before_av_one_full  avia-builder-el-first  \" style='border-radius:0px; '><div  class='avia-image-container  av-styling-    avia-builder-el-1  avia-builder-el-no-sibling  avia-align-center '  itemprop=\"image\" itemscope=\"itemscope\" itemtype=\"https:\/\/schema.org\/ImageObject\"  ><div class='avia-image-container-inner'><div class='avia-image-overlay-wrap'><img decoding=\"async\" class='wp-image-22463 avia-img-lazy-loading-not-22463 avia_image' src=\"https:\/\/radiorevelacionfm.cl\/wp-content\/uploads\/2022\/09\/barrio-la-junta-4a-1_optimized.jpg\" alt='' title='barrio-la-junta-4a-(1)_optimized' height=\"600\" width=\"948\"  itemprop=\"thumbnailUrl\" srcset=\"https:\/\/radiorevelacionfm.cl\/wp-content\/uploads\/2022\/09\/barrio-la-junta-4a-1_optimized.jpg 948w, https:\/\/radiorevelacionfm.cl\/wp-content\/uploads\/2022\/09\/barrio-la-junta-4a-1_optimized-300x190.jpg 300w, https:\/\/radiorevelacionfm.cl\/wp-content\/uploads\/2022\/09\/barrio-la-junta-4a-1_optimized-768x486.jpg 768w, https:\/\/radiorevelacionfm.cl\/wp-content\/uploads\/2022\/09\/barrio-la-junta-4a-1_optimized-705x446.jpg 705w, https:\/\/radiorevelacionfm.cl\/wp-content\/uploads\/2022\/09\/barrio-la-junta-4a-1_optimized-600x380.jpg 600w\" sizes=\"(max-width: 948px) 100vw, 948px\" \/><\/div><\/div><\/div><\/div><div class=\"flex_column av_one_full  flex_column_div av-zero-column-padding first  avia-builder-el-2  el_after_av_one_full  el_before_av_one_full  column-top-margin\" style='border-radius:0px; '><section class=\"av_textblock_section \"  itemscope=\"itemscope\" itemtype=\"https:\/\/schema.org\/BlogPosting\" itemprop=\"blogPost\" ><div class='avia_textblock  '   itemprop=\"text\" ><p style=\"text-align: center;\"><strong><span style=\"font-size: 18pt;\">Barrio Tur\u00edstico y Comercial \u201cCord\u00f3n Barros Arana\u201d de La Junta logra reactivarse con apoyo Municipal y de Sercotec <\/span><\/strong><\/p>\n<div id=\"gtx-trans\" style=\"position: absolute; left: -50px; top: 4.31534px;\">\n<div class=\"gtx-trans-icon\"><\/div>\n<\/div>\n<\/div><\/section><\/div><div class=\"flex_column av_one_full  flex_column_div av-zero-column-padding first  avia-builder-el-4  el_after_av_one_full  el_before_av_hr  column-top-margin\" style='border-radius:0px; '><section class=\"av_textblock_section \"  itemscope=\"itemscope\" itemtype=\"https:\/\/schema.org\/BlogPosting\" itemprop=\"blogPost\" ><div class='avia_textblock  '   itemprop=\"text\" ><p style=\"text-align: justify;\">La Ilustre Municipalidad de Cisnes a trav\u00e9s de su oficina de Fomento Productivo de La Junta y la Oficina de Fomento y Turismo, destacan al nuevo Barrio Tur\u00edstico y Comercial Cord\u00f3n Barros Arana de La Junta, que nace en el a\u00f1o 2021 en el marco del Programa de Reactivaci\u00f3n especial para Centros y Barrios Comerciales de Sercotec, que re\u00fane a micro y peque\u00f1as empresas. Este instrumento consisti\u00f3 en apoyar la activaci\u00f3n, gesti\u00f3n y comunicaci\u00f3n de la oferta comercial de empresas de comercio minorista de La Junta, tales como: negocios, gimnasio, servicios de alimentaci\u00f3n, alojamientos y de actividades tur\u00edsticas, adem\u00e1s de la participaci\u00f3n de una radiodifusora, entre otras.<\/p>\n<p style=\"text-align: justify;\">Las empresas participantes se beneficiaron a trav\u00e9s de asistencia t\u00e9cnica comercial y financiamiento no reembolsable de $35.000.000 millones de pesos, para el mejoramiento de infraestructura, difusi\u00f3n y marketing, como as\u00ed tambi\u00e9n, bonificaci\u00f3n del capital de trabajo de las empresas. En el tema de difusi\u00f3n se envi\u00f3 a hacer pend\u00f3n y bolsas reciclables para cada socio, adem\u00e1s del dise\u00f1o de logo de la agrupaci\u00f3n.<\/p>\n<p style=\"text-align: justify;\">Para el presidente del Barrio Tur\u00edstico y Comercial Cord\u00f3n Barros Arana de La Junta, Cesar Vidal, la ayuda benefici\u00f3 a 10 peque\u00f1os empresarios de la localidad, quienes pudieron mejorar sus respectivos negocios. \u201cAgradecer a todos ustedes por hacer posible que el Barrio Tur\u00edstico y Comercial Cord\u00f3n Barros Arana se hiciera acreedor de este proyecto, muchos de nosotros, 10 beneficiados del proyecto que por primera vez estamos participando de este tipo de instancias, que no hace m\u00e1s que venir a engrandecer las pymes de nuestra localidad, agradecer tambi\u00e9n, al equipo municipal, al equipo de fomento, a Lorena y H\u00e9ctor, por el apoyo brindado a trav\u00e9s de la postulaci\u00f3n\u201d, recalc\u00f3 el presidente de la agrupaci\u00f3n.<\/p>\n<p style=\"text-align: justify;\">Por su parte, Lorena Lehnebach, encargada de la Oficina de Fomento Productivo y Turismo en el Municipio, dijo que, \u201ccomo Municipalidad de Cisnes, estamos orgullosos del trabajo realizado por el Barrio Comercial Barros Arana de la localidad de La Junta, grupo de empresarios que se uni\u00f3 en base a este proyecto de Sercotec para ir identificando\u00a0 mejoras tanto para sus temas de comercio, sus emprendimientos, desarrollo del turismo, y que hoy en d\u00eda nos llevo tambi\u00e9n\u00a0 conformar una agrupaci\u00f3n de manera m\u00e1s formalizada, y en la cual\u00a0 ya est\u00e1n visualizando otras acciones para desarrollar a corto plazo que tambi\u00e9n involucre el desarrollo tur\u00edstico de la localidad y con participaci\u00f3n de la comunidad. As\u00ed es que, nosotros como Municipio a trav\u00e9s de la unidad de Fomento Productivo y Turismo, vamos a estar apoy\u00e1ndolos constantemente en cada una de las acciones que necesiten desarrollar de aqu\u00ed en adelante\u201d.<\/p>\n<p style=\"text-align: justify;\">Finalmente, Lorena Lehnebach, resalt\u00f3 que el Municipio fue parte de la postulaci\u00f3n del proyecto de Sercotec, y que a trav\u00e9s del apoyo del profesional H\u00e9ctor Parada de la Oficina de Fomento de La Junta, contaron con permanente apoyo para llevar a cabo cada una de las gestiones.<\/p>\n<\/div><\/section><\/div><div  style='height:50px' class='hr hr-invisible   avia-builder-el-6  el_after_av_one_full  el_before_av_social_share '><span class='hr-inner ' ><span class='hr-inner-style'><\/span><\/span><\/div><\/p>\n<div  class='av-social-sharing-box  avia-builder-el-7  el_after_av_hr  el_before_av_hr  '><div class='av-share-box'><h5 class='av-share-link-description av-no-toc '>Compartir esta noticia<\/h5><ul class='av-share-box-list noLightbox'><li class='av-share-link av-social-link-facebook' ><a target=\"_blank\" aria-label=\"Compartir en Facebook\" href='https:\/\/www.facebook.com\/sharer.php?u=https:\/\/radiorevelacionfm.cl\/?p=22461&#038;t=Barrio%20Tur%C3%ADstico%20y%20Comercial%20%E2%80%9CCord%C3%B3n%20Barros%20Arana%E2%80%9D%20de%20La%20Junta%20logra%20reactivarse%20con%20apoyo%20Municipal%20y%20de%20Sercotec' aria-hidden='false' data-av_icon='\ue8f3' data-av_iconfont='entypo-fontello' title='' data-avia-related-tooltip='Compartir en Facebook' rel=\"noopener\"><span class='avia_hidden_link_text'>Compartir en Facebook<\/span><\/a><\/li><li class='av-share-link av-social-link-twitter' ><a target=\"_blank\" aria-label=\"Compartir en Twitter\" href='https:\/\/twitter.com\/share?text=Barrio%20Tur%C3%ADstico%20y%20Comercial%20%E2%80%9CCord%C3%B3n%20Barros%20Arana%E2%80%9D%20de%20La%20Junta%20logra%20reactivarse%20con%20apoyo%20Municipal%20y%20de%20Sercotec&#038;url=https:\/\/radiorevelacionfm.cl\/?p=22461' aria-hidden='false' data-av_icon='\ue8f1' data-av_iconfont='entypo-fontello' title='' data-avia-related-tooltip='Compartir en Twitter' rel=\"noopener\"><span class='avia_hidden_link_text'>Compartir en Twitter<\/span><\/a><\/li><li class='av-share-link av-social-link-whatsapp' ><a target=\"_blank\" aria-label=\"Compartir en Whatsapp\" href='https:\/\/api.whatsapp.com\/send?text=https:\/\/radiorevelacionfm.cl\/?p=22461' aria-hidden='false' data-av_icon='\uf232' data-av_iconfont='entypo-fontello' title='' data-avia-related-tooltip='Compartir en Whatsapp' rel=\"noopener\"><span class='avia_hidden_link_text'>Compartir en Whatsapp<\/span><\/a><\/li><li class='av-share-link av-social-link-linkedin' ><a target=\"_blank\" aria-label=\"Compartir en LinkedIn\" href='https:\/\/linkedin.com\/shareArticle?mini=true&#038;title=Barrio%20Tur%C3%ADstico%20y%20Comercial%20%E2%80%9CCord%C3%B3n%20Barros%20Arana%E2%80%9D%20de%20La%20Junta%20logra%20reactivarse%20con%20apoyo%20Municipal%20y%20de%20Sercotec&#038;url=https:\/\/radiorevelacionfm.cl\/?p=22461' aria-hidden='false' data-av_icon='\ue8fc' data-av_iconfont='entypo-fontello' title='' data-avia-related-tooltip='Compartir en LinkedIn' rel=\"noopener\"><span class='avia_hidden_link_text'>Compartir en LinkedIn<\/span><\/a><\/li><li class='av-share-link av-social-link-mail' ><a  aria-label=\"Compartir por correo\" href='mailto:?subject=Barrio%20Tur%C3%ADstico%20y%20Comercial%20%E2%80%9CCord%C3%B3n%20Barros%20Arana%E2%80%9D%20de%20La%20Junta%20logra%20reactivarse%20con%20apoyo%20Municipal%20y%20de%20Sercotec&#038;body=https:\/\/radiorevelacionfm.cl\/?p=22461' aria-hidden='false' data-av_icon='\ue805' data-av_iconfont='entypo-fontello' title='' data-avia-related-tooltip='Compartir por correo'><span class='avia_hidden_link_text'>Compartir por correo<\/span><\/a><\/li><\/ul><\/div><\/div>\n<div  style='height:50px' class='hr hr-invisible   avia-builder-el-8  el_after_av_social_share  el_before_av_comments_list '><span class='hr-inner ' ><span class='hr-inner-style'><\/span><\/span><\/div>\n<div  class='av-buildercomment  av-blog-meta-html-info-disabled av-blog-meta-tag-disabled  '><\/div>\n","protected":false},"excerpt":{"rendered":"","protected":false},"author":1,"featured_media":22463,"comment_status":"open","ping_status":"open","sticky":false,"template":"","format":"standard","meta":{"footnotes":""},"categories":[38],"tags":[],"class_list":["post-22461","post","type-post","status-publish","format-standard","has-post-thumbnail","hentry","category-regional"],"jetpack_featured_media_url":"https:\/\/radiorevelacionfm.cl\/wp-content\/uploads\/2022\/09\/barrio-la-junta-4a-1_optimized.jpg","_links":{"self":[{"href":"https:\/\/radiorevelacionfm.cl\/index.php?rest_route=\/wp\/v2\/posts\/22461","targetHints":{"allow":["GET"]}}],"collection":[{"href":"https:\/\/radiorevelacionfm.cl\/index.php?rest_route=\/wp\/v2\/posts"}],"about":[{"href":"https:\/\/radiorevelacionfm.cl\/index.php?rest_route=\/wp\/v2\/types\/post"}],"author":[{"embeddable":true,"href":"https:\/\/radiorevelacionfm.cl\/index.php?rest_route=\/wp\/v2\/users\/1"}],"replies":[{"embeddable":true,"href":"https:\/\/radiorevelacionfm.cl\/index.php?rest_route=%2Fwp%2Fv2%2Fcomments&post=22461"}],"version-history":[{"count":2,"href":"https:\/\/radiorevelacionfm.cl\/index.php?rest_route=\/wp\/v2\/posts\/22461\/revisions"}],"predecessor-version":[{"id":22465,"href":"https:\/\/radiorevelacionfm.cl\/index.php?rest_route=\/wp\/v2\/posts\/22461\/revisions\/22465"}],"wp:featuredmedia":[{"embeddable":true,"href":"https:\/\/radiorevelacionfm.cl\/index.php?rest_route=\/wp\/v2\/media\/22463"}],"wp:attachment":[{"href":"https:\/\/radiorevelacionfm.cl\/index.php?rest_route=%2Fwp%2Fv2%2Fmedia&parent=22461"}],"wp:term":[{"taxonomy":"category","embeddable":true,"href":"https:\/\/radiorevelacionfm.cl\/index.php?rest_route=%2Fwp%2Fv2%2Fcategories&post=22461"},{"taxonomy":"post_tag","embeddable":true,"href":"https:\/\/radiorevelacionfm.cl\/index.php?rest_route=%2Fwp%2Fv2%2Ftags&post=22461"}],"curies":[{"name":"wp","href":"https:\/\/api.w.org\/{rel}","templated":true}]}}