{"id":2246,"date":"2021-01-31T15:08:15","date_gmt":"2021-01-31T18:08:15","guid":{"rendered":"https:\/\/radiorevelacionfm.cl\/?p=2246"},"modified":"2021-01-31T15:20:08","modified_gmt":"2021-01-31T18:20:08","slug":"candidatas-independientes-recurren-al-tricel-invocando-inconstitucionalidad-de-norma-que-las-dejo-fuera-eleccion-a-la-convencion","status":"publish","type":"post","link":"https:\/\/radiorevelacionfm.cl\/?p=2246","title":{"rendered":"Candidatas independientes recurren al Tricel invocando inconstitucionalidad de norma que las dej\u00f3 fuera de la elecci\u00f3n a Convenci\u00f3n de Constituyentes"},"content":{"rendered":"<div class=\"flex_column av_one_full  flex_column_div av-zero-column-padding first  avia-builder-el-0  el_before_av_one_full  avia-builder-el-first  \" style='border-radius:0px; '><div  class='avia-image-container  av-styling-    avia-builder-el-1  avia-builder-el-no-sibling  avia-align-center '  itemprop=\"image\" itemscope=\"itemscope\" itemtype=\"https:\/\/schema.org\/ImageObject\"  ><div class='avia-image-container-inner'><div class='avia-image-overlay-wrap'><img decoding=\"async\" class='wp-image-0 avia-img-lazy-loading-not-0 avia_image' src=\"https:\/\/radiorevelacionfm.cl\/wp-content\/uploads\/2021\/01\/Constituyente-1.png\" alt='' title=''   itemprop=\"thumbnailUrl\"  \/><\/div><\/div><\/div><\/div>\n<div class=\"flex_column av_one_full  flex_column_div av-zero-column-padding first  avia-builder-el-2  el_after_av_one_full  el_before_av_one_full  column-top-margin\" style='border-radius:0px; '><section class=\"av_textblock_section \"  itemscope=\"itemscope\" itemtype=\"https:\/\/schema.org\/BlogPosting\" itemprop=\"blogPost\" ><div class='avia_textblock  '   itemprop=\"text\" ><p style=\"text-align: center;\"><span style=\"font-size: 18pt;\"><strong>Candidatas independientes recurren al Tricel invocando inconstitucionalidad de norma que las dej\u00f3 fuera de la elecci\u00f3n a Convenci\u00f3n de Constituyentes<\/strong><\/span><\/p>\n<div id=\"gtx-trans\" style=\"position: absolute; left: -50px; top: 4.31534px;\">\n<div class=\"gtx-trans-icon\"><\/div>\n<\/div>\n<\/div><\/section><\/div><div class=\"flex_column av_one_full  flex_column_div av-zero-column-padding first  avia-builder-el-4  el_after_av_one_full  el_before_av_hr  column-top-margin\" style='border-radius:0px; '><section class=\"av_textblock_section \"  itemscope=\"itemscope\" itemtype=\"https:\/\/schema.org\/BlogPosting\" itemprop=\"blogPost\" ><div class='avia_textblock  '   itemprop=\"text\" ><p style=\"font-weight: 400; text-align: justify;\"><em>Art\u00edculo 36 transitorio extendi\u00f3 en casi 18 meses el plazo de independencia exigido a los y las candidatas independientes, lo cual aument\u00f3 en casi 6 meses los requeridos para las elecciones previas y las futuras de diputados y senadores.<\/em><\/p>\n<p style=\"font-weight: 400; text-align: justify;\">Una lucha que apunta al principio constitucional de la igualdad ante la ley iniciaron esta semana las candidatas independientes Luisa Ludwig Winkler, de la lista\u00a0<strong><em>A PULSO, por el buen vivir<\/em><\/strong>, y Hayley Dur\u00e1n Bocaz (en cupo RD), de la lista\u00a0<strong><em>Apruebo Dignidad<\/em><\/strong>, cuyas postulaciones a la Convenci\u00f3n Constitucional fueron rechazadas por el Servicio Electoral por a\u00fan estar inscritas en partidos pol\u00edticos al 26 de octubre de 2019.\u00a0\u00a0La reclamaci\u00f3n fue patrocinada por la abogada\u00a0Gianella Pantanalli Wandersleben\u00a0ante el Tribunal Calificador de Elecciones dentro del plazo estipulado por ley.<\/p>\n<p style=\"font-weight: 400; text-align: justify;\">El escrito se fundamenta en que aunque el Art\u00edculo 36 transitorio de la Constituci\u00f3n estableci\u00f3 la paridad de g\u00e9nero y la conformaci\u00f3n de listas independientes, tambi\u00e9n estipul\u00f3 que los candidatos y candidatas independientes deb\u00edan estar desafiliados de cualquier partido como m\u00e1ximo el 26 de octubre de 2019.\u00a0\u00a0Es decir, casi 18 meses previo a la elecci\u00f3n del 11 de abril de 2021.\u00a0\u00a0Esta situaci\u00f3n excepcional s\u00f3lo se aplicar\u00eda en el caso de este proceso eleccionario (afectando las candidaturas a la Convenci\u00f3n Constitucional, gobiernos regionales y municipios) y no al resto de las elecciones de diputados y senadores, donde el plazo de independencia sigue siendo un a\u00f1o previo a los respectivos comicios.<\/p>\n<p style=\"font-weight: 400; text-align: justify;\">Este hecho instituido por un art\u00edculo transitorio de 3\/5 de qu\u00f3rum, se\u00f1al\u00f3 la abogada Pantanalli, \u00ab<em>es claramente un acto discriminatorio, en clara contravenci\u00f3n con el Art\u00edculo 19 n\u00famero 2 de la propia Carta Fundamental (con un qu\u00f3rum de 2\/3), que establece los deberes y derechos constitucionales.\u00a0\u00a0Este instituye &#8216;la igualdad ante la ley. En Chile no hay persona ni grupo privilegiados. En Chile no hay esclavos y el que pise su territorio queda libre. Hombres y mujeres son iguales ante la ley.\u00a0\u00a0Ni la ley ni autoridad alguna podr\u00e1n establecer diferencias arbitrarias&#8217;<\/em>\u00ab.<\/p>\n<p style=\"font-weight: 400; text-align: justify;\">M\u00e1s a\u00fan, el propio Art\u00edculo 18 de la Carta Fundamental se\u00f1ala que \u00ab<em>habr\u00e1 un sistema electoral p\u00fablico. Una ley org\u00e1nica constitucional determinar\u00e1 su organizaci\u00f3n y funcionamiento, regular\u00e1 la forma en que se realizar\u00e1n los procesos electorales y plebiscitarios, en todo lo no previsto por esta Constituci\u00f3n y garantizar\u00e1 siempre la plena igualdad entre los independientes y los miembros de partidos pol\u00edticos tanto en la presentaci\u00f3n de candidaturas como en su participaci\u00f3n en los se\u00f1alados procesos<\/em>\u00ab. Siguiendo este planteamiento, la norma que extiende el plazo de independencia a casi 18 meses previo a las elecciones del 11 de abril 2021 colisiona con el principio que asegura la \u00ab<em>plena igualdad entre los independientes y los miembros de partidos pol\u00edticos<\/em>\u00ab, ya que a los y las militantes no se les modifica en caso alguno el per\u00edodo m\u00ednimo de integraci\u00f3n a una colectividad para postular por ellas.<\/p>\n<p style=\"font-weight: 400; text-align: justify;\">Al respecto,\u00a0<strong>Hayley Dur\u00e1n<\/strong>\u00a0indic\u00f3 que esta ofensiva \u00ab<em>no s\u00f3lo es un acto administrativo y ajustado a derecho, sino tambi\u00e9n pol\u00edtico, asociado a los derechos civiles, sociales y pol\u00edticos, que toda ciudadana\/o tiene de poder participar en espacios pol\u00edticos locales y nacionales; adem\u00e1s de ser este un momento hist\u00f3rico para el pa\u00eds en el cual queremos dialogar para redactar una nueva Constituci\u00f3n.\u00a0\u00a0A las mujeres primero se nos ha negado y luego dificultado participar en el mundo pol\u00edtico, siendo varias las que nos encontramos en esta situaci\u00f3n discriminatoria<\/em>\u00ab.<\/p>\n<p style=\"font-weight: 400; text-align: justify;\">Por su parte,\u00a0<strong>Luisa Ludwig<\/strong>\u00a0indic\u00f3 que \u00ab<em>\u00e9stos son algunos de los aspectos que es fundamental modificar en la nueva Constituci\u00f3n. Arbitrariedades que privilegian a sectores determinados, estableciendo ciudadanos y ciudadanas de primera y de segunda categor\u00eda, m\u00e1s a\u00fan en un \u00e1mbito tan sensible para la democracia como es el de la participaci\u00f3n pol\u00edtica<\/em>\u00ab.<\/p>\n<p style=\"font-weight: 400; text-align: justify;\">Las candidatas no descartaron recurrir al propio Tribunal Constitucional, por una colisi\u00f3n de principios de orden constitucional.<\/p>\n<\/div><\/section><\/div><\/p>\n<div  style='height:50px' class='hr hr-invisible   avia-builder-el-6  el_after_av_one_full  el_before_av_social_share '><span class='hr-inner ' ><span class='hr-inner-style'><\/span><\/span><\/div>\n<div  class='av-social-sharing-box  avia-builder-el-7  el_after_av_hr  el_before_av_hr  '><div class='av-share-box'><h5 class='av-share-link-description av-no-toc '>Compartir esta noticia<\/h5><ul class='av-share-box-list noLightbox'><li class='av-share-link av-social-link-facebook' ><a target=\"_blank\" aria-label=\"Compartir en Facebook\" href='https:\/\/www.facebook.com\/sharer.php?u=https:\/\/radiorevelacionfm.cl\/?p=2246&#038;t=Candidatas%20independientes%20recurren%20al%20Tricel%20invocando%20inconstitucionalidad%20de%20norma%20que%20las%20dej%C3%B3%20fuera%20de%20la%20elecci%C3%B3n%20a%20Convenci%C3%B3n%20de%20Constituyentes' aria-hidden='false' data-av_icon='\ue8f3' data-av_iconfont='entypo-fontello' title='' data-avia-related-tooltip='Compartir en Facebook' rel=\"noopener\"><span class='avia_hidden_link_text'>Compartir en Facebook<\/span><\/a><\/li><li class='av-share-link av-social-link-twitter' ><a target=\"_blank\" aria-label=\"Compartir en Twitter\" href='https:\/\/twitter.com\/share?text=Candidatas%20independientes%20recurren%20al%20Tricel%20invocando%20inconstitucionalidad%20de%20norma%20que%20las%20dej%C3%B3%20fuera%20de%20la%20elecci%C3%B3n%20a%20Convenci%C3%B3n%20de%20Constituyentes&#038;url=https:\/\/radiorevelacionfm.cl\/?p=2246' aria-hidden='false' data-av_icon='\ue8f1' data-av_iconfont='entypo-fontello' title='' data-avia-related-tooltip='Compartir en Twitter' rel=\"noopener\"><span class='avia_hidden_link_text'>Compartir en Twitter<\/span><\/a><\/li><li class='av-share-link av-social-link-whatsapp' ><a target=\"_blank\" aria-label=\"Compartir en Whatsapp\" href='https:\/\/api.whatsapp.com\/send?text=https:\/\/radiorevelacionfm.cl\/?p=2246' aria-hidden='false' data-av_icon='\uf232' data-av_iconfont='entypo-fontello' title='' data-avia-related-tooltip='Compartir en Whatsapp' rel=\"noopener\"><span class='avia_hidden_link_text'>Compartir en Whatsapp<\/span><\/a><\/li><li class='av-share-link av-social-link-linkedin' ><a target=\"_blank\" aria-label=\"Compartir en LinkedIn\" href='https:\/\/linkedin.com\/shareArticle?mini=true&#038;title=Candidatas%20independientes%20recurren%20al%20Tricel%20invocando%20inconstitucionalidad%20de%20norma%20que%20las%20dej%C3%B3%20fuera%20de%20la%20elecci%C3%B3n%20a%20Convenci%C3%B3n%20de%20Constituyentes&#038;url=https:\/\/radiorevelacionfm.cl\/?p=2246' aria-hidden='false' data-av_icon='\ue8fc' data-av_iconfont='entypo-fontello' title='' data-avia-related-tooltip='Compartir en LinkedIn' rel=\"noopener\"><span class='avia_hidden_link_text'>Compartir en LinkedIn<\/span><\/a><\/li><li class='av-share-link av-social-link-mail' ><a  aria-label=\"Compartir por correo\" href='mailto:?subject=Candidatas%20independientes%20recurren%20al%20Tricel%20invocando%20inconstitucionalidad%20de%20norma%20que%20las%20dej%C3%B3%20fuera%20de%20la%20elecci%C3%B3n%20a%20Convenci%C3%B3n%20de%20Constituyentes&#038;body=https:\/\/radiorevelacionfm.cl\/?p=2246' aria-hidden='false' data-av_icon='\ue805' data-av_iconfont='entypo-fontello' title='' data-avia-related-tooltip='Compartir por correo'><span class='avia_hidden_link_text'>Compartir por correo<\/span><\/a><\/li><\/ul><\/div><\/div>\n<div  style='height:50px' class='hr hr-invisible   avia-builder-el-8  el_after_av_social_share  el_before_av_comments_list '><span class='hr-inner ' ><span class='hr-inner-style'><\/span><\/span><\/div>\n<div  class='av-buildercomment  av-blog-meta-html-info-disabled av-blog-meta-tag-disabled  '><\/div>\n","protected":false},"excerpt":{"rendered":"","protected":false},"author":1,"featured_media":0,"comment_status":"open","ping_status":"open","sticky":false,"template":"","format":"standard","meta":{"footnotes":""},"categories":[35],"tags":[],"class_list":["post-2246","post","type-post","status-publish","format-standard","hentry","category-politica"],"jetpack_featured_media_url":"","_links":{"self":[{"href":"https:\/\/radiorevelacionfm.cl\/index.php?rest_route=\/wp\/v2\/posts\/2246","targetHints":{"allow":["GET"]}}],"collection":[{"href":"https:\/\/radiorevelacionfm.cl\/index.php?rest_route=\/wp\/v2\/posts"}],"about":[{"href":"https:\/\/radiorevelacionfm.cl\/index.php?rest_route=\/wp\/v2\/types\/post"}],"author":[{"embeddable":true,"href":"https:\/\/radiorevelacionfm.cl\/index.php?rest_route=\/wp\/v2\/users\/1"}],"replies":[{"embeddable":true,"href":"https:\/\/radiorevelacionfm.cl\/index.php?rest_route=%2Fwp%2Fv2%2Fcomments&post=2246"}],"version-history":[{"count":4,"href":"https:\/\/radiorevelacionfm.cl\/index.php?rest_route=\/wp\/v2\/posts\/2246\/revisions"}],"predecessor-version":[{"id":2251,"href":"https:\/\/radiorevelacionfm.cl\/index.php?rest_route=\/wp\/v2\/posts\/2246\/revisions\/2251"}],"wp:attachment":[{"href":"https:\/\/radiorevelacionfm.cl\/index.php?rest_route=%2Fwp%2Fv2%2Fmedia&parent=2246"}],"wp:term":[{"taxonomy":"category","embeddable":true,"href":"https:\/\/radiorevelacionfm.cl\/index.php?rest_route=%2Fwp%2Fv2%2Fcategories&post=2246"},{"taxonomy":"post_tag","embeddable":true,"href":"https:\/\/radiorevelacionfm.cl\/index.php?rest_route=%2Fwp%2Fv2%2Ftags&post=2246"}],"curies":[{"name":"wp","href":"https:\/\/api.w.org\/{rel}","templated":true}]}}