{"id":22458,"date":"2022-10-01T09:40:36","date_gmt":"2022-10-01T12:40:36","guid":{"rendered":"https:\/\/radiorevelacionfm.cl\/?p=22458"},"modified":"2022-10-01T09:40:36","modified_gmt":"2022-10-01T12:40:36","slug":"en-cochrane-y-coyhaique-se-realizaron-conversatorios-sobre-educacion-no-sexista","status":"publish","type":"post","link":"https:\/\/radiorevelacionfm.cl\/?p=22458","title":{"rendered":"En Cochrane y Coyhaique se realizaron conversatorios sobre Educaci\u00f3n No Sexista"},"content":{"rendered":"<div class=\"flex_column av_one_full  flex_column_div av-zero-column-padding first  avia-builder-el-0  el_before_av_one_full  avia-builder-el-first  \" style='border-radius:0px; '><div  class='avia-image-container  av-styling-    avia-builder-el-1  avia-builder-el-no-sibling  avia-align-center '  itemprop=\"image\" itemscope=\"itemscope\" itemtype=\"https:\/\/schema.org\/ImageObject\"  ><div class='avia-image-container-inner'><div class='avia-image-overlay-wrap'><img decoding=\"async\" class='wp-image-22459 avia-img-lazy-loading-not-22459 avia_image' src=\"https:\/\/radiorevelacionfm.cl\/wp-content\/uploads\/2022\/09\/conversatorio3-1-1.jpeg\" alt='' title='conversatorio3 (1) (1)' height=\"600\" width=\"800\"  itemprop=\"thumbnailUrl\" srcset=\"https:\/\/radiorevelacionfm.cl\/wp-content\/uploads\/2022\/09\/conversatorio3-1-1.jpeg 800w, https:\/\/radiorevelacionfm.cl\/wp-content\/uploads\/2022\/09\/conversatorio3-1-1-300x225.jpeg 300w, https:\/\/radiorevelacionfm.cl\/wp-content\/uploads\/2022\/09\/conversatorio3-1-1-768x576.jpeg 768w, https:\/\/radiorevelacionfm.cl\/wp-content\/uploads\/2022\/09\/conversatorio3-1-1-705x529.jpeg 705w, https:\/\/radiorevelacionfm.cl\/wp-content\/uploads\/2022\/09\/conversatorio3-1-1-600x450.jpeg 600w\" sizes=\"(max-width: 800px) 100vw, 800px\" \/><\/div><\/div><\/div><\/div><div class=\"flex_column av_one_full  flex_column_div av-zero-column-padding first  avia-builder-el-2  el_after_av_one_full  el_before_av_one_full  column-top-margin\" style='border-radius:0px; '><section class=\"av_textblock_section \"  itemscope=\"itemscope\" itemtype=\"https:\/\/schema.org\/BlogPosting\" itemprop=\"blogPost\" ><div class='avia_textblock  '   itemprop=\"text\" ><p style=\"text-align: center;\"><span style=\"font-size: 18pt;\"><b>En Cochrane y Coyhaique se realizaron conversatorios sobre Educaci\u00f3n No Sexista<\/b><\/span><\/p>\n<div id=\"gtx-trans\" style=\"position: absolute; left: -50px; top: 4.31534px;\">\n<div class=\"gtx-trans-icon\"><\/div>\n<\/div>\n<\/div><\/section><\/div><div class=\"flex_column av_one_full  flex_column_div av-zero-column-padding first  avia-builder-el-4  el_after_av_one_full  el_before_av_hr  column-top-margin\" style='border-radius:0px; '><section class=\"av_textblock_section \"  itemscope=\"itemscope\" itemtype=\"https:\/\/schema.org\/BlogPosting\" itemprop=\"blogPost\" ><div class='avia_textblock  '   itemprop=\"text\" ><p class=\"v1MsoNormal\" style=\"text-align: justify;\">En el marco de una agenda regional de Educaci\u00f3n y G\u00e9nero impulsada por las serem\u00edas de Educaci\u00f3n y de la Mujer y Equidad de G\u00e9nero se est\u00e1n desarrollando conversatorios sobre Educaci\u00f3n No Sexista.<\/p>\n<p class=\"v1MsoNormal\" style=\"text-align: justify;\">Durante la presente semana se realizaron dos encuentros en Cochrane; en el Liceo Austral Lord Cochrane y en la Escuela Teniente\u00a0 Hern\u00e1n Merino Correa con la participaci\u00f3n de representantes de las escuelas Pioneros del Sur de Villa OHiggins y Comandante Luis Bravo de Caleta Tortel. En esta oportunidad fueron\u00a0 convocados a participar directores, docentes encargados de Convivencia escolar, asistentes de la educaci\u00f3n, representantes de centros de alumnos\/as, y directivas de padres y apoderados. En Coyhaique en tanto se realiz\u00f3 un conversatorio con directoras y educadoras de p\u00e1rvulos de jardines infantiles y colegios.<\/p>\n<p class=\"v1MsoNormal\" style=\"text-align: justify;\">Estos conversatorios se desarrollaron en modalidad expositiva y trabajo de talleres y bajo la premisa de que las escuelas, los liceos, los colegios y jardines infantiles\u00a0 pueden y deben ser lugares justos, donde todas y todos puedan aprender, sentirse protegidos, felices, jam\u00e1s discriminados por ser quienes son.<\/p>\n<p class=\"v1MsoNormal\" style=\"text-align: justify;\">El relator de los tres encuentros fue el profesional de la Unidad de Equidad de G\u00e9nero del Ministerio de Educaci\u00f3n Mauricio Manquepill\u00e1n Pi\u00f1eiro, quien se refiri\u00f3 a la necesidad de estos espacios de di\u00e1logo.<\/p>\n<p class=\"v1MsoNormal\" style=\"text-align: justify;\">\u201cEstos conversatorios tienen como objetivo potenciar un trabajo de reflexi\u00f3n con todas las comunidades educativas en torno a la Educaci\u00f3n No Sexista y Enfoque de G\u00e9nero en Educaci\u00f3n. Queremos hacerlo en terreno, recogiendo la incertidumbre, las preguntas y los testimonios acerca de como entienden los estudiantes y los profesores la Educaci\u00f3n No Sexista. Nos hemos dado cuenta que hay una demanda de formaci\u00f3n en educaci\u00f3n sexual en los docentes, en los estudiantes, en las familias. Las familias tampoco dialogan sobre sexualidad con apertura y transparencia. Por ello el Gobierno realiz\u00f3 una jornada de Educaci\u00f3n No Sexista y en ese contexto vemos que es muy necesario aprender a dialogar al interior de las familias\u00a0 sobre sexualidad. Por otra parte, es de toda justicia dialogar sobre las inequidades de g\u00e9nero que se dan entre hombres y mujeres en las escuelas, en el \u00e1mbito acad\u00e9mico, en las pr\u00e1cticas docentes. Creemos que a trav\u00e9s de la formaci\u00f3n podemos contribuir a una escuela m\u00e1s inclusiva y equitativa y donde se acoja a los estudiantes con toda su diversidad\u201d.<\/p>\n<p class=\"v1MsoNormal\" style=\"text-align: justify;\">Los conversatorios fueron valorados positivamente por los participantes. Martina Castillo, estudiante del Liceo Austral Lord Cochrane expres\u00f3. \u201cFue un conversatorio muy entretenido, ya que no solo fue expositiva sino que tuvimos espacio los estudiantes para conversar y\u00a0 responder preguntas. Hubo un buen acercamiento con los profesionales del Ministerio de Educaci\u00f3n y es necesario que est\u00e9n presentes en las escuelas\u201d.<\/p>\n<p class=\"v1MsoNormal\" style=\"text-align: justify;\">Deisy Soto Educadora de P\u00e1rvulos de Coyhaique se\u00f1al\u00f3 que \u201cEste conversatorio y su contenido es primordial para nuestro desarrollo docente. Es una tem\u00e1tica muy actual que tenemos que trabajarla con los ni\u00f1os, y ni\u00f1as, con los equipos docentes, con la familia. Es un necesario porque nos ayuda a abrir nuestra mirada a trabajar con nuestros usuarios de manera m\u00e1s pertinente, abrirnos a la igualdad, a la inclusi\u00f3n, a que nuestros ni\u00f1os y ni\u00f1as tengan las mismas posibilidades, las mismas habilidades ya que tienen las mismas capacidades para lograr todo lo que ellos y ellas quieren en la vida\u201d.<\/p>\n<\/div><\/section><\/div><div  style='height:50px' class='hr hr-invisible   avia-builder-el-6  el_after_av_one_full  el_before_av_social_share '><span class='hr-inner ' ><span class='hr-inner-style'><\/span><\/span><\/div><\/p>\n<div  class='av-social-sharing-box  avia-builder-el-7  el_after_av_hr  el_before_av_hr  '><div class='av-share-box'><h5 class='av-share-link-description av-no-toc '>Compartir esta noticia<\/h5><ul class='av-share-box-list noLightbox'><li class='av-share-link av-social-link-facebook' ><a target=\"_blank\" aria-label=\"Compartir en Facebook\" href='https:\/\/www.facebook.com\/sharer.php?u=https:\/\/radiorevelacionfm.cl\/?p=22458&#038;t=En%20Cochrane%20y%20Coyhaique%20se%20realizaron%20conversatorios%20sobre%20Educaci%C3%B3n%20No%20Sexista' aria-hidden='false' data-av_icon='\ue8f3' data-av_iconfont='entypo-fontello' title='' data-avia-related-tooltip='Compartir en Facebook' rel=\"noopener\"><span class='avia_hidden_link_text'>Compartir en Facebook<\/span><\/a><\/li><li class='av-share-link av-social-link-twitter' ><a target=\"_blank\" aria-label=\"Compartir en Twitter\" href='https:\/\/twitter.com\/share?text=En%20Cochrane%20y%20Coyhaique%20se%20realizaron%20conversatorios%20sobre%20Educaci%C3%B3n%20No%20Sexista&#038;url=https:\/\/radiorevelacionfm.cl\/?p=22458' aria-hidden='false' data-av_icon='\ue8f1' data-av_iconfont='entypo-fontello' title='' data-avia-related-tooltip='Compartir en Twitter' rel=\"noopener\"><span class='avia_hidden_link_text'>Compartir en Twitter<\/span><\/a><\/li><li class='av-share-link av-social-link-whatsapp' ><a target=\"_blank\" aria-label=\"Compartir en Whatsapp\" href='https:\/\/api.whatsapp.com\/send?text=https:\/\/radiorevelacionfm.cl\/?p=22458' aria-hidden='false' data-av_icon='\uf232' data-av_iconfont='entypo-fontello' title='' data-avia-related-tooltip='Compartir en Whatsapp' rel=\"noopener\"><span class='avia_hidden_link_text'>Compartir en Whatsapp<\/span><\/a><\/li><li class='av-share-link av-social-link-linkedin' ><a target=\"_blank\" aria-label=\"Compartir en LinkedIn\" href='https:\/\/linkedin.com\/shareArticle?mini=true&#038;title=En%20Cochrane%20y%20Coyhaique%20se%20realizaron%20conversatorios%20sobre%20Educaci%C3%B3n%20No%20Sexista&#038;url=https:\/\/radiorevelacionfm.cl\/?p=22458' aria-hidden='false' data-av_icon='\ue8fc' data-av_iconfont='entypo-fontello' title='' data-avia-related-tooltip='Compartir en LinkedIn' rel=\"noopener\"><span class='avia_hidden_link_text'>Compartir en LinkedIn<\/span><\/a><\/li><li class='av-share-link av-social-link-mail' ><a  aria-label=\"Compartir por correo\" href='mailto:?subject=En%20Cochrane%20y%20Coyhaique%20se%20realizaron%20conversatorios%20sobre%20Educaci%C3%B3n%20No%20Sexista&#038;body=https:\/\/radiorevelacionfm.cl\/?p=22458' aria-hidden='false' data-av_icon='\ue805' data-av_iconfont='entypo-fontello' title='' data-avia-related-tooltip='Compartir por correo'><span class='avia_hidden_link_text'>Compartir por correo<\/span><\/a><\/li><\/ul><\/div><\/div>\n<div  style='height:50px' class='hr hr-invisible   avia-builder-el-8  el_after_av_social_share  el_before_av_comments_list '><span class='hr-inner ' ><span class='hr-inner-style'><\/span><\/span><\/div>\n<div  class='av-buildercomment  av-blog-meta-html-info-disabled av-blog-meta-tag-disabled  '><\/div>\n","protected":false},"excerpt":{"rendered":"","protected":false},"author":1,"featured_media":22459,"comment_status":"open","ping_status":"open","sticky":false,"template":"","format":"standard","meta":{"footnotes":""},"categories":[49],"tags":[],"class_list":["post-22458","post","type-post","status-publish","format-standard","has-post-thumbnail","hentry","category-educacion"],"jetpack_featured_media_url":"https:\/\/radiorevelacionfm.cl\/wp-content\/uploads\/2022\/09\/conversatorio3-1-1.jpeg","_links":{"self":[{"href":"https:\/\/radiorevelacionfm.cl\/index.php?rest_route=\/wp\/v2\/posts\/22458","targetHints":{"allow":["GET"]}}],"collection":[{"href":"https:\/\/radiorevelacionfm.cl\/index.php?rest_route=\/wp\/v2\/posts"}],"about":[{"href":"https:\/\/radiorevelacionfm.cl\/index.php?rest_route=\/wp\/v2\/types\/post"}],"author":[{"embeddable":true,"href":"https:\/\/radiorevelacionfm.cl\/index.php?rest_route=\/wp\/v2\/users\/1"}],"replies":[{"embeddable":true,"href":"https:\/\/radiorevelacionfm.cl\/index.php?rest_route=%2Fwp%2Fv2%2Fcomments&post=22458"}],"version-history":[{"count":2,"href":"https:\/\/radiorevelacionfm.cl\/index.php?rest_route=\/wp\/v2\/posts\/22458\/revisions"}],"predecessor-version":[{"id":22499,"href":"https:\/\/radiorevelacionfm.cl\/index.php?rest_route=\/wp\/v2\/posts\/22458\/revisions\/22499"}],"wp:featuredmedia":[{"embeddable":true,"href":"https:\/\/radiorevelacionfm.cl\/index.php?rest_route=\/wp\/v2\/media\/22459"}],"wp:attachment":[{"href":"https:\/\/radiorevelacionfm.cl\/index.php?rest_route=%2Fwp%2Fv2%2Fmedia&parent=22458"}],"wp:term":[{"taxonomy":"category","embeddable":true,"href":"https:\/\/radiorevelacionfm.cl\/index.php?rest_route=%2Fwp%2Fv2%2Fcategories&post=22458"},{"taxonomy":"post_tag","embeddable":true,"href":"https:\/\/radiorevelacionfm.cl\/index.php?rest_route=%2Fwp%2Fv2%2Ftags&post=22458"}],"curies":[{"name":"wp","href":"https:\/\/api.w.org\/{rel}","templated":true}]}}