{"id":22452,"date":"2022-10-01T11:42:29","date_gmt":"2022-10-01T14:42:29","guid":{"rendered":"https:\/\/radiorevelacionfm.cl\/?p=22452"},"modified":"2022-10-01T11:42:29","modified_gmt":"2022-10-01T14:42:29","slug":"imparten-charla-sobre-buenas-practicas-laborales-con-equidad-de-genero-y-norma-chilena-3262","status":"publish","type":"post","link":"https:\/\/radiorevelacionfm.cl\/?p=22452","title":{"rendered":"Imparten charla sobre buenas pr\u00e1cticas laborales con equidad de g\u00e9nero y Norma Chilena 3262"},"content":{"rendered":"<div class=\"flex_column av_one_full  flex_column_div av-zero-column-padding first  avia-builder-el-0  el_before_av_one_full  avia-builder-el-first  \" style='border-radius:0px; '><div  class='avia-image-container  av-styling-    avia-builder-el-1  avia-builder-el-no-sibling  avia-align-center '  itemprop=\"image\" itemscope=\"itemscope\" itemtype=\"https:\/\/schema.org\/ImageObject\"  ><div class='avia-image-container-inner'><div class='avia-image-overlay-wrap'><img decoding=\"async\" class='wp-image-22453 avia-img-lazy-loading-not-22453 avia_image' src=\"https:\/\/radiorevelacionfm.cl\/wp-content\/uploads\/2022\/09\/charla-bpleg-4-1-1_optimized-1.jpg\" alt='' title='charla-bpleg-(4)-(1)-(1)_optimized (1)' height=\"600\" width=\"1410\"  itemprop=\"thumbnailUrl\" srcset=\"https:\/\/radiorevelacionfm.cl\/wp-content\/uploads\/2022\/09\/charla-bpleg-4-1-1_optimized-1.jpg 1410w, https:\/\/radiorevelacionfm.cl\/wp-content\/uploads\/2022\/09\/charla-bpleg-4-1-1_optimized-1-300x128.jpg 300w, https:\/\/radiorevelacionfm.cl\/wp-content\/uploads\/2022\/09\/charla-bpleg-4-1-1_optimized-1-1030x438.jpg 1030w, https:\/\/radiorevelacionfm.cl\/wp-content\/uploads\/2022\/09\/charla-bpleg-4-1-1_optimized-1-768x327.jpg 768w, https:\/\/radiorevelacionfm.cl\/wp-content\/uploads\/2022\/09\/charla-bpleg-4-1-1_optimized-1-705x300.jpg 705w, https:\/\/radiorevelacionfm.cl\/wp-content\/uploads\/2022\/09\/charla-bpleg-4-1-1_optimized-1-600x255.jpg 600w\" sizes=\"(max-width: 1410px) 100vw, 1410px\" \/><\/div><\/div><\/div><\/div><div class=\"flex_column av_one_full  flex_column_div av-zero-column-padding first  avia-builder-el-2  el_after_av_one_full  el_before_av_one_full  column-top-margin\" style='border-radius:0px; '><section class=\"av_textblock_section \"  itemscope=\"itemscope\" itemtype=\"https:\/\/schema.org\/BlogPosting\" itemprop=\"blogPost\" ><div class='avia_textblock  '   itemprop=\"text\" ><p style=\"text-align: center;\"><strong><span style=\"font-size: 18pt;\">Imparten charla sobre buenas pr\u00e1cticas laborales con equidad de g\u00e9nero y Norma Chilena 3262<\/span><\/strong><\/p>\n<div id=\"gtx-trans\" style=\"position: absolute; left: -50px; top: 4.31534px;\">\n<div class=\"gtx-trans-icon\"><\/div>\n<\/div>\n<\/div><\/section><\/div><div class=\"flex_column av_one_full  flex_column_div av-zero-column-padding first  avia-builder-el-4  el_after_av_one_full  el_before_av_hr  column-top-margin\" style='border-radius:0px; '><section class=\"av_textblock_section \"  itemscope=\"itemscope\" itemtype=\"https:\/\/schema.org\/BlogPosting\" itemprop=\"blogPost\" ><div class='avia_textblock  '   itemprop=\"text\" ><p style=\"font-weight: 400; text-align: justify;\">Cerca de 60 personas provenientes de servicios, organizaciones y empresas del sector p\u00fablico y privado, participaron, desde diferentes territorios de la Regi\u00f3n, en una charla denominada \u201cBuenas Pr\u00e1cticas Laborales con Equidad de G\u00e9nero y Norma Chilena 3262\u201d, organizada por el Servicio Nacional de la Mujer y la Equidad de G\u00e9nero, SernamEG. En la actividad tambi\u00e9n se dio a conocer el Sello Iguala Conciliaci\u00f3n y las novedades del programa Buenas Pr\u00e1cticas Laborales con Equidad de G\u00e9nero para el a\u00f1o 2023.<\/p>\n<p style=\"font-weight: 400; text-align: justify;\">Junto con valorar la alta convocatoria, durante su intervenci\u00f3n, la Seremi de la Mujer y la Equidad de G\u00e9nero, Andrea M\u00e9ndez Valenzuela, dijo: \u201cpara el Ministerio el visibilizar y problematizar ciertas pr\u00e1cticas sexistas o discriminatorias que habitan en los espacios laborales, constituye un elemento trascendental para democratizar a la sociedad en su conjunto. Aquello que habita en la sociedad permea, sin duda en nuestra vida cotidiana y en los espacios en los que nos desenvolvemos laboralmente. Por lo tanto, hacer una revisi\u00f3n cr\u00edtica de lo que ocurre con las inequidades de g\u00e9nero y tomar las medidas para identificarlas y neutralizarlas; constituye un principio sustentado en la justicia social y en la democracia efectiva\u201d.<\/p>\n<p style=\"font-weight: 400; text-align: justify;\">En tanto, la Directora Regional (S) de SernamEG, Carla Arriagada Malague\u00f1o, expres\u00f3: \u201cnosotras como Servicio sabemos que el G\u00e9nero debiera transversalizar todos los espacios. Como pa\u00eds fuimos los primeros que incorporamos una norma relativa a la gesti\u00f3n de personas con la Norma NCh3262 \u2013 2021. Desde ah\u00ed, invitar a quienes est\u00e1n participando de esta charla, a pensar en la incorporaci\u00f3n del enfoque de g\u00e9nero en el \u00e1mbito de desarrollo de las personas como un elemento favorecedor de la gesti\u00f3n institucional. Donde los servicios, organizaciones y empresas del sector p\u00fablico y privado van a obtener una ganancia y \u00e9sta se va a ver reflejada en las personas, en la productividad y en la atenci\u00f3n\u201d.<\/p>\n<p style=\"font-weight: 400; text-align: justify;\">La Charla, fue dictada por la Coordinadora Nacional del programa Buenas Pr\u00e1cticas Laborales con Equidad de G\u00e9nero, Paula Pizarro Rojas. En ella se hizo hincapi\u00e9 que la implementaci\u00f3n de la Norma Chilena 3262 &#8211; 2021 constituye para la organizaci\u00f3n un cambio de cultura, un factor de innovaci\u00f3n social y de optimizaci\u00f3n de la gesti\u00f3n basada en las personas. En la oportunidad, se dio conocer como la Norma Chilena NCh3262 &#8211; 2021 y el Sello Iguala Conciliaci\u00f3n operan de manera interrelacionada, ambas son herramientas para avanzar en la incorporaci\u00f3n de la equidad de g\u00e9nero en las organizaciones laborales; la Norma como un sistema de gesti\u00f3n y el Sello como un reconocimiento p\u00fablico.<\/p>\n<p style=\"font-weight: 400; text-align: justify;\">La actividad se enmarca en la oferta del programa de SernamEG, que incluye adem\u00e1s cursos en los que se revisan la Norma NCh3262 &#8211; 2021 paso a paso, llamados \u201cAgentes de Igualdad\u201d y tambi\u00e9n cursos de elaboraci\u00f3n de procedimientos. En la ocasi\u00f3n, se dio a conocer que las postulaciones al modelo program\u00e1tico ser\u00e1n en enero del a\u00f1o 2023 y se ofrece un acompa\u00f1amiento por dos a\u00f1os en la incorporaci\u00f3n de las buenas pr\u00e1cticas laborales con equidad de g\u00e9nero en las organizaciones.<\/p>\n<p style=\"font-weight: 400; text-align: justify;\"><strong>\u00a0<\/strong><\/p>\n<p style=\"font-weight: 400; text-align: justify;\"><strong>PASOS PARA IMPLEMENTAR LA NORMA CHILENA 3262<\/strong><\/p>\n<p style=\"font-weight: 400; text-align: justify;\">La implementaci\u00f3n de la Norma Chilena 3262-2021 contempla un proceso que invita a constituir al interior de la organizaci\u00f3n un Comit\u00e9 de G\u00e9nero o Comit\u00e9 de Buenas Pr\u00e1cticas Laborales con Equidad de G\u00e9nero, que es el encargado de llevar adelante el trabajo del Sistema de Gesti\u00f3n en Igualdad de G\u00e9nero y Conciliaci\u00f3n (SIGIC), que lidera el trabajo de elaboraci\u00f3n de un Diagn\u00f3stico para detectar las brechas de g\u00e9nero al interior de la organizaci\u00f3n en la Gesti\u00f3n de Personas, Infraestructura y Ambiente de Trabajo. Luego del diagn\u00f3stico, se debe dise\u00f1ar el Plan de Acci\u00f3n para disminuir y\/o eliminar las brechas; m\u00e1s tarde viene la Implementaci\u00f3n de este Plan de Acci\u00f3n, la Auditor\u00eda Interna y la Certificaci\u00f3n por entidades acreditadas ante el INN. Es as\u00ed como la Norma Chilena ISO 9000 ordena a la organizaci\u00f3n, le permite observarse, revisar su estructura de gesti\u00f3n y mejorar.<\/p>\n<p style=\"font-weight: 400; text-align: justify;\">SernamEG brinda informaci\u00f3n y asesor\u00eda de manera gratuita a las organizaciones\/empresas interesadas o decididas a implementar pol\u00edticas de G\u00e9nero en la Gesti\u00f3n de Personas, entre las cuales est\u00e1 la NCH 3262\/2021 del Instituto de normalizaci\u00f3n, y el Sello Iguala Conciliaci\u00f3n del SernamEG. Para ello, se puede obtener informaci\u00f3n en\u00a0<a href=\"https:\/\/app.sernam.cl\/ficha-sello-iguala\/\" data-saferedirecturl=\"https:\/\/www.google.com\/url?q=https:\/\/app.sernam.cl\/ficha-sello-iguala\/&amp;source=gmail&amp;ust=1664647252723000&amp;usg=AOvVaw1Pc8lE2lmuT23tM7BiMBsF\">https:\/\/app.sernam.cl\/ficha-sello-iguala\/<\/a>\u00a0o consultar en <a href=\"mailto:oisrcoyhaique@sernameg.gob.cl\">oisrcoyhaique@sernameg.gob.cl<\/a>. Tambi\u00e9n se puede obtener asesor\u00eda a trav\u00e9s del Programa Buenas Pr\u00e1cticas Laborales con Equidad de G\u00e9nero, presente en todas las direcciones regionales de SernamEG; que en la regi\u00f3n de Ays\u00e9n se ubica en Avenida Baquedano 257, Coyhaique.<\/p>\n<\/div><\/section><\/div><div  style='height:50px' class='hr hr-invisible   avia-builder-el-6  el_after_av_one_full  el_before_av_social_share '><span class='hr-inner ' ><span class='hr-inner-style'><\/span><\/span><\/div><\/p>\n<div  class='av-social-sharing-box  avia-builder-el-7  el_after_av_hr  el_before_av_hr  '><div class='av-share-box'><h5 class='av-share-link-description av-no-toc '>Compartir esta noticia<\/h5><ul class='av-share-box-list noLightbox'><li class='av-share-link av-social-link-facebook' ><a target=\"_blank\" aria-label=\"Compartir en Facebook\" href='https:\/\/www.facebook.com\/sharer.php?u=https:\/\/radiorevelacionfm.cl\/?p=22452&#038;t=Imparten%20charla%20sobre%20buenas%20pr%C3%A1cticas%20laborales%20con%20equidad%20de%20g%C3%A9nero%20y%20Norma%20Chilena%203262' aria-hidden='false' data-av_icon='\ue8f3' data-av_iconfont='entypo-fontello' title='' data-avia-related-tooltip='Compartir en Facebook' rel=\"noopener\"><span class='avia_hidden_link_text'>Compartir en Facebook<\/span><\/a><\/li><li class='av-share-link av-social-link-twitter' ><a target=\"_blank\" aria-label=\"Compartir en Twitter\" href='https:\/\/twitter.com\/share?text=Imparten%20charla%20sobre%20buenas%20pr%C3%A1cticas%20laborales%20con%20equidad%20de%20g%C3%A9nero%20y%20Norma%20Chilena%203262&#038;url=https:\/\/radiorevelacionfm.cl\/?p=22452' aria-hidden='false' data-av_icon='\ue8f1' data-av_iconfont='entypo-fontello' title='' data-avia-related-tooltip='Compartir en Twitter' rel=\"noopener\"><span class='avia_hidden_link_text'>Compartir en Twitter<\/span><\/a><\/li><li class='av-share-link av-social-link-whatsapp' ><a target=\"_blank\" aria-label=\"Compartir en Whatsapp\" href='https:\/\/api.whatsapp.com\/send?text=https:\/\/radiorevelacionfm.cl\/?p=22452' aria-hidden='false' data-av_icon='\uf232' data-av_iconfont='entypo-fontello' title='' data-avia-related-tooltip='Compartir en Whatsapp' rel=\"noopener\"><span class='avia_hidden_link_text'>Compartir en Whatsapp<\/span><\/a><\/li><li class='av-share-link av-social-link-linkedin' ><a target=\"_blank\" aria-label=\"Compartir en LinkedIn\" href='https:\/\/linkedin.com\/shareArticle?mini=true&#038;title=Imparten%20charla%20sobre%20buenas%20pr%C3%A1cticas%20laborales%20con%20equidad%20de%20g%C3%A9nero%20y%20Norma%20Chilena%203262&#038;url=https:\/\/radiorevelacionfm.cl\/?p=22452' aria-hidden='false' data-av_icon='\ue8fc' data-av_iconfont='entypo-fontello' title='' data-avia-related-tooltip='Compartir en LinkedIn' rel=\"noopener\"><span class='avia_hidden_link_text'>Compartir en LinkedIn<\/span><\/a><\/li><li class='av-share-link av-social-link-mail' ><a  aria-label=\"Compartir por correo\" href='mailto:?subject=Imparten%20charla%20sobre%20buenas%20pr%C3%A1cticas%20laborales%20con%20equidad%20de%20g%C3%A9nero%20y%20Norma%20Chilena%203262&#038;body=https:\/\/radiorevelacionfm.cl\/?p=22452' aria-hidden='false' data-av_icon='\ue805' data-av_iconfont='entypo-fontello' title='' data-avia-related-tooltip='Compartir por correo'><span class='avia_hidden_link_text'>Compartir por correo<\/span><\/a><\/li><\/ul><\/div><\/div>\n<div  style='height:50px' class='hr hr-invisible   avia-builder-el-8  el_after_av_social_share  el_before_av_comments_list '><span class='hr-inner ' ><span class='hr-inner-style'><\/span><\/span><\/div>\n<div  class='av-buildercomment  av-blog-meta-html-info-disabled av-blog-meta-tag-disabled  '><\/div>\n","protected":false},"excerpt":{"rendered":"","protected":false},"author":1,"featured_media":22453,"comment_status":"open","ping_status":"open","sticky":false,"template":"","format":"standard","meta":{"footnotes":""},"categories":[38],"tags":[],"class_list":["post-22452","post","type-post","status-publish","format-standard","has-post-thumbnail","hentry","category-regional"],"jetpack_featured_media_url":"https:\/\/radiorevelacionfm.cl\/wp-content\/uploads\/2022\/09\/charla-bpleg-4-1-1_optimized-1.jpg","_links":{"self":[{"href":"https:\/\/radiorevelacionfm.cl\/index.php?rest_route=\/wp\/v2\/posts\/22452","targetHints":{"allow":["GET"]}}],"collection":[{"href":"https:\/\/radiorevelacionfm.cl\/index.php?rest_route=\/wp\/v2\/posts"}],"about":[{"href":"https:\/\/radiorevelacionfm.cl\/index.php?rest_route=\/wp\/v2\/types\/post"}],"author":[{"embeddable":true,"href":"https:\/\/radiorevelacionfm.cl\/index.php?rest_route=\/wp\/v2\/users\/1"}],"replies":[{"embeddable":true,"href":"https:\/\/radiorevelacionfm.cl\/index.php?rest_route=%2Fwp%2Fv2%2Fcomments&post=22452"}],"version-history":[{"count":2,"href":"https:\/\/radiorevelacionfm.cl\/index.php?rest_route=\/wp\/v2\/posts\/22452\/revisions"}],"predecessor-version":[{"id":22502,"href":"https:\/\/radiorevelacionfm.cl\/index.php?rest_route=\/wp\/v2\/posts\/22452\/revisions\/22502"}],"wp:featuredmedia":[{"embeddable":true,"href":"https:\/\/radiorevelacionfm.cl\/index.php?rest_route=\/wp\/v2\/media\/22453"}],"wp:attachment":[{"href":"https:\/\/radiorevelacionfm.cl\/index.php?rest_route=%2Fwp%2Fv2%2Fmedia&parent=22452"}],"wp:term":[{"taxonomy":"category","embeddable":true,"href":"https:\/\/radiorevelacionfm.cl\/index.php?rest_route=%2Fwp%2Fv2%2Fcategories&post=22452"},{"taxonomy":"post_tag","embeddable":true,"href":"https:\/\/radiorevelacionfm.cl\/index.php?rest_route=%2Fwp%2Fv2%2Ftags&post=22452"}],"curies":[{"name":"wp","href":"https:\/\/api.w.org\/{rel}","templated":true}]}}