{"id":22449,"date":"2022-10-01T15:18:53","date_gmt":"2022-10-01T18:18:53","guid":{"rendered":"https:\/\/radiorevelacionfm.cl\/?p=22449"},"modified":"2022-10-01T15:18:53","modified_gmt":"2022-10-01T18:18:53","slug":"invitan-a-celebrar-el-dia-internacional-de-personas-mayores","status":"publish","type":"post","link":"https:\/\/radiorevelacionfm.cl\/?p=22449","title":{"rendered":"Invitan a Celebrar el \u201cD\u00eda Internacional de Personas Mayores\u201d"},"content":{"rendered":"<div class=\"flex_column av_one_full  flex_column_div av-zero-column-padding first  avia-builder-el-0  el_before_av_one_full  avia-builder-el-first  \" style='border-radius:0px; '><div  class='avia-image-container  av-styling-    avia-builder-el-1  avia-builder-el-no-sibling  avia-align-center '  itemprop=\"image\" itemscope=\"itemscope\" itemtype=\"https:\/\/schema.org\/ImageObject\"  ><div class='avia-image-container-inner'><div class='avia-image-overlay-wrap'><img decoding=\"async\" class='wp-image-22450 avia-img-lazy-loading-not-22450 avia_image' src=\"https:\/\/radiorevelacionfm.cl\/wp-content\/uploads\/2022\/09\/adultos-mayores-2-1-1.jpeg\" alt='' title='adultos mayores 2 (1) (1)' height=\"600\" width=\"913\"  itemprop=\"thumbnailUrl\" srcset=\"https:\/\/radiorevelacionfm.cl\/wp-content\/uploads\/2022\/09\/adultos-mayores-2-1-1.jpeg 913w, https:\/\/radiorevelacionfm.cl\/wp-content\/uploads\/2022\/09\/adultos-mayores-2-1-1-300x197.jpeg 300w, https:\/\/radiorevelacionfm.cl\/wp-content\/uploads\/2022\/09\/adultos-mayores-2-1-1-768x505.jpeg 768w, https:\/\/radiorevelacionfm.cl\/wp-content\/uploads\/2022\/09\/adultos-mayores-2-1-1-705x463.jpeg 705w, https:\/\/radiorevelacionfm.cl\/wp-content\/uploads\/2022\/09\/adultos-mayores-2-1-1-600x394.jpeg 600w\" sizes=\"(max-width: 913px) 100vw, 913px\" \/><\/div><\/div><\/div><\/div><div class=\"flex_column av_one_full  flex_column_div av-zero-column-padding first  avia-builder-el-2  el_after_av_one_full  el_before_av_one_full  column-top-margin\" style='border-radius:0px; '><section class=\"av_textblock_section \"  itemscope=\"itemscope\" itemtype=\"https:\/\/schema.org\/BlogPosting\" itemprop=\"blogPost\" ><div class='avia_textblock  '   itemprop=\"text\" ><p style=\"text-align: center;\"><strong><span style=\"font-size: 18pt;\">Invitan a Celebrar el \u201cD\u00eda Internacional de Personas Mayores\u201d<\/span><\/strong><\/p>\n<div id=\"gtx-trans\" style=\"position: absolute; left: -50px; top: 4.31534px;\">\n<div class=\"gtx-trans-icon\"><\/div>\n<\/div>\n<\/div><\/section><\/div><div class=\"flex_column av_one_full  flex_column_div av-zero-column-padding first  avia-builder-el-4  el_after_av_one_full  el_before_av_hr  column-top-margin\" style='border-radius:0px; '><section class=\"av_textblock_section \"  itemscope=\"itemscope\" itemtype=\"https:\/\/schema.org\/BlogPosting\" itemprop=\"blogPost\" ><div class='avia_textblock  '   itemprop=\"text\" ><p style=\"text-align: justify;\">En la regi\u00f3n, de \u00a0la poblaci\u00f3n total de personas mayores, el 46,2% son hombres; mientras que el 53,8% corresponde a \u00a0mujeres.<\/p>\n<p style=\"text-align: justify;\">Una invitaci\u00f3n para asistir a una plaza ciudadana, el d\u00eda 1 de octubre a todas las personas mayores a conmemorar su d\u00eda, realiz\u00f3 el delegado Presidencial, Rodrigo Araya y la Seremi de Desarrollo Social y Familia, Karina Acevedo; actividad que se efectuar\u00e1 a partir de las 15:00 horas, en la Escuela V\u00edctor Domingo Silva, ubicada en las Quintas N\u00b0826.<\/p>\n<p style=\"text-align: justify;\">Asimismo, las autoridades dieron a conocer distintas actividades que se desarrollar\u00e1n en el mes de octubre para reconocer a los adultos mayores, dando inicio as\u00ed, al mes de las \u201cPersonas Mayores\u201d. Se desarrollar\u00e1n di\u00e1logos participativos territoriales, en las comunas de Coyhaique, Ays\u00e9n, Puerto Cisnes e Ib\u00e1\u00f1ez, fechas que se ir\u00e1n informando en los pr\u00f3ximos d\u00edas.<\/p>\n<p style=\"text-align: justify;\">Seg\u00fan explic\u00f3 Karina Acevedo, como Ministerio y como Gobierno, el mes de octubre estar\u00e1 dedicado a las personas mayores, como un homenaje a todos esos hombres y mujeres que han hecho de esta regi\u00f3n, lo que es en la actualidad. Tambi\u00e9n, indic\u00f3 que para el a\u00f1o 2050 m\u00e1s de 6 millones de habitantes en Chile ser\u00e1n Personas Mayores; y que, de acuerdo a la encuesta de Caracterizaci\u00f3n Socioecon\u00f3mica Nacional, Casen del a\u00f1o 2020, las personas de 60 a\u00f1os y m\u00e1s en la regi\u00f3n de Ays\u00e9n, son 19.783 personas, de los cuales 14.810 se ubican en el \u00e1rea urbana y 4.973 personas viven en sectores rurales.<\/p>\n<p style=\"text-align: justify;\">La Seremi, invit\u00f3 a todos los adultos mayores de Coyhaique a celebrar su d\u00eda. \u201cTengo una invitaci\u00f3n especial para usted, adulto mayor, adulta mayor, que pueda acompa\u00f1arnos este d\u00eda s\u00e1bado, 1 de octubre, en la escuela V\u00edctor Domingo Silva, donde vamos a tener una plaza ciudadana, un gobierno en terreno distinto, pensado para usted, as\u00ed que acomp\u00e1\u00f1enos este d\u00eda s\u00e1bado 1 de octubre, desde las 15:00 a 18:00 horas. Vamos a estar con informaci\u00f3n que usted requiere, que usted necesita.\u00a0 Acercamos el Gobierno a usted como adulto mayor. Es el inicio adem\u00e1s de una serie de actividades que vamos a realizar en la regi\u00f3n, junto a Senama en las diferentes comunas, y que le vamos a ir contando e informando en cada territorio\u201d, coment\u00f3 Acevedo.<\/p>\n<p style=\"text-align: justify;\">En tanto, el Delegado Presidencial, Rodrigo Araya, se refiri\u00f3 a las diferentes actividades pensadas para los adultos mayores, destacando el compromiso del Gobierno del Presidente Boric para las personas de este rango et\u00e1reo, destacando el trabajo de resguardar y promover los derechos de las personas mayores, un derecho a una vejez digna, as\u00ed como tambi\u00e9n, promover el envejecimiento positivo fortaleciendo la institucionalidad del Adulto Mayor.<\/p>\n<p style=\"text-align: justify;\">\u201cQueremos invitar a todos los adultos mayores, para este d\u00eda s\u00e1bado en la Escuela V\u00edctor Domingo Silva, a partir de las 3 de la tarde, vamos a tener un Gobierno en terreno, ah\u00ed todos los servicios p\u00fablicos que tienen que ver con servicios justamente para las personas mayores, como el Ministerio de Desarrollo Social, el Senama, van a estar ah\u00ed para poder resolver dudas, y tambi\u00e9n conversar con respecto a las actividades que vamos a realizar durante este mes del Adulto Mayor. Inviten a toda su gente conocida, inviten a sus organizaciones tambi\u00e9n, de adultos mayores, porque uno de los roles importantes de este Gobierno y por mandato de nuestro Presidente es acercar los servicios p\u00fablicos a las personas para ayudarlos en todo su quehacer\u201d, coment\u00f3 el Delegado Presidencial.<\/p>\n<p style=\"text-align: justify;\"><strong>\u00a0<\/strong><\/p>\n<p style=\"text-align: justify;\"><strong>\u00a0<\/strong><\/p>\n<\/div><\/section><\/div><div  style='height:50px' class='hr hr-invisible   avia-builder-el-6  el_after_av_one_full  el_before_av_social_share '><span class='hr-inner ' ><span class='hr-inner-style'><\/span><\/span><\/div><\/p>\n<div  class='av-social-sharing-box  avia-builder-el-7  el_after_av_hr  el_before_av_hr  '><div class='av-share-box'><h5 class='av-share-link-description av-no-toc '>Compartir esta noticia<\/h5><ul class='av-share-box-list noLightbox'><li class='av-share-link av-social-link-facebook' ><a target=\"_blank\" aria-label=\"Compartir en Facebook\" href='https:\/\/www.facebook.com\/sharer.php?u=https:\/\/radiorevelacionfm.cl\/?p=22449&#038;t=Invitan%20a%20Celebrar%20el%20%E2%80%9CD%C3%ADa%20Internacional%20de%20Personas%20Mayores%E2%80%9D' aria-hidden='false' data-av_icon='\ue8f3' data-av_iconfont='entypo-fontello' title='' data-avia-related-tooltip='Compartir en Facebook' rel=\"noopener\"><span class='avia_hidden_link_text'>Compartir en Facebook<\/span><\/a><\/li><li class='av-share-link av-social-link-twitter' ><a target=\"_blank\" aria-label=\"Compartir en Twitter\" href='https:\/\/twitter.com\/share?text=Invitan%20a%20Celebrar%20el%20%E2%80%9CD%C3%ADa%20Internacional%20de%20Personas%20Mayores%E2%80%9D&#038;url=https:\/\/radiorevelacionfm.cl\/?p=22449' aria-hidden='false' data-av_icon='\ue8f1' data-av_iconfont='entypo-fontello' title='' data-avia-related-tooltip='Compartir en Twitter' rel=\"noopener\"><span class='avia_hidden_link_text'>Compartir en Twitter<\/span><\/a><\/li><li class='av-share-link av-social-link-whatsapp' ><a target=\"_blank\" aria-label=\"Compartir en Whatsapp\" href='https:\/\/api.whatsapp.com\/send?text=https:\/\/radiorevelacionfm.cl\/?p=22449' aria-hidden='false' data-av_icon='\uf232' data-av_iconfont='entypo-fontello' title='' data-avia-related-tooltip='Compartir en Whatsapp' rel=\"noopener\"><span class='avia_hidden_link_text'>Compartir en Whatsapp<\/span><\/a><\/li><li class='av-share-link av-social-link-linkedin' ><a target=\"_blank\" aria-label=\"Compartir en LinkedIn\" href='https:\/\/linkedin.com\/shareArticle?mini=true&#038;title=Invitan%20a%20Celebrar%20el%20%E2%80%9CD%C3%ADa%20Internacional%20de%20Personas%20Mayores%E2%80%9D&#038;url=https:\/\/radiorevelacionfm.cl\/?p=22449' aria-hidden='false' data-av_icon='\ue8fc' data-av_iconfont='entypo-fontello' title='' data-avia-related-tooltip='Compartir en LinkedIn' rel=\"noopener\"><span class='avia_hidden_link_text'>Compartir en LinkedIn<\/span><\/a><\/li><li class='av-share-link av-social-link-mail' ><a  aria-label=\"Compartir por correo\" href='mailto:?subject=Invitan%20a%20Celebrar%20el%20%E2%80%9CD%C3%ADa%20Internacional%20de%20Personas%20Mayores%E2%80%9D&#038;body=https:\/\/radiorevelacionfm.cl\/?p=22449' aria-hidden='false' data-av_icon='\ue805' data-av_iconfont='entypo-fontello' title='' data-avia-related-tooltip='Compartir por correo'><span class='avia_hidden_link_text'>Compartir por correo<\/span><\/a><\/li><\/ul><\/div><\/div>\n<div  style='height:50px' class='hr hr-invisible   avia-builder-el-8  el_after_av_social_share  el_before_av_comments_list '><span class='hr-inner ' ><span class='hr-inner-style'><\/span><\/span><\/div>\n<div  class='av-buildercomment  av-blog-meta-html-info-disabled av-blog-meta-tag-disabled  '><\/div>\n","protected":false},"excerpt":{"rendered":"","protected":false},"author":1,"featured_media":22450,"comment_status":"open","ping_status":"open","sticky":false,"template":"","format":"standard","meta":{"footnotes":""},"categories":[38],"tags":[],"class_list":["post-22449","post","type-post","status-publish","format-standard","has-post-thumbnail","hentry","category-regional"],"jetpack_featured_media_url":"https:\/\/radiorevelacionfm.cl\/wp-content\/uploads\/2022\/09\/adultos-mayores-2-1-1.jpeg","_links":{"self":[{"href":"https:\/\/radiorevelacionfm.cl\/index.php?rest_route=\/wp\/v2\/posts\/22449","targetHints":{"allow":["GET"]}}],"collection":[{"href":"https:\/\/radiorevelacionfm.cl\/index.php?rest_route=\/wp\/v2\/posts"}],"about":[{"href":"https:\/\/radiorevelacionfm.cl\/index.php?rest_route=\/wp\/v2\/types\/post"}],"author":[{"embeddable":true,"href":"https:\/\/radiorevelacionfm.cl\/index.php?rest_route=\/wp\/v2\/users\/1"}],"replies":[{"embeddable":true,"href":"https:\/\/radiorevelacionfm.cl\/index.php?rest_route=%2Fwp%2Fv2%2Fcomments&post=22449"}],"version-history":[{"count":2,"href":"https:\/\/radiorevelacionfm.cl\/index.php?rest_route=\/wp\/v2\/posts\/22449\/revisions"}],"predecessor-version":[{"id":22511,"href":"https:\/\/radiorevelacionfm.cl\/index.php?rest_route=\/wp\/v2\/posts\/22449\/revisions\/22511"}],"wp:featuredmedia":[{"embeddable":true,"href":"https:\/\/radiorevelacionfm.cl\/index.php?rest_route=\/wp\/v2\/media\/22450"}],"wp:attachment":[{"href":"https:\/\/radiorevelacionfm.cl\/index.php?rest_route=%2Fwp%2Fv2%2Fmedia&parent=22449"}],"wp:term":[{"taxonomy":"category","embeddable":true,"href":"https:\/\/radiorevelacionfm.cl\/index.php?rest_route=%2Fwp%2Fv2%2Fcategories&post=22449"},{"taxonomy":"post_tag","embeddable":true,"href":"https:\/\/radiorevelacionfm.cl\/index.php?rest_route=%2Fwp%2Fv2%2Ftags&post=22449"}],"curies":[{"name":"wp","href":"https:\/\/api.w.org\/{rel}","templated":true}]}}