{"id":22445,"date":"2022-10-03T15:21:16","date_gmt":"2022-10-03T18:21:16","guid":{"rendered":"https:\/\/radiorevelacionfm.cl\/?p=22445"},"modified":"2022-10-03T15:21:16","modified_gmt":"2022-10-03T18:21:16","slug":"federer-y-nadal-nos-muestran-que-las-emociones-no-tienen-genero-ni-edad","status":"publish","type":"post","link":"https:\/\/radiorevelacionfm.cl\/?p=22445","title":{"rendered":"Federer y Nadal nos muestran que las emociones no tienen g\u00e9nero ni edad"},"content":{"rendered":"<div class=\"flex_column av_one_full  flex_column_div av-zero-column-padding first  avia-builder-el-0  el_before_av_one_full  avia-builder-el-first  \" style='border-radius:0px; '><div  class='avia-image-container  av-styling-    avia-builder-el-1  avia-builder-el-no-sibling  avia-align-center '  itemprop=\"image\" itemscope=\"itemscope\" itemtype=\"https:\/\/schema.org\/ImageObject\"  ><div class='avia-image-container-inner'><div class='avia-image-overlay-wrap'><img decoding=\"async\" class='wp-image-22446 avia-img-lazy-loading-not-22446 avia_image' src=\"https:\/\/radiorevelacionfm.cl\/wp-content\/uploads\/2022\/09\/educar_las_emociones_nadal_y_federer-4-1-1.jpg\" alt='' title='educar_las_emociones_nadal_y_federer (4) (1) (1)' height=\"600\" width=\"900\"  itemprop=\"thumbnailUrl\" srcset=\"https:\/\/radiorevelacionfm.cl\/wp-content\/uploads\/2022\/09\/educar_las_emociones_nadal_y_federer-4-1-1.jpg 900w, https:\/\/radiorevelacionfm.cl\/wp-content\/uploads\/2022\/09\/educar_las_emociones_nadal_y_federer-4-1-1-300x200.jpg 300w, https:\/\/radiorevelacionfm.cl\/wp-content\/uploads\/2022\/09\/educar_las_emociones_nadal_y_federer-4-1-1-768x512.jpg 768w, https:\/\/radiorevelacionfm.cl\/wp-content\/uploads\/2022\/09\/educar_las_emociones_nadal_y_federer-4-1-1-705x470.jpg 705w, https:\/\/radiorevelacionfm.cl\/wp-content\/uploads\/2022\/09\/educar_las_emociones_nadal_y_federer-4-1-1-600x400.jpg 600w\" sizes=\"(max-width: 900px) 100vw, 900px\" \/><\/div><\/div><\/div><\/div><div class=\"flex_column av_one_full  flex_column_div av-zero-column-padding first  avia-builder-el-2  el_after_av_one_full  el_before_av_one_full  column-top-margin\" style='border-radius:0px; '><section class=\"av_textblock_section \"  itemscope=\"itemscope\" itemtype=\"https:\/\/schema.org\/BlogPosting\" itemprop=\"blogPost\" ><div class='avia_textblock  '   itemprop=\"text\" ><p style=\"text-align: center;\"><span style=\"font-size: 18pt;\"><b><span lang=\"ES\">Federer y Nadal nos muestran que las emociones no tienen g\u00e9nero ni edad<\/span><\/b><\/span><\/p>\n<div id=\"gtx-trans\" style=\"position: absolute; left: -50px; top: 4.31534px;\">\n<div class=\"gtx-trans-icon\"><\/div>\n<\/div>\n<\/div><\/section><\/div><div class=\"flex_column av_one_full  flex_column_div av-zero-column-padding first  avia-builder-el-4  el_after_av_one_full  el_before_av_hr  column-top-margin\" style='border-radius:0px; '><section class=\"av_textblock_section \"  itemscope=\"itemscope\" itemtype=\"https:\/\/schema.org\/BlogPosting\" itemprop=\"blogPost\" ><div class='avia_textblock  '   itemprop=\"text\" ><p style=\"text-align: justify;\"><span lang=\"ES\">Las l\u00e1grimas sinceras de parte de Rafael Nadal y Roger Federer impresionaron a la comunidad deportiva, poco acostumbrada a presenciar muestras de afecto entre hombres.<\/span><\/p>\n<p style=\"text-align: justify;\"><span lang=\"ES\">Construir una sociedad m\u00e1s comprensiva y emp\u00e1tica ante manifestaciones diversas implica incorporar procesos de educaci\u00f3n emocional desde la primera infancia.<\/span><\/p>\n<p style=\"text-align: justify;\">Dos hombres sentados el uno al lado del otro, lloran y se dan la mano. Una imagen conmovedora, que nos invita a conversar sobre el desarrollo de las emociones y c\u00f3mo aprender a reconocerlas desde la ni\u00f1ez puede ayudar a cambiar estereotipos socialmente aceptados. M\u00e1s a\u00fan si los hombres son los tenistas de nivel mundial, Roger Federer y Rafael Nadal.<\/p>\n<p style=\"text-align: justify;\">M\u00e1s all\u00e1 del hecho mismo, la despedida de Federer, debemos preguntarnos \u00bfpor qu\u00e9 esta imagen nos impact\u00f3 al punto de volverse viral en redes sociales? y \u00bfqu\u00e9 aprendizaje podemos sacar de ella? Para responder a estas interrogantes, conversamos con Mar\u00eda Andrea Huerta, psic\u00f3loga y profesional de la Unidad de Pol\u00edticas y Proyectos de Educaci\u00f3n de Fundaci\u00f3n Integra, sobre los desaf\u00edos de la educaci\u00f3n emocional en la infancia como una herramienta que nos permita construir una sociedad m\u00e1s tolerante, respetuosa y emp\u00e1tica.<\/p>\n<p style=\"text-align: justify;\">Al partir la entrevista, la profesional nos recuerda que \u201chist\u00f3ricamente en nuestra sociedad los hombres, desde peque\u00f1os, reciben mensajes asociados a que expresar sus emociones es una se\u00f1al de debilidad, siendo muy com\u00fan la frase \u2018los ni\u00f1os no lloran\u2019, del mismo modo, se reprimen expresiones de afecto entre hombres, porque son mal vistas e incluso presentan un cuestionamiento a la masculinidad\u201d.<\/p>\n<p style=\"text-align: justify;\">Al contrario de lo que com\u00fanmente se piensa, contin\u00faa Huerta, las emociones no son una manifestaci\u00f3n propia del g\u00e9nero femenino y hoy los estudios demuestran que estas son parte del desarrollo cognitivo, por lo que son fundamentales para la vida en sociedad y pueden aprender a reconocerse desde los primeros a\u00f1os de vida.<\/p>\n<p style=\"text-align: justify;\">En este sentido, Fundaci\u00f3n Integra cuenta con un Modelo de Educaci\u00f3n Emocional, que considera un trabajo integral con ni\u00f1os, ni\u00f1as, familias y equipos educativos. Educar las emociones, explica la psic\u00f3loga, es un proceso en que deben estar presentes los adultos que forman parte de la vida del ni\u00f1o o ni\u00f1a, ya que representan figuras de confianza y estabilidad.<\/p>\n<p style=\"text-align: justify;\">Desde una mirada pedag\u00f3gica, \u201cel Modelo de Educaci\u00f3n Emocional de Integra, declara que todas las emociones son v\u00e1lidas, que no existen emociones propias de lo femenino y lo masculino, sino que son propias de los seres humanos, desde la gestaci\u00f3n hasta la vejez\u201d, afirma la profesional.<\/p>\n<p style=\"text-align: justify;\">El Modelo implementado en las salas cuna y jardines infantiles de Integra tiene como objetivo que ni\u00f1os y ni\u00f1as aprendan a reconocer, expresar y gestionar las emociones, para incentivar competencias esenciales en el desarrollo humano, como el lenguaje, la tolerancia a la frustraci\u00f3n, la empat\u00eda, la resiliencia, el sentido de pertenencia, entre otros aspectos que contribuyen al bienestar personal y social.<\/p>\n<p style=\"text-align: justify;\">\u201cValoramos la importancia de que los ni\u00f1os y ni\u00f1as aprendan a reconocer sus emociones, ya que este conocimiento desde la primera infancia, permite el desarrollo integral, potencia su autonom\u00eda, as\u00ed como actitudes de respeto y tolerancia, favorece la calidad de las relaciones grupales\u201d, agrega Mar\u00eda Huerta, al explicar la importancia de educar las emociones en las salas cuna y jardines infantiles.<\/p>\n<p style=\"text-align: justify;\">\u201cPor ejemplo, el llanto es una forma de expresar una emoci\u00f3n, que no es ni buena ni mala, simplemente es leg\u00edtima, las l\u00e1grimas no hacen distinci\u00f3n por sexo o edad, lloran las guaguas como una de las primeras formas de comunicaci\u00f3n con sus cuidadores, lloran los ni\u00f1os, lloran las ni\u00f1as y lloramos los adultos, hombres y mujeres\u201d, comenta.<\/p>\n<p style=\"text-align: justify;\">La ira es tambi\u00e9n una emoci\u00f3n considerada negativa por muchas personas, sin embargo, como dec\u00eda Arist\u00f3teles se debe poner \u00e9nfasis en el momento que esta emoci\u00f3n se produce, con qui\u00e9n y la intensidad de la misma. Por lo anterior, ayudar a los ni\u00f1os y ni\u00f1as a conocer, reconocer y verbalizar sus emociones, les permitir\u00e1 aprender a regular sus impulsos, mejorar su autoestima y evaluarse, as\u00ed como educar habilidades sociales para la vida, concluye la psic\u00f3loga.<\/p>\n<\/div><\/section><\/div><div  style='height:50px' class='hr hr-invisible   avia-builder-el-6  el_after_av_one_full  el_before_av_social_share '><span class='hr-inner ' ><span class='hr-inner-style'><\/span><\/span><\/div><\/p>\n<div  class='av-social-sharing-box  avia-builder-el-7  el_after_av_hr  el_before_av_hr  '><div class='av-share-box'><h5 class='av-share-link-description av-no-toc '>Compartir esta noticia<\/h5><ul class='av-share-box-list noLightbox'><li class='av-share-link av-social-link-facebook' ><a target=\"_blank\" aria-label=\"Compartir en Facebook\" href='https:\/\/www.facebook.com\/sharer.php?u=https:\/\/radiorevelacionfm.cl\/?p=22445&#038;t=Federer%20y%20Nadal%20nos%20muestran%20que%20las%20emociones%20no%20tienen%20g%C3%A9nero%20ni%20edad' aria-hidden='false' data-av_icon='\ue8f3' data-av_iconfont='entypo-fontello' title='' data-avia-related-tooltip='Compartir en Facebook' rel=\"noopener\"><span class='avia_hidden_link_text'>Compartir en Facebook<\/span><\/a><\/li><li class='av-share-link av-social-link-twitter' ><a target=\"_blank\" aria-label=\"Compartir en Twitter\" href='https:\/\/twitter.com\/share?text=Federer%20y%20Nadal%20nos%20muestran%20que%20las%20emociones%20no%20tienen%20g%C3%A9nero%20ni%20edad&#038;url=https:\/\/radiorevelacionfm.cl\/?p=22445' aria-hidden='false' data-av_icon='\ue8f1' data-av_iconfont='entypo-fontello' title='' data-avia-related-tooltip='Compartir en Twitter' rel=\"noopener\"><span class='avia_hidden_link_text'>Compartir en Twitter<\/span><\/a><\/li><li class='av-share-link av-social-link-whatsapp' ><a target=\"_blank\" aria-label=\"Compartir en Whatsapp\" href='https:\/\/api.whatsapp.com\/send?text=https:\/\/radiorevelacionfm.cl\/?p=22445' aria-hidden='false' data-av_icon='\uf232' data-av_iconfont='entypo-fontello' title='' data-avia-related-tooltip='Compartir en Whatsapp' rel=\"noopener\"><span class='avia_hidden_link_text'>Compartir en Whatsapp<\/span><\/a><\/li><li class='av-share-link av-social-link-linkedin' ><a target=\"_blank\" aria-label=\"Compartir en LinkedIn\" href='https:\/\/linkedin.com\/shareArticle?mini=true&#038;title=Federer%20y%20Nadal%20nos%20muestran%20que%20las%20emociones%20no%20tienen%20g%C3%A9nero%20ni%20edad&#038;url=https:\/\/radiorevelacionfm.cl\/?p=22445' aria-hidden='false' data-av_icon='\ue8fc' data-av_iconfont='entypo-fontello' title='' data-avia-related-tooltip='Compartir en LinkedIn' rel=\"noopener\"><span class='avia_hidden_link_text'>Compartir en LinkedIn<\/span><\/a><\/li><li class='av-share-link av-social-link-mail' ><a  aria-label=\"Compartir por correo\" href='mailto:?subject=Federer%20y%20Nadal%20nos%20muestran%20que%20las%20emociones%20no%20tienen%20g%C3%A9nero%20ni%20edad&#038;body=https:\/\/radiorevelacionfm.cl\/?p=22445' aria-hidden='false' data-av_icon='\ue805' data-av_iconfont='entypo-fontello' title='' data-avia-related-tooltip='Compartir por correo'><span class='avia_hidden_link_text'>Compartir por correo<\/span><\/a><\/li><\/ul><\/div><\/div>\n<div  style='height:50px' class='hr hr-invisible   avia-builder-el-8  el_after_av_social_share  el_before_av_comments_list '><span class='hr-inner ' ><span class='hr-inner-style'><\/span><\/span><\/div>\n<div  class='av-buildercomment  av-blog-meta-html-info-disabled av-blog-meta-tag-disabled  '><\/div>\n","protected":false},"excerpt":{"rendered":"","protected":false},"author":1,"featured_media":22446,"comment_status":"open","ping_status":"open","sticky":false,"template":"","format":"standard","meta":{"footnotes":""},"categories":[49],"tags":[],"class_list":["post-22445","post","type-post","status-publish","format-standard","has-post-thumbnail","hentry","category-educacion"],"jetpack_featured_media_url":"https:\/\/radiorevelacionfm.cl\/wp-content\/uploads\/2022\/09\/educar_las_emociones_nadal_y_federer-4-1-1.jpg","_links":{"self":[{"href":"https:\/\/radiorevelacionfm.cl\/index.php?rest_route=\/wp\/v2\/posts\/22445","targetHints":{"allow":["GET"]}}],"collection":[{"href":"https:\/\/radiorevelacionfm.cl\/index.php?rest_route=\/wp\/v2\/posts"}],"about":[{"href":"https:\/\/radiorevelacionfm.cl\/index.php?rest_route=\/wp\/v2\/types\/post"}],"author":[{"embeddable":true,"href":"https:\/\/radiorevelacionfm.cl\/index.php?rest_route=\/wp\/v2\/users\/1"}],"replies":[{"embeddable":true,"href":"https:\/\/radiorevelacionfm.cl\/index.php?rest_route=%2Fwp%2Fv2%2Fcomments&post=22445"}],"version-history":[{"count":2,"href":"https:\/\/radiorevelacionfm.cl\/index.php?rest_route=\/wp\/v2\/posts\/22445\/revisions"}],"predecessor-version":[{"id":22549,"href":"https:\/\/radiorevelacionfm.cl\/index.php?rest_route=\/wp\/v2\/posts\/22445\/revisions\/22549"}],"wp:featuredmedia":[{"embeddable":true,"href":"https:\/\/radiorevelacionfm.cl\/index.php?rest_route=\/wp\/v2\/media\/22446"}],"wp:attachment":[{"href":"https:\/\/radiorevelacionfm.cl\/index.php?rest_route=%2Fwp%2Fv2%2Fmedia&parent=22445"}],"wp:term":[{"taxonomy":"category","embeddable":true,"href":"https:\/\/radiorevelacionfm.cl\/index.php?rest_route=%2Fwp%2Fv2%2Fcategories&post=22445"},{"taxonomy":"post_tag","embeddable":true,"href":"https:\/\/radiorevelacionfm.cl\/index.php?rest_route=%2Fwp%2Fv2%2Ftags&post=22445"}],"curies":[{"name":"wp","href":"https:\/\/api.w.org\/{rel}","templated":true}]}}