{"id":22441,"date":"2022-09-30T15:04:20","date_gmt":"2022-09-30T18:04:20","guid":{"rendered":"https:\/\/radiorevelacionfm.cl\/?p=22441"},"modified":"2022-09-30T15:04:20","modified_gmt":"2022-09-30T18:04:20","slug":"la-ruta-del-acordeon-prepara-material-pedagogico-para-trabajar-en-el-aula-las-tradiciones-y-el-patrimonio","status":"publish","type":"post","link":"https:\/\/radiorevelacionfm.cl\/?p=22441","title":{"rendered":"La Ruta del Acorde\u00f3n prepara material pedag\u00f3gico para trabajar en el aula las tradiciones y el patrimonio"},"content":{"rendered":"<div class=\"flex_column av_one_full  flex_column_div av-zero-column-padding first  avia-builder-el-0  el_before_av_one_full  avia-builder-el-first  \" style='border-radius:0px; '><div  class='avia-image-container  av-styling-    avia-builder-el-1  avia-builder-el-no-sibling  avia-align-center '  itemprop=\"image\" itemscope=\"itemscope\" itemtype=\"https:\/\/schema.org\/ImageObject\"  ><div class='avia-image-container-inner'><div class='avia-image-overlay-wrap'><img decoding=\"async\" class='wp-image-22442 avia-img-lazy-loading-not-22442 avia_image' src=\"https:\/\/radiorevelacionfm.cl\/wp-content\/uploads\/2022\/09\/03-3-1_optimized-1.jpg\" alt='' title='03-(3)-(1)_optimized (1)' height=\"600\" width=\"1145\"  itemprop=\"thumbnailUrl\" srcset=\"https:\/\/radiorevelacionfm.cl\/wp-content\/uploads\/2022\/09\/03-3-1_optimized-1.jpg 1145w, https:\/\/radiorevelacionfm.cl\/wp-content\/uploads\/2022\/09\/03-3-1_optimized-1-300x157.jpg 300w, https:\/\/radiorevelacionfm.cl\/wp-content\/uploads\/2022\/09\/03-3-1_optimized-1-1030x540.jpg 1030w, https:\/\/radiorevelacionfm.cl\/wp-content\/uploads\/2022\/09\/03-3-1_optimized-1-768x402.jpg 768w, https:\/\/radiorevelacionfm.cl\/wp-content\/uploads\/2022\/09\/03-3-1_optimized-1-705x369.jpg 705w, https:\/\/radiorevelacionfm.cl\/wp-content\/uploads\/2022\/09\/03-3-1_optimized-1-600x314.jpg 600w\" sizes=\"(max-width: 1145px) 100vw, 1145px\" \/><\/div><\/div><\/div><\/div><div class=\"flex_column av_one_full  flex_column_div av-zero-column-padding first  avia-builder-el-2  el_after_av_one_full  el_before_av_one_full  column-top-margin\" style='border-radius:0px; '><section class=\"av_textblock_section \"  itemscope=\"itemscope\" itemtype=\"https:\/\/schema.org\/BlogPosting\" itemprop=\"blogPost\" ><div class='avia_textblock  '   itemprop=\"text\" ><p style=\"text-align: center;\"><span style=\"font-size: 18pt;\"><b>La Ruta del Acorde\u00f3n<\/b><b>\u00a0prepara material pedag\u00f3gico para trabajar en el aula las tradiciones y el patrimonio<\/b><\/span><\/p>\n<div id=\"gtx-trans\" style=\"position: absolute; left: -50px; top: 4.31534px;\">\n<div class=\"gtx-trans-icon\"><\/div>\n<\/div>\n<\/div><\/section><\/div><div class=\"flex_column av_one_full  flex_column_div av-zero-column-padding first  avia-builder-el-4  el_after_av_one_full  el_before_av_hr  column-top-margin\" style='border-radius:0px; '><section class=\"av_textblock_section \"  itemscope=\"itemscope\" itemtype=\"https:\/\/schema.org\/BlogPosting\" itemprop=\"blogPost\" ><div class='avia_textblock  '   itemprop=\"text\" ><p style=\"font-weight: 400; text-align: justify;\">Historia, Geograf\u00eda y Ciencias Sociales, adem\u00e1s de Lenguaje y Comunicaci\u00f3n, junto con Educaci\u00f3n Musical, son las asignaturas en las que el proyecto La Ruta del Acorde\u00f3n propone una serie de actividades para trabajar con ni\u00f1as y ni\u00f1os de Educaci\u00f3n B\u00e1sica.<\/p>\n<p style=\"font-weight: 400; text-align: justify;\">En total son 15 las actividades desarrolladas por el equipo del proyecto, las que se plantean como un material de apoyo al visionado de la serie documental\u00a0<strong>Viento Acorde<\/strong>\u00a0y del\u00a0<strong>Libro La Ruta del Acorde\u00f3n: El Sur<\/strong>.<\/p>\n<p style=\"font-weight: 400; text-align: justify;\">Julissa Fern\u00e1ndez, encargada pedag\u00f3gica del proyecto y de este material, coment\u00f3: \u201cEste documento se plantea como una gu\u00eda did\u00e1ctica para ser trabajada en el aula, pero orientada al acompa\u00f1amiento con el docente. La gu\u00eda vincula el material audiovisual desarrollado por La Ruta del Acorde\u00f3n, que incluye el libro, el sitio web y la serie documental, proponiendo actividades did\u00e1cticas para ejecutar en el aula, junto a sus respectivas pautas de evaluaci\u00f3n para acompa\u00f1ar el proceso.\u201d<\/p>\n<p style=\"font-weight: 400; text-align: justify;\">En las pr\u00f3ximas semanas esta gu\u00eda pedag\u00f3gica estar\u00e1 disponible, en forma virtual y completamente gratuita, a trav\u00e9s del sitio web del proyecto\u00a0<a href=\"http:\/\/www.larutadelacordeon.cl%20\/\" data-saferedirecturl=\"https:\/\/www.google.com\/url?q=http:\/\/www.larutadelacordeon.cl%2520\/&amp;source=gmail&amp;ust=1664637316577000&amp;usg=AOvVaw38sGnyIJN68hMAsSqsNcXX\">www.larutadelacordeon.cl<\/a>, y para validar el material y darlo a conocer al interior de la comunidad educativa, se comenzaron a desarrollar encuentros y reuniones con representantes de la educaci\u00f3n municipal, principalmente de la regi\u00f3n de Los lagos.<\/p>\n<p style=\"font-weight: 400; text-align: justify;\">Miguel Arana, encargado de Arte y Cultura del Departamento de Educaci\u00f3n Municipal de Puerto Montt, coment\u00f3: \u201cCuando se piensa en actividades que vinculan las asignaturas de Historia, Lenguaje y M\u00fasica, ah\u00ed estamos derechamente en lo que, en t\u00e9rminos pedag\u00f3gicos, se conoce como la integraci\u00f3n del curr\u00edculum y ese es un tremendo tema, porque muchas asignaturas funcionan como islas, donde los profesores trabajan su parcela de conocimiento y no existe una integraci\u00f3n con una mirada m\u00e1s hol\u00edstica, entonces, este material, podr\u00eda llegar a ser un gran aporte en ese tema en particular.\u201d<\/p>\n<p style=\"font-weight: 400; text-align: justify;\">Por su parte, Arturo Vera, encargado de Cultura de la Municipalidad de Puerto Montt, se\u00f1al\u00f3: \u201cEste proyecto viene a aportar un elemento que est\u00e1 instalado en el territorio, que es la tradici\u00f3n en torno al acorde\u00f3n, aporta a la forma de contarlo, y eso por supuesto enriquece m\u00e1s all\u00e1 de lo acad\u00e9mico, porque cuenta un relato que permite que la gente se sienta identificada\u201d.<\/p>\n<p style=\"font-weight: 400; text-align: justify;\">La gu\u00eda se encuentra en la etapa final del dise\u00f1o y prontamente se dar\u00e1 a conocer en las escuelas municipales de las regiones de Los Lagos y Ays\u00e9n, a quienes se les enviar\u00e1 directamente el link de descarga, luego quedar\u00e1 disponible en el sitio web del proyecto para que pueda ser utilizado en forma libre y gratuita en cualquier establecimiento educacional del pa\u00eds.<\/p>\n<p style=\"font-weight: 400; text-align: justify;\">Cabe destacar que todas las actividades que realiza La Ruta del Acorde\u00f3n se difunden a trav\u00e9s de sus redes sociales en Facebook, Instagram y TikTok. Adem\u00e1s, todo el contenido desarrollado por el proyecto se puede encontrar en<a href=\"http:\/\/www.larutadelacordeon.cl\/\" data-saferedirecturl=\"https:\/\/www.google.com\/url?q=http:\/\/www.larutadelacordeon.cl\/&amp;source=gmail&amp;ust=1664637316577000&amp;usg=AOvVaw37WbGV9HFfOrKfl73QzUWc\">\u00a0www.larutadelacordeon.cl<\/a>.<\/p>\n<\/div><\/section><\/div><div  style='height:50px' class='hr hr-invisible   avia-builder-el-6  el_after_av_one_full  el_before_av_social_share '><span class='hr-inner ' ><span class='hr-inner-style'><\/span><\/span><\/div><\/p>\n<div  class='av-social-sharing-box  avia-builder-el-7  el_after_av_hr  el_before_av_hr  '><div class='av-share-box'><h5 class='av-share-link-description av-no-toc '>Compartir esta noticia<\/h5><ul class='av-share-box-list noLightbox'><li class='av-share-link av-social-link-facebook' ><a target=\"_blank\" aria-label=\"Compartir en Facebook\" href='https:\/\/www.facebook.com\/sharer.php?u=https:\/\/radiorevelacionfm.cl\/?p=22441&#038;t=La%20Ruta%20del%20Acorde%C3%B3n%20prepara%20material%20pedag%C3%B3gico%20para%20trabajar%20en%20el%20aula%20las%20tradiciones%20y%20el%20patrimonio' aria-hidden='false' data-av_icon='\ue8f3' data-av_iconfont='entypo-fontello' title='' data-avia-related-tooltip='Compartir en Facebook' rel=\"noopener\"><span class='avia_hidden_link_text'>Compartir en Facebook<\/span><\/a><\/li><li class='av-share-link av-social-link-twitter' ><a target=\"_blank\" aria-label=\"Compartir en Twitter\" href='https:\/\/twitter.com\/share?text=La%20Ruta%20del%20Acorde%C3%B3n%20prepara%20material%20pedag%C3%B3gico%20para%20trabajar%20en%20el%20aula%20las%20tradiciones%20y%20el%20patrimonio&#038;url=https:\/\/radiorevelacionfm.cl\/?p=22441' aria-hidden='false' data-av_icon='\ue8f1' data-av_iconfont='entypo-fontello' title='' data-avia-related-tooltip='Compartir en Twitter' rel=\"noopener\"><span class='avia_hidden_link_text'>Compartir en Twitter<\/span><\/a><\/li><li class='av-share-link av-social-link-whatsapp' ><a target=\"_blank\" aria-label=\"Compartir en Whatsapp\" href='https:\/\/api.whatsapp.com\/send?text=https:\/\/radiorevelacionfm.cl\/?p=22441' aria-hidden='false' data-av_icon='\uf232' data-av_iconfont='entypo-fontello' title='' data-avia-related-tooltip='Compartir en Whatsapp' rel=\"noopener\"><span class='avia_hidden_link_text'>Compartir en Whatsapp<\/span><\/a><\/li><li class='av-share-link av-social-link-linkedin' ><a target=\"_blank\" aria-label=\"Compartir en LinkedIn\" href='https:\/\/linkedin.com\/shareArticle?mini=true&#038;title=La%20Ruta%20del%20Acorde%C3%B3n%20prepara%20material%20pedag%C3%B3gico%20para%20trabajar%20en%20el%20aula%20las%20tradiciones%20y%20el%20patrimonio&#038;url=https:\/\/radiorevelacionfm.cl\/?p=22441' aria-hidden='false' data-av_icon='\ue8fc' data-av_iconfont='entypo-fontello' title='' data-avia-related-tooltip='Compartir en LinkedIn' rel=\"noopener\"><span class='avia_hidden_link_text'>Compartir en LinkedIn<\/span><\/a><\/li><li class='av-share-link av-social-link-mail' ><a  aria-label=\"Compartir por correo\" href='mailto:?subject=La%20Ruta%20del%20Acorde%C3%B3n%20prepara%20material%20pedag%C3%B3gico%20para%20trabajar%20en%20el%20aula%20las%20tradiciones%20y%20el%20patrimonio&#038;body=https:\/\/radiorevelacionfm.cl\/?p=22441' aria-hidden='false' data-av_icon='\ue805' data-av_iconfont='entypo-fontello' title='' data-avia-related-tooltip='Compartir por correo'><span class='avia_hidden_link_text'>Compartir por correo<\/span><\/a><\/li><\/ul><\/div><\/div>\n<div  style='height:50px' class='hr hr-invisible   avia-builder-el-8  el_after_av_social_share  el_before_av_comments_list '><span class='hr-inner ' ><span class='hr-inner-style'><\/span><\/span><\/div>\n<div  class='av-buildercomment  av-blog-meta-html-info-disabled av-blog-meta-tag-disabled  '><\/div>\n","protected":false},"excerpt":{"rendered":"","protected":false},"author":1,"featured_media":22442,"comment_status":"open","ping_status":"open","sticky":false,"template":"","format":"standard","meta":{"footnotes":""},"categories":[38],"tags":[],"class_list":["post-22441","post","type-post","status-publish","format-standard","has-post-thumbnail","hentry","category-regional"],"jetpack_featured_media_url":"https:\/\/radiorevelacionfm.cl\/wp-content\/uploads\/2022\/09\/03-3-1_optimized-1.jpg","_links":{"self":[{"href":"https:\/\/radiorevelacionfm.cl\/index.php?rest_route=\/wp\/v2\/posts\/22441","targetHints":{"allow":["GET"]}}],"collection":[{"href":"https:\/\/radiorevelacionfm.cl\/index.php?rest_route=\/wp\/v2\/posts"}],"about":[{"href":"https:\/\/radiorevelacionfm.cl\/index.php?rest_route=\/wp\/v2\/types\/post"}],"author":[{"embeddable":true,"href":"https:\/\/radiorevelacionfm.cl\/index.php?rest_route=\/wp\/v2\/users\/1"}],"replies":[{"embeddable":true,"href":"https:\/\/radiorevelacionfm.cl\/index.php?rest_route=%2Fwp%2Fv2%2Fcomments&post=22441"}],"version-history":[{"count":2,"href":"https:\/\/radiorevelacionfm.cl\/index.php?rest_route=\/wp\/v2\/posts\/22441\/revisions"}],"predecessor-version":[{"id":22448,"href":"https:\/\/radiorevelacionfm.cl\/index.php?rest_route=\/wp\/v2\/posts\/22441\/revisions\/22448"}],"wp:featuredmedia":[{"embeddable":true,"href":"https:\/\/radiorevelacionfm.cl\/index.php?rest_route=\/wp\/v2\/media\/22442"}],"wp:attachment":[{"href":"https:\/\/radiorevelacionfm.cl\/index.php?rest_route=%2Fwp%2Fv2%2Fmedia&parent=22441"}],"wp:term":[{"taxonomy":"category","embeddable":true,"href":"https:\/\/radiorevelacionfm.cl\/index.php?rest_route=%2Fwp%2Fv2%2Fcategories&post=22441"},{"taxonomy":"post_tag","embeddable":true,"href":"https:\/\/radiorevelacionfm.cl\/index.php?rest_route=%2Fwp%2Fv2%2Ftags&post=22441"}],"curies":[{"name":"wp","href":"https:\/\/api.w.org\/{rel}","templated":true}]}}