{"id":22438,"date":"2022-09-30T19:30:48","date_gmt":"2022-09-30T22:30:48","guid":{"rendered":"https:\/\/radiorevelacionfm.cl\/?p=22438"},"modified":"2022-09-30T19:30:48","modified_gmt":"2022-09-30T22:30:48","slug":"portuaria-chacabuco-participo-en-sesion-del-consejo-de-ciudad-puerto-que-se-realizo-en-cisnes","status":"publish","type":"post","link":"https:\/\/radiorevelacionfm.cl\/?p=22438","title":{"rendered":"Portuaria Chacabuco particip\u00f3 en sesi\u00f3n del Consejo de Ciudad Puerto que se realiz\u00f3 en Cisnes"},"content":{"rendered":"<div class=\"flex_column av_one_full  flex_column_div av-zero-column-padding first  avia-builder-el-0  el_before_av_one_full  avia-builder-el-first  \" style='border-radius:0px; '><div  class='avia-image-container  av-styling-    avia-builder-el-1  avia-builder-el-no-sibling  avia-align-center '  itemprop=\"image\" itemscope=\"itemscope\" itemtype=\"https:\/\/schema.org\/ImageObject\"  ><div class='avia-image-container-inner'><div class='avia-image-overlay-wrap'><img decoding=\"async\" class='wp-image-22439 avia-img-lazy-loading-not-22439 avia_image' src=\"https:\/\/radiorevelacionfm.cl\/wp-content\/uploads\/2022\/09\/CCP-PA-3-1-1.jpeg\" alt='' title='CCP PA 3 (1) (1)' height=\"600\" width=\"974\"  itemprop=\"thumbnailUrl\" srcset=\"https:\/\/radiorevelacionfm.cl\/wp-content\/uploads\/2022\/09\/CCP-PA-3-1-1.jpeg 974w, https:\/\/radiorevelacionfm.cl\/wp-content\/uploads\/2022\/09\/CCP-PA-3-1-1-300x185.jpeg 300w, https:\/\/radiorevelacionfm.cl\/wp-content\/uploads\/2022\/09\/CCP-PA-3-1-1-768x473.jpeg 768w, https:\/\/radiorevelacionfm.cl\/wp-content\/uploads\/2022\/09\/CCP-PA-3-1-1-705x434.jpeg 705w, https:\/\/radiorevelacionfm.cl\/wp-content\/uploads\/2022\/09\/CCP-PA-3-1-1-600x370.jpeg 600w\" sizes=\"(max-width: 974px) 100vw, 974px\" \/><\/div><\/div><\/div><\/div>\n<div class=\"flex_column av_one_full  flex_column_div av-zero-column-padding first  avia-builder-el-2  el_after_av_one_full  el_before_av_one_full  column-top-margin\" style='border-radius:0px; '><section class=\"av_textblock_section \"  itemscope=\"itemscope\" itemtype=\"https:\/\/schema.org\/BlogPosting\" itemprop=\"blogPost\" ><div class='avia_textblock  '   itemprop=\"text\" ><p style=\"text-align: center;\"><strong><span style=\"font-size: 18pt;\">Portuaria Chacabuco particip\u00f3 en sesi\u00f3n del Consejo de Ciudad Puerto que se realiz\u00f3 en Cisnes<\/span><\/strong><\/p>\n<div id=\"gtx-trans\" style=\"position: absolute; left: -50px; top: 4.31534px;\">\n<div class=\"gtx-trans-icon\"><\/div>\n<\/div>\n<\/div><\/section><\/div><div class=\"flex_column av_one_full  flex_column_div av-zero-column-padding first  avia-builder-el-4  el_after_av_one_full  el_before_av_hr  column-top-margin\" style='border-radius:0px; '><section class=\"av_textblock_section \"  itemscope=\"itemscope\" itemtype=\"https:\/\/schema.org\/BlogPosting\" itemprop=\"blogPost\" ><div class='avia_textblock  '   itemprop=\"text\" ><p style=\"text-align: justify;\">Tal como se hab\u00eda programado con antelaci\u00f3n, y cumpliendo adem\u00e1s con el prop\u00f3sito de colaborar en la descentralizaci\u00f3n dentro de la propia Regi\u00f3n de Ays\u00e9n, la localidad de Puerto Cisnes recibi\u00f3 por primera vez despu\u00e9s de muchos a\u00f1os una sesi\u00f3n del Consejo de Coordinaci\u00f3n Ciudad Puerto (CCCP) de Ays\u00e9n.<\/p>\n<p style=\"text-align: justify;\">Encabezada por la gobernadora regional, Andrea Mac\u00edas, y por el alcalde de Cisnes, Francisco Roncagliolo, la cita fue la segunda que se desarrolla en el marco del nuevo ciclo que supuso el nombramiento de las nuevas autoridades regionales y de la Empresa Portuaria Chacabuco, pilar clave en el funcionamiento de la instancia.<\/p>\n<p style=\"text-align: justify;\">De hecho, el directorio en pleno de Emporcha -liderado por su presidente, Enrique Runin-, adem\u00e1s del delegado regional presidencial, Rodrigo Araya; representantes del gobierno regional y de las distintas reparticiones p\u00fablicas de la zona, tambi\u00e9n fueron parte de la instancia, una de las m\u00e1s activas a nivel nacional en este nuevo periodo.<\/p>\n<p style=\"text-align: justify;\">Seg\u00fan el presidente de Emporcha, \u201cla realizaci\u00f3n de esta reuni\u00f3n en Puerto Cisnes inicia un trabajo de descentralizaci\u00f3n que permitir\u00e1 ir convocando las reuniones del Consejo fuera de Puerto Chacabuco, acerc\u00e1ndose as\u00ed a los otros puertos que tambi\u00e9n forman parte del rango de acci\u00f3n del Consejo y del quehacer de nuestra compa\u00f1\u00eda, como administradora de los muelles de conectividad en la zona norte de la regi\u00f3n de Ays\u00e9n\u201d.<\/p>\n<p style=\"text-align: justify;\">En la reuni\u00f3n se abordaron diversas materias, entre ellas el levantamiento de un diagn\u00f3stico inicial que permiti\u00f3 conocer las problem\u00e1ticas principales que se generan alrededor de los puertos de la regi\u00f3n y un compromiso de los distintos actores para levantar, desde las competencias de cada servicio participantes, los \u00e1mbitos de soluci\u00f3n a las mismas.<\/p>\n<p style=\"text-align: justify;\">Adem\u00e1s, se program\u00f3 la siguiente convocatoria del CCCP de la Regi\u00f3n de Ays\u00e9n, la que se llevar\u00e1 a cabo durante el mes de noviembre en la localidad de Melinka, ubicada en la comuna de Las Guaitecas.<\/p>\n<p style=\"text-align: justify;\">El Consejo de Coordinaci\u00f3n Ciudad Puerto est\u00e1 consagrado en la Ley 19.542 sobre Modernizaci\u00f3n Portuaria Estatal y su formaci\u00f3n y desarrollo es supervisado por el Ministerio de Transportes. Hay un CCCP por cada uno de los 10 puertos estatales en Chile, con el objetivo de impulsar un desarrollo arm\u00f3nico de la actividad portuaria con sus entornos y colaborar en su acercamiento con las comunidades locales.<\/p>\n<\/div><\/section><\/div><\/p>\n<div  style='height:50px' class='hr hr-invisible   avia-builder-el-6  el_after_av_one_full  el_before_av_social_share '><span class='hr-inner ' ><span class='hr-inner-style'><\/span><\/span><\/div>\n<div  class='av-social-sharing-box  avia-builder-el-7  el_after_av_hr  el_before_av_hr  '><div class='av-share-box'><h5 class='av-share-link-description av-no-toc '>Compartir esta noticia<\/h5><ul class='av-share-box-list noLightbox'><li class='av-share-link av-social-link-facebook' ><a target=\"_blank\" aria-label=\"Compartir en Facebook\" href='https:\/\/www.facebook.com\/sharer.php?u=https:\/\/radiorevelacionfm.cl\/?p=22438&#038;t=Portuaria%20Chacabuco%20particip%C3%B3%20en%20sesi%C3%B3n%20del%20Consejo%20de%20Ciudad%20Puerto%20que%20se%20realiz%C3%B3%20en%20Cisnes' aria-hidden='false' data-av_icon='\ue8f3' data-av_iconfont='entypo-fontello' title='' data-avia-related-tooltip='Compartir en Facebook' rel=\"noopener\"><span class='avia_hidden_link_text'>Compartir en Facebook<\/span><\/a><\/li><li class='av-share-link av-social-link-twitter' ><a target=\"_blank\" aria-label=\"Compartir en Twitter\" href='https:\/\/twitter.com\/share?text=Portuaria%20Chacabuco%20particip%C3%B3%20en%20sesi%C3%B3n%20del%20Consejo%20de%20Ciudad%20Puerto%20que%20se%20realiz%C3%B3%20en%20Cisnes&#038;url=https:\/\/radiorevelacionfm.cl\/?p=22438' aria-hidden='false' data-av_icon='\ue8f1' data-av_iconfont='entypo-fontello' title='' data-avia-related-tooltip='Compartir en Twitter' rel=\"noopener\"><span class='avia_hidden_link_text'>Compartir en Twitter<\/span><\/a><\/li><li class='av-share-link av-social-link-whatsapp' ><a target=\"_blank\" aria-label=\"Compartir en Whatsapp\" href='https:\/\/api.whatsapp.com\/send?text=https:\/\/radiorevelacionfm.cl\/?p=22438' aria-hidden='false' data-av_icon='\uf232' data-av_iconfont='entypo-fontello' title='' data-avia-related-tooltip='Compartir en Whatsapp' rel=\"noopener\"><span class='avia_hidden_link_text'>Compartir en Whatsapp<\/span><\/a><\/li><li class='av-share-link av-social-link-linkedin' ><a target=\"_blank\" aria-label=\"Compartir en LinkedIn\" href='https:\/\/linkedin.com\/shareArticle?mini=true&#038;title=Portuaria%20Chacabuco%20particip%C3%B3%20en%20sesi%C3%B3n%20del%20Consejo%20de%20Ciudad%20Puerto%20que%20se%20realiz%C3%B3%20en%20Cisnes&#038;url=https:\/\/radiorevelacionfm.cl\/?p=22438' aria-hidden='false' data-av_icon='\ue8fc' data-av_iconfont='entypo-fontello' title='' data-avia-related-tooltip='Compartir en LinkedIn' rel=\"noopener\"><span class='avia_hidden_link_text'>Compartir en LinkedIn<\/span><\/a><\/li><li class='av-share-link av-social-link-mail' ><a  aria-label=\"Compartir por correo\" href='mailto:?subject=Portuaria%20Chacabuco%20particip%C3%B3%20en%20sesi%C3%B3n%20del%20Consejo%20de%20Ciudad%20Puerto%20que%20se%20realiz%C3%B3%20en%20Cisnes&#038;body=https:\/\/radiorevelacionfm.cl\/?p=22438' aria-hidden='false' data-av_icon='\ue805' data-av_iconfont='entypo-fontello' title='' data-avia-related-tooltip='Compartir por correo'><span class='avia_hidden_link_text'>Compartir por correo<\/span><\/a><\/li><\/ul><\/div><\/div>\n<div  style='height:50px' class='hr hr-invisible   avia-builder-el-8  el_after_av_social_share  el_before_av_comments_list '><span class='hr-inner ' ><span class='hr-inner-style'><\/span><\/span><\/div>\n<div  class='av-buildercomment  av-blog-meta-html-info-disabled av-blog-meta-tag-disabled  '><\/div>\n","protected":false},"excerpt":{"rendered":"","protected":false},"author":1,"featured_media":22439,"comment_status":"open","ping_status":"open","sticky":false,"template":"","format":"standard","meta":{"footnotes":""},"categories":[38],"tags":[],"class_list":["post-22438","post","type-post","status-publish","format-standard","has-post-thumbnail","hentry","category-regional"],"jetpack_featured_media_url":"https:\/\/radiorevelacionfm.cl\/wp-content\/uploads\/2022\/09\/CCP-PA-3-1-1.jpeg","_links":{"self":[{"href":"https:\/\/radiorevelacionfm.cl\/index.php?rest_route=\/wp\/v2\/posts\/22438","targetHints":{"allow":["GET"]}}],"collection":[{"href":"https:\/\/radiorevelacionfm.cl\/index.php?rest_route=\/wp\/v2\/posts"}],"about":[{"href":"https:\/\/radiorevelacionfm.cl\/index.php?rest_route=\/wp\/v2\/types\/post"}],"author":[{"embeddable":true,"href":"https:\/\/radiorevelacionfm.cl\/index.php?rest_route=\/wp\/v2\/users\/1"}],"replies":[{"embeddable":true,"href":"https:\/\/radiorevelacionfm.cl\/index.php?rest_route=%2Fwp%2Fv2%2Fcomments&post=22438"}],"version-history":[{"count":3,"href":"https:\/\/radiorevelacionfm.cl\/index.php?rest_route=\/wp\/v2\/posts\/22438\/revisions"}],"predecessor-version":[{"id":22489,"href":"https:\/\/radiorevelacionfm.cl\/index.php?rest_route=\/wp\/v2\/posts\/22438\/revisions\/22489"}],"wp:featuredmedia":[{"embeddable":true,"href":"https:\/\/radiorevelacionfm.cl\/index.php?rest_route=\/wp\/v2\/media\/22439"}],"wp:attachment":[{"href":"https:\/\/radiorevelacionfm.cl\/index.php?rest_route=%2Fwp%2Fv2%2Fmedia&parent=22438"}],"wp:term":[{"taxonomy":"category","embeddable":true,"href":"https:\/\/radiorevelacionfm.cl\/index.php?rest_route=%2Fwp%2Fv2%2Fcategories&post=22438"},{"taxonomy":"post_tag","embeddable":true,"href":"https:\/\/radiorevelacionfm.cl\/index.php?rest_route=%2Fwp%2Fv2%2Ftags&post=22438"}],"curies":[{"name":"wp","href":"https:\/\/api.w.org\/{rel}","templated":true}]}}