{"id":22434,"date":"2022-09-30T15:32:18","date_gmt":"2022-09-30T18:32:18","guid":{"rendered":"https:\/\/radiorevelacionfm.cl\/?p=22434"},"modified":"2022-09-30T15:32:18","modified_gmt":"2022-09-30T18:32:18","slug":"seremi-de-gobierno-destaco-aumento-del-presupuesto-nacional-en-seguridad-publica","status":"publish","type":"post","link":"https:\/\/radiorevelacionfm.cl\/?p=22434","title":{"rendered":"Seremi de Gobierno destac\u00f3 aumento del Presupuesto Nacional en Seguridad P\u00fablica"},"content":{"rendered":"<div class=\"flex_column av_one_full  flex_column_div av-zero-column-padding first  avia-builder-el-0  el_before_av_one_full  avia-builder-el-first  \" style='border-radius:0px; '><div  class='avia-image-container  av-styling-    avia-builder-el-1  avia-builder-el-no-sibling  avia-align-center '  itemprop=\"image\" itemscope=\"itemscope\" itemtype=\"https:\/\/schema.org\/ImageObject\"  ><div class='avia-image-container-inner'><div class='avia-image-overlay-wrap'><img decoding=\"async\" class='wp-image-22435 avia-img-lazy-loading-not-22435 avia_image' src=\"https:\/\/radiorevelacionfm.cl\/wp-content\/uploads\/2022\/09\/Voceria-2-1-1.jpeg\" alt='' title='Vocer\u00eda 2 (1) (1)' height=\"600\" width=\"800\"  itemprop=\"thumbnailUrl\" srcset=\"https:\/\/radiorevelacionfm.cl\/wp-content\/uploads\/2022\/09\/Voceria-2-1-1.jpeg 800w, https:\/\/radiorevelacionfm.cl\/wp-content\/uploads\/2022\/09\/Voceria-2-1-1-300x225.jpeg 300w, https:\/\/radiorevelacionfm.cl\/wp-content\/uploads\/2022\/09\/Voceria-2-1-1-768x576.jpeg 768w, https:\/\/radiorevelacionfm.cl\/wp-content\/uploads\/2022\/09\/Voceria-2-1-1-705x529.jpeg 705w, https:\/\/radiorevelacionfm.cl\/wp-content\/uploads\/2022\/09\/Voceria-2-1-1-600x450.jpeg 600w\" sizes=\"(max-width: 800px) 100vw, 800px\" \/><\/div><\/div><\/div><\/div><div class=\"flex_column av_one_full  flex_column_div av-zero-column-padding first  avia-builder-el-2  el_after_av_one_full  el_before_av_one_full  column-top-margin\" style='border-radius:0px; '><section class=\"av_textblock_section \"  itemscope=\"itemscope\" itemtype=\"https:\/\/schema.org\/BlogPosting\" itemprop=\"blogPost\" ><div class='avia_textblock  '   itemprop=\"text\" ><p class=\"v1MsoNormal\" style=\"text-align: center;\"><span style=\"font-size: 18pt;\"><b>Seremi de Gobierno destac\u00f3 aumento del Presupuesto Nacional en Seguridad P\u00fablica<\/b><\/span><\/p>\n<p class=\"v1MsoNormal\"><i>\u00a0<\/i><\/p>\n<div id=\"gtx-trans\" style=\"position: absolute; left: -50px; top: 4.31534px;\">\n<div class=\"gtx-trans-icon\"><\/div>\n<\/div>\n<\/div><\/section><\/div><div class=\"flex_column av_one_full  flex_column_div av-zero-column-padding first  avia-builder-el-4  el_after_av_one_full  el_before_av_hr  column-top-margin\" style='border-radius:0px; '><section class=\"av_textblock_section \"  itemscope=\"itemscope\" itemtype=\"https:\/\/schema.org\/BlogPosting\" itemprop=\"blogPost\" ><div class='avia_textblock  '   itemprop=\"text\" ><p class=\"v1MsoNormal\" style=\"text-align: justify;\">\u00abEl Gobierno del Presidente Gabriel Boric sabe que estos no han sido tiempos f\u00e1ciles, pues venimos saliendo del per\u00edodo m\u00e1s cr\u00edtico de una Pandemia y ahora nos enfrentamos a sus efectos en la econom\u00eda, pero seguimos trabajando con fuerza para resolver concretamente los problemas de las personas, y el anuncio del Presidente lo se\u00f1al\u00f3 claramente\u00bb.<\/p>\n<p class=\"v1MsoNormal\" style=\"text-align: justify;\">Con estas palabras valor\u00f3 la Seremi de Gobierno, Tatiana Pl\u00e1 \u00c1lvarez, el discurso que el mandatario hiciera este jueves por la noche en Cadena Nacional para referirse al Presupuesto Nacional del a\u00f1o 2023.<\/p>\n<p class=\"v1MsoNormal\" style=\"text-align: justify;\">\u00abDurante estos casi siete meses de administraci\u00f3n, el gobierno del Presidente Boric ha trabajado para resolver concretamente los problemas de las personas. Y, como dijo nuestro Presidente, hemos ido avanzando y generando acciones para que Chile tenga Seguridad Econ\u00f3mica, Seguridad Ciudadana y Seguridad Social. Es por eso que este primer Presupuesto de nuestro Gobierno apunta a reactivar la econom\u00eda y dar esas seguridades\u00bb, dijo.<\/p>\n<p class=\"v1MsoNormal\" style=\"text-align: justify;\">\u00abEl Presupuesto 2023 tiene 3 ejes con medidas que buscan resolver las necesidades de las familias en temas que son relevantes para su vida diaria: Seguridad econ\u00f3mica, ciudadana y social. Su objetivo es darle seguridad, m\u00e1s tranquilidad a las personas, en el sentido de que estamos recogiendo sus principales preocupaciones, pues entendemos que la Seguridad es un Tema Relevante hoy, y tambi\u00e9n vamos avanzando en la implementaci\u00f3n del programa de Gobierno\u00bb, agreg\u00f3 la autoridad.<\/p>\n<p class=\"v1MsoNormal\" style=\"text-align: justify;\">Del mismo modo, la vocera destac\u00f3 que el Presupuesto 2023 considera m\u00e1s recursos para Carabineros y la PDI, para la construcci\u00f3n de viviendas sociales, ampliar la cobertura de la PGU (lo que permitir\u00e1 que m\u00e1s personas tengan acceso a la pensi\u00f3n garantizada, beneficiando a 2,2 millones personas mayores de 65 a\u00f1os), que adem\u00e1s se usar\u00e1n los recursos para disminuir los tiempos en las listas de espera para operaciones quir\u00fargicas y dar los primeros pasos del plan piloto de Atenci\u00f3n Primaria Universal, adem\u00e1s de avanzar en Salud Mental, con foco en atenciones ambulatorias y cerradas infanto-adolescentes.<\/p>\n<p class=\"v1MsoNormal\" style=\"text-align: justify;\">\u00abCreemos que este es un anuncio relevante para el Gobierno porque hasta ahora hemos dado pasos muy importantes que mejoran la vida de las personas,\u00a0 ejemplos de ello son el Sueldo m\u00ednimo hist\u00f3rico, Copago Cero, Chile Apoya, M\u00e1s Seguridad M\u00e1s Comunidad, entre otros. Con este nuevo presupuesto, que ya no depende del gobierno anterior, nuestra administraci\u00f3n puede hacer mucho m\u00e1s y eso es lo que se le propone al Congreso para que Chile viva mejor, y en ese sentido, desde la Vocer\u00eda valoramos el anuncio del Presidente en cuanto a que para lograr todo lo que nos proponemos, necesitamos en el Parlamento el apoyo de todos los sectores, este desaf\u00edo no es solo del Gobierno, sino que del Estado\u00bb, concluy\u00f3.<\/p>\n<\/div><\/section><\/div><div  style='height:50px' class='hr hr-invisible   avia-builder-el-6  el_after_av_one_full  el_before_av_social_share '><span class='hr-inner ' ><span class='hr-inner-style'><\/span><\/span><\/div><\/p>\n<div  class='av-social-sharing-box  avia-builder-el-7  el_after_av_hr  el_before_av_hr  '><div class='av-share-box'><h5 class='av-share-link-description av-no-toc '>Compartir esta noticia<\/h5><ul class='av-share-box-list noLightbox'><li class='av-share-link av-social-link-facebook' ><a target=\"_blank\" aria-label=\"Compartir en Facebook\" href='https:\/\/www.facebook.com\/sharer.php?u=https:\/\/radiorevelacionfm.cl\/?p=22434&#038;t=Seremi%20de%20Gobierno%20destac%C3%B3%20aumento%20del%20Presupuesto%20Nacional%20en%20Seguridad%20P%C3%BAblica' aria-hidden='false' data-av_icon='\ue8f3' data-av_iconfont='entypo-fontello' title='' data-avia-related-tooltip='Compartir en Facebook' rel=\"noopener\"><span class='avia_hidden_link_text'>Compartir en Facebook<\/span><\/a><\/li><li class='av-share-link av-social-link-twitter' ><a target=\"_blank\" aria-label=\"Compartir en Twitter\" href='https:\/\/twitter.com\/share?text=Seremi%20de%20Gobierno%20destac%C3%B3%20aumento%20del%20Presupuesto%20Nacional%20en%20Seguridad%20P%C3%BAblica&#038;url=https:\/\/radiorevelacionfm.cl\/?p=22434' aria-hidden='false' data-av_icon='\ue8f1' data-av_iconfont='entypo-fontello' title='' data-avia-related-tooltip='Compartir en Twitter' rel=\"noopener\"><span class='avia_hidden_link_text'>Compartir en Twitter<\/span><\/a><\/li><li class='av-share-link av-social-link-whatsapp' ><a target=\"_blank\" aria-label=\"Compartir en Whatsapp\" href='https:\/\/api.whatsapp.com\/send?text=https:\/\/radiorevelacionfm.cl\/?p=22434' aria-hidden='false' data-av_icon='\uf232' data-av_iconfont='entypo-fontello' title='' data-avia-related-tooltip='Compartir en Whatsapp' rel=\"noopener\"><span class='avia_hidden_link_text'>Compartir en Whatsapp<\/span><\/a><\/li><li class='av-share-link av-social-link-linkedin' ><a target=\"_blank\" aria-label=\"Compartir en LinkedIn\" href='https:\/\/linkedin.com\/shareArticle?mini=true&#038;title=Seremi%20de%20Gobierno%20destac%C3%B3%20aumento%20del%20Presupuesto%20Nacional%20en%20Seguridad%20P%C3%BAblica&#038;url=https:\/\/radiorevelacionfm.cl\/?p=22434' aria-hidden='false' data-av_icon='\ue8fc' data-av_iconfont='entypo-fontello' title='' data-avia-related-tooltip='Compartir en LinkedIn' rel=\"noopener\"><span class='avia_hidden_link_text'>Compartir en LinkedIn<\/span><\/a><\/li><li class='av-share-link av-social-link-mail' ><a  aria-label=\"Compartir por correo\" href='mailto:?subject=Seremi%20de%20Gobierno%20destac%C3%B3%20aumento%20del%20Presupuesto%20Nacional%20en%20Seguridad%20P%C3%BAblica&#038;body=https:\/\/radiorevelacionfm.cl\/?p=22434' aria-hidden='false' data-av_icon='\ue805' data-av_iconfont='entypo-fontello' title='' data-avia-related-tooltip='Compartir por correo'><span class='avia_hidden_link_text'>Compartir por correo<\/span><\/a><\/li><\/ul><\/div><\/div>\n<div  style='height:50px' class='hr hr-invisible   avia-builder-el-8  el_after_av_social_share  el_before_av_comments_list '><span class='hr-inner ' ><span class='hr-inner-style'><\/span><\/span><\/div>\n<div  class='av-buildercomment  av-blog-meta-html-info-disabled av-blog-meta-tag-disabled  '><\/div>\n","protected":false},"excerpt":{"rendered":"","protected":false},"author":1,"featured_media":22435,"comment_status":"open","ping_status":"open","sticky":false,"template":"","format":"standard","meta":{"footnotes":""},"categories":[38],"tags":[],"class_list":["post-22434","post","type-post","status-publish","format-standard","has-post-thumbnail","hentry","category-regional"],"jetpack_featured_media_url":"https:\/\/radiorevelacionfm.cl\/wp-content\/uploads\/2022\/09\/Voceria-2-1-1.jpeg","_links":{"self":[{"href":"https:\/\/radiorevelacionfm.cl\/index.php?rest_route=\/wp\/v2\/posts\/22434","targetHints":{"allow":["GET"]}}],"collection":[{"href":"https:\/\/radiorevelacionfm.cl\/index.php?rest_route=\/wp\/v2\/posts"}],"about":[{"href":"https:\/\/radiorevelacionfm.cl\/index.php?rest_route=\/wp\/v2\/types\/post"}],"author":[{"embeddable":true,"href":"https:\/\/radiorevelacionfm.cl\/index.php?rest_route=\/wp\/v2\/users\/1"}],"replies":[{"embeddable":true,"href":"https:\/\/radiorevelacionfm.cl\/index.php?rest_route=%2Fwp%2Fv2%2Fcomments&post=22434"}],"version-history":[{"count":2,"href":"https:\/\/radiorevelacionfm.cl\/index.php?rest_route=\/wp\/v2\/posts\/22434\/revisions"}],"predecessor-version":[{"id":22457,"href":"https:\/\/radiorevelacionfm.cl\/index.php?rest_route=\/wp\/v2\/posts\/22434\/revisions\/22457"}],"wp:featuredmedia":[{"embeddable":true,"href":"https:\/\/radiorevelacionfm.cl\/index.php?rest_route=\/wp\/v2\/media\/22435"}],"wp:attachment":[{"href":"https:\/\/radiorevelacionfm.cl\/index.php?rest_route=%2Fwp%2Fv2%2Fmedia&parent=22434"}],"wp:term":[{"taxonomy":"category","embeddable":true,"href":"https:\/\/radiorevelacionfm.cl\/index.php?rest_route=%2Fwp%2Fv2%2Fcategories&post=22434"},{"taxonomy":"post_tag","embeddable":true,"href":"https:\/\/radiorevelacionfm.cl\/index.php?rest_route=%2Fwp%2Fv2%2Ftags&post=22434"}],"curies":[{"name":"wp","href":"https:\/\/api.w.org\/{rel}","templated":true}]}}