{"id":22430,"date":"2022-09-30T11:07:05","date_gmt":"2022-09-30T14:07:05","guid":{"rendered":"https:\/\/radiorevelacionfm.cl\/?p=22430"},"modified":"2022-09-30T11:07:05","modified_gmt":"2022-09-30T14:07:05","slug":"dideco-en-tu-barrio-entrego-atencion-social-a-trabajadores-de-conaf-en-manihuales","status":"publish","type":"post","link":"https:\/\/radiorevelacionfm.cl\/?p=22430","title":{"rendered":"Dideco en tu barrio entreg\u00f3 atenci\u00f3n social a trabajadores de Conaf en Ma\u00f1ihuales"},"content":{"rendered":"<div class=\"flex_column av_one_full  flex_column_div av-zero-column-padding first  avia-builder-el-0  el_before_av_one_full  avia-builder-el-first  \" style='border-radius:0px; '><div  class='avia-image-container  av-styling-    avia-builder-el-1  avia-builder-el-no-sibling  avia-align-center '  itemprop=\"image\" itemscope=\"itemscope\" itemtype=\"https:\/\/schema.org\/ImageObject\"  ><div class='avia-image-container-inner'><div class='avia-image-overlay-wrap'><img decoding=\"async\" class='wp-image-22431 avia-img-lazy-loading-not-22431 avia_image' src=\"https:\/\/radiorevelacionfm.cl\/wp-content\/uploads\/2022\/09\/dideco-1-1-1.jpeg\" alt='' title='dideco 1 (1) (1)' height=\"600\" width=\"800\"  itemprop=\"thumbnailUrl\" srcset=\"https:\/\/radiorevelacionfm.cl\/wp-content\/uploads\/2022\/09\/dideco-1-1-1.jpeg 800w, https:\/\/radiorevelacionfm.cl\/wp-content\/uploads\/2022\/09\/dideco-1-1-1-300x225.jpeg 300w, https:\/\/radiorevelacionfm.cl\/wp-content\/uploads\/2022\/09\/dideco-1-1-1-768x576.jpeg 768w, https:\/\/radiorevelacionfm.cl\/wp-content\/uploads\/2022\/09\/dideco-1-1-1-705x529.jpeg 705w, https:\/\/radiorevelacionfm.cl\/wp-content\/uploads\/2022\/09\/dideco-1-1-1-600x450.jpeg 600w\" sizes=\"(max-width: 800px) 100vw, 800px\" \/><\/div><\/div><\/div><\/div><div class=\"flex_column av_one_full  flex_column_div av-zero-column-padding first  avia-builder-el-2  el_after_av_one_full  el_before_av_one_full  column-top-margin\" style='border-radius:0px; '><section class=\"av_textblock_section \"  itemscope=\"itemscope\" itemtype=\"https:\/\/schema.org\/BlogPosting\" itemprop=\"blogPost\" ><div class='avia_textblock  '   itemprop=\"text\" ><p style=\"text-align: center;\"><strong><span style=\"font-size: 18pt;\">Dideco en tu barrio entreg\u00f3 atenci\u00f3n social a trabajadores de Conaf en Ma\u00f1ihuales<\/span><\/strong><\/p>\n<div id=\"gtx-trans\" style=\"position: absolute; left: -50px; top: 4.31534px;\">\n<div class=\"gtx-trans-icon\"><\/div>\n<\/div>\n<\/div><\/section><\/div><div class=\"flex_column av_one_full  flex_column_div av-zero-column-padding first  avia-builder-el-4  el_after_av_one_full  el_before_av_hr  column-top-margin\" style='border-radius:0px; '><section class=\"av_textblock_section \"  itemscope=\"itemscope\" itemtype=\"https:\/\/schema.org\/BlogPosting\" itemprop=\"blogPost\" ><div class='avia_textblock  '   itemprop=\"text\" ><p style=\"text-align: justify;\">Registro social de hogares, subsidios y orientaci\u00f3n legal gratuita son las prestaciones a los que accedieron en Villa Ma\u00f1ihuales los 50 trabajadores y trabajadoras de la Corporaci\u00f3n Nacional Forestal (CONAF), quienes esperaban con ansias este momento para as\u00ed satisfacer sus necesidades sociales, las que muchas veces por conectividad y tiempo quedan en espera.<\/p>\n<p style=\"text-align: justify;\">Esta visita tuvo una preparaci\u00f3n detallada, puesto que un operativo de estas caracter\u00edsticas necesita de la log\u00edstica y disposici\u00f3n suficiente de ambas entidades, sobre todo para coordinarse en un d\u00eda laboral y as\u00ed poder tener un mayor rango de alcance en atenciones por parte de las asistentes sociales de la Direcci\u00f3n de Desarrollo Comunitario (DIDECO) de la Ilustre Municipalidad de Puerto Ays\u00e9n.<\/p>\n<p style=\"text-align: justify;\">Para la gobernadora regional, Andrea Mac\u00edas Palma, es relevante facilitar la vida a las personas, m\u00e1s a\u00fan, a aquellas que se ven beneficiadas por los programas de intervenci\u00f3n de CONAF, financiados por el Gobierno Regional.<\/p>\n<p style=\"text-align: justify;\">\u201cValoramos de manera positiva esta acci\u00f3n desarrollada entre el municipio de Ays\u00e9n y la Corporaci\u00f3n Nacional Forestal. Nosotros como Gobierno Regional tenemos programas financiados, que se ejecutan a trav\u00e9s de CONAF, donde tenemos una alta cantidad de trabajadores y trabajadoras y, en ese sentido, acercar la oferta social de los municipios a los propios lugares de trabajo es una tremenda oportunidad que viene a facilitar la vida de las personas\u201d puntualiz\u00f3.<\/p>\n<p style=\"text-align: justify;\">En esa misma l\u00ednea, la directora regional de la Corporaci\u00f3n, Claudia Reyes Santelices, sostuvo que dar este tipo de atenciones es un plus, tanto para la estabilidad laboral como en la calidad de vida de las personas. \u201cPara esta administraci\u00f3n es muy importante poner en primer lugar las necesidades de las y los trabajadores y qu\u00e9 mejor que acercar, en este caso al municipio, a los lugares de trabajo para que den respuesta a sus inquietudes y solicitudes, ya que por parte de CONAF hay un compromiso muy fuerte en apoyar este tipo de acciones que velen por el bienestar de nuestro equipo\u201d, precis\u00f3.<\/p>\n<p style=\"text-align: justify;\">En esta misma l\u00ednea se mostr\u00f3 Gabriela G\u00f3mez Gonz\u00e1lez, jefa provincial de la oficina CONAF Ays\u00e9n, se\u00f1alando que es importante facilitar tr\u00e1mites y servicios generan un apoyo extra a todas y todos los trabajadores de la Corporaci\u00f3n.<\/p>\n<p style=\"text-align: justify;\">\u201cEste tipo de colaboraciones conjuntas es un apoyo social importante puesto que se les facilitan los tr\u00e1mites que muchas veces son postergados por desconocimiento y lejan\u00edas de los servicios p\u00fablicos. Esperamos poder seguir colaborando en este acercamiento a todos y todas las personas que trabajan en CONAF\u201d, dijo.<\/p>\n<p style=\"text-align: justify;\">Mauricio Jaque Luengo, director de la DIDECO coment\u00f3 lo positivo de tener estas alianzas estrat\u00e9gicas considerando que la raz\u00f3n de ser del departamento es atender y socializar concurriendo a todos los lugares donde se necesite su presencia y as\u00ed resolver inquietudes de la comunidad.<\/p>\n<p style=\"text-align: justify;\">\u201cGracias al apoyo de nuestro alcalde Julio Uribe se ha podido establecer este fiato y compromiso con la comunidad. Una de sus principales instrucciones es poder mantener siempre la cercan\u00eda con la comunidad y eso es lo que estamos haciendo. Es importante se\u00f1alar que prontamente estaremos en Islas Huichas y estamos haciendo las coordinaciones, donde se est\u00e1 hablando con las personas encargadas para llegar con este mismo servicio brindando en terreno con el programa DIDECO en tu barrio, servicio comunitario, social y jur\u00eddico para las personas que as\u00ed lo requieran\u201d remat\u00f3 el director del departamento.<\/p>\n<p style=\"text-align: justify;\">Es importante destacar, justamente, que el pr\u00f3ximo \u201cDIDECO en tu barrio\u201d ser\u00e1 en Islas Huichas donde tambi\u00e9n CONAF opera uno de sus programas financiados por el GORE, que tiene por asentamiento el parque urbano \u201cLa Poza\u201d, donde trabajan 38 mujeres y hombres, en su mayor\u00eda jefas de hogar.<\/p>\n<\/div><\/section><\/div><div  style='height:50px' class='hr hr-invisible   avia-builder-el-6  el_after_av_one_full  el_before_av_social_share '><span class='hr-inner ' ><span class='hr-inner-style'><\/span><\/span><\/div><\/p>\n<div  class='av-social-sharing-box  avia-builder-el-7  el_after_av_hr  el_before_av_hr  '><div class='av-share-box'><h5 class='av-share-link-description av-no-toc '>Compartir esta noticia<\/h5><ul class='av-share-box-list noLightbox'><li class='av-share-link av-social-link-facebook' ><a target=\"_blank\" aria-label=\"Compartir en Facebook\" href='https:\/\/www.facebook.com\/sharer.php?u=https:\/\/radiorevelacionfm.cl\/?p=22430&#038;t=Dideco%20en%20tu%20barrio%20entreg%C3%B3%20atenci%C3%B3n%20social%20a%20trabajadores%20de%20Conaf%20en%20Ma%C3%B1ihuales' aria-hidden='false' data-av_icon='\ue8f3' data-av_iconfont='entypo-fontello' title='' data-avia-related-tooltip='Compartir en Facebook' rel=\"noopener\"><span class='avia_hidden_link_text'>Compartir en Facebook<\/span><\/a><\/li><li class='av-share-link av-social-link-twitter' ><a target=\"_blank\" aria-label=\"Compartir en Twitter\" href='https:\/\/twitter.com\/share?text=Dideco%20en%20tu%20barrio%20entreg%C3%B3%20atenci%C3%B3n%20social%20a%20trabajadores%20de%20Conaf%20en%20Ma%C3%B1ihuales&#038;url=https:\/\/radiorevelacionfm.cl\/?p=22430' aria-hidden='false' data-av_icon='\ue8f1' data-av_iconfont='entypo-fontello' title='' data-avia-related-tooltip='Compartir en Twitter' rel=\"noopener\"><span class='avia_hidden_link_text'>Compartir en Twitter<\/span><\/a><\/li><li class='av-share-link av-social-link-whatsapp' ><a target=\"_blank\" aria-label=\"Compartir en Whatsapp\" href='https:\/\/api.whatsapp.com\/send?text=https:\/\/radiorevelacionfm.cl\/?p=22430' aria-hidden='false' data-av_icon='\uf232' data-av_iconfont='entypo-fontello' title='' data-avia-related-tooltip='Compartir en Whatsapp' rel=\"noopener\"><span class='avia_hidden_link_text'>Compartir en Whatsapp<\/span><\/a><\/li><li class='av-share-link av-social-link-linkedin' ><a target=\"_blank\" aria-label=\"Compartir en LinkedIn\" href='https:\/\/linkedin.com\/shareArticle?mini=true&#038;title=Dideco%20en%20tu%20barrio%20entreg%C3%B3%20atenci%C3%B3n%20social%20a%20trabajadores%20de%20Conaf%20en%20Ma%C3%B1ihuales&#038;url=https:\/\/radiorevelacionfm.cl\/?p=22430' aria-hidden='false' data-av_icon='\ue8fc' data-av_iconfont='entypo-fontello' title='' data-avia-related-tooltip='Compartir en LinkedIn' rel=\"noopener\"><span class='avia_hidden_link_text'>Compartir en LinkedIn<\/span><\/a><\/li><li class='av-share-link av-social-link-mail' ><a  aria-label=\"Compartir por correo\" href='mailto:?subject=Dideco%20en%20tu%20barrio%20entreg%C3%B3%20atenci%C3%B3n%20social%20a%20trabajadores%20de%20Conaf%20en%20Ma%C3%B1ihuales&#038;body=https:\/\/radiorevelacionfm.cl\/?p=22430' aria-hidden='false' data-av_icon='\ue805' data-av_iconfont='entypo-fontello' title='' data-avia-related-tooltip='Compartir por correo'><span class='avia_hidden_link_text'>Compartir por correo<\/span><\/a><\/li><\/ul><\/div><\/div>\n<div  style='height:50px' class='hr hr-invisible   avia-builder-el-8  el_after_av_social_share  el_before_av_comments_list '><span class='hr-inner ' ><span class='hr-inner-style'><\/span><\/span><\/div>\n<div  class='av-buildercomment  av-blog-meta-html-info-disabled av-blog-meta-tag-disabled  '><\/div>\n","protected":false},"excerpt":{"rendered":"","protected":false},"author":1,"featured_media":22431,"comment_status":"open","ping_status":"open","sticky":false,"template":"","format":"standard","meta":{"footnotes":""},"categories":[38],"tags":[],"class_list":["post-22430","post","type-post","status-publish","format-standard","has-post-thumbnail","hentry","category-regional"],"jetpack_featured_media_url":"https:\/\/radiorevelacionfm.cl\/wp-content\/uploads\/2022\/09\/dideco-1-1-1.jpeg","_links":{"self":[{"href":"https:\/\/radiorevelacionfm.cl\/index.php?rest_route=\/wp\/v2\/posts\/22430","targetHints":{"allow":["GET"]}}],"collection":[{"href":"https:\/\/radiorevelacionfm.cl\/index.php?rest_route=\/wp\/v2\/posts"}],"about":[{"href":"https:\/\/radiorevelacionfm.cl\/index.php?rest_route=\/wp\/v2\/types\/post"}],"author":[{"embeddable":true,"href":"https:\/\/radiorevelacionfm.cl\/index.php?rest_route=\/wp\/v2\/users\/1"}],"replies":[{"embeddable":true,"href":"https:\/\/radiorevelacionfm.cl\/index.php?rest_route=%2Fwp%2Fv2%2Fcomments&post=22430"}],"version-history":[{"count":2,"href":"https:\/\/radiorevelacionfm.cl\/index.php?rest_route=\/wp\/v2\/posts\/22430\/revisions"}],"predecessor-version":[{"id":22433,"href":"https:\/\/radiorevelacionfm.cl\/index.php?rest_route=\/wp\/v2\/posts\/22430\/revisions\/22433"}],"wp:featuredmedia":[{"embeddable":true,"href":"https:\/\/radiorevelacionfm.cl\/index.php?rest_route=\/wp\/v2\/media\/22431"}],"wp:attachment":[{"href":"https:\/\/radiorevelacionfm.cl\/index.php?rest_route=%2Fwp%2Fv2%2Fmedia&parent=22430"}],"wp:term":[{"taxonomy":"category","embeddable":true,"href":"https:\/\/radiorevelacionfm.cl\/index.php?rest_route=%2Fwp%2Fv2%2Fcategories&post=22430"},{"taxonomy":"post_tag","embeddable":true,"href":"https:\/\/radiorevelacionfm.cl\/index.php?rest_route=%2Fwp%2Fv2%2Ftags&post=22430"}],"curies":[{"name":"wp","href":"https:\/\/api.w.org\/{rel}","templated":true}]}}