{"id":2243,"date":"2021-01-30T21:16:13","date_gmt":"2021-01-31T00:16:13","guid":{"rendered":"https:\/\/radiorevelacionfm.cl\/?p=2243"},"modified":"2021-01-30T21:16:13","modified_gmt":"2021-01-31T00:16:13","slug":"alcalde-martinez-ante-nulo-avance-llamo-al-seremi-de-vivienda-a-dar-la-cara-a-nuestra-gente-del-cnt-el-calafate-patagon","status":"publish","type":"post","link":"https:\/\/radiorevelacionfm.cl\/?p=2243","title":{"rendered":"Alcalde Mart\u00ednez ante nulo avance: \u201cLlamo al Seremi de Vivienda a dar la cara a nuestra gente del CNT El Calafate-Patag\u00f3n\u201d"},"content":{"rendered":"<div class=\"flex_column av_one_full  flex_column_div av-zero-column-padding first  avia-builder-el-0  el_before_av_one_full  avia-builder-el-first  \" style='border-radius:0px; '><div  class='avia-image-container  av-styling-    avia-builder-el-1  avia-builder-el-no-sibling  avia-align-center '  itemprop=\"image\" itemscope=\"itemscope\" itemtype=\"https:\/\/schema.org\/ImageObject\"  ><div class='avia-image-container-inner'><div class='avia-image-overlay-wrap'><img decoding=\"async\" class='wp-image-0 avia-img-lazy-loading-not-0 avia_image' src=\"https:\/\/radiorevelacionfm.cl\/wp-content\/uploads\/2021\/01\/IMG_20210129_093016_resized_20210130_011915783-1.jpg\" alt='' title=''   itemprop=\"thumbnailUrl\"  \/><\/div><\/div><\/div><\/div><div class=\"flex_column av_one_full  flex_column_div av-zero-column-padding first  avia-builder-el-2  el_after_av_one_full  el_before_av_one_full  column-top-margin\" style='border-radius:0px; '><section class=\"av_textblock_section \"  itemscope=\"itemscope\" itemtype=\"https:\/\/schema.org\/BlogPosting\" itemprop=\"blogPost\" ><div class='avia_textblock  '   itemprop=\"text\" ><p style=\"text-align: center;\"><span style=\"font-size: 18pt;\"><strong>Alcalde Mart\u00ednez ante nulo avance: \u201cLlamo al Seremi de Vivienda a dar la cara a nuestra gente del CNT El Calafate-Patag\u00f3n\u201d<\/strong><\/span><\/p>\n<div id=\"gtx-trans\" style=\"position: absolute; left: -50px; top: 4.31534px;\">\n<div class=\"gtx-trans-icon\"><\/div>\n<\/div>\n<\/div><\/section><\/div><div class=\"flex_column av_one_full  flex_column_div av-zero-column-padding first  avia-builder-el-4  el_after_av_one_full  el_before_av_hr  column-top-margin\" style='border-radius:0px; '><section class=\"av_textblock_section \"  itemscope=\"itemscope\" itemtype=\"https:\/\/schema.org\/BlogPosting\" itemprop=\"blogPost\" ><div class='avia_textblock  '   itemprop=\"text\" ><p style=\"text-align: justify;\"><em>Descontento y frustraci\u00f3n es el sentimiento que embarga a las 108 familias que componen este proyecto habitacional, muchas de las cuales durante 12 a\u00f1os han luchado por el sue\u00f1o de la casa propia.\u00a0 <\/em><\/p>\n<p style=\"text-align: justify;\">Su molestia manifest\u00f3 el alcalde Luis Mart\u00ednez a lo que calific\u00f3 como \u201cuna total falta a la verdad\u201d. Esto, en directa alusi\u00f3n al nulo avance que ha presentado el proyecto habitacional CNT El Calafate-Patag\u00f3n en Puerto Ays\u00e9n, cuyos trabajos de compactaci\u00f3n din\u00e1mica ya deber\u00edan estar en ejecuci\u00f3n.<\/p>\n<p style=\"text-align: justify;\">Es as\u00ed que en los \u00faltimos d\u00edas, desde la Entidad Patrocinante Municipal de Ays\u00e9n -equipo t\u00e9cnico y social que ha acompa\u00f1ado y apoyado a estos dos comit\u00e9s de vivienda, respecto a dise\u00f1o, elaboraci\u00f3n y postulaci\u00f3n de subsidios-, se solicit\u00f3 al Serviu una visita al terreno para conocer el estado de avance de los trabajos. Sin embargo, a d\u00eda de hoy estos a\u00fan no han iniciado.<\/p>\n<p style=\"text-align: justify;\">De esta manera, el edil aysenino reclama al seremi de vivienda y Serviu la falta de seriedad respecto al tratamiento de la informaci\u00f3n sobre los procesos que se deben ejecutar para la habilitaci\u00f3n del terreno y los plazos que han sido postergados. Confusiones que se producen entre los mismos servicios y que terminan afectando a las 108 familias que componen El Calafate-Patag\u00f3n.<\/p>\n<p style=\"text-align: justify;\">\u201cAl ver que el trabajo no estaba avanzando de la forma en que estaba planificada, las dirigentas manifestaron su preocupaci\u00f3n. Se reunieron con el diputado Miguel \u00c1ngel Calisto, quien a su vez obtuvo una audiencia con el subsecretario de Vivienda, en que estuvo presente nuestra Entidad Patrocinante (EPM). Ah\u00ed se dieron cuenta que no se est\u00e1 trabajando en el terreno\u201d, explic\u00f3 Mart\u00ednez Gallardo.<\/p>\n<p style=\"text-align: justify;\">\u201cLa secretar\u00eda ministerial de Vivienda y el Servicio de Vivienda y Urbanismo han faltado a lo comprometido. Ya tuvimos a la gente reclamando en las calles, nos sentamos todos a conversar buscando soluciones, mejorando los tiempos de ejecuci\u00f3n y, especialmente, diciendo que nos \u00edbamos a decir s\u00f3lo la verdad. Y ahora aparecen con esta mentira, donde ni siquiera tienen hecho el contrato con la empresa que realizar\u00e1 la obra\u201d, se\u00f1al\u00f3 ofuscado el edil.<\/p>\n<p style=\"text-align: justify;\">Ello, en directa relaci\u00f3n a lo acontecido en septiembre de 2020, en que ambos comit\u00e9s -El Calafate y Sue\u00f1o Patag\u00f3n-, se enteraron que la licitaci\u00f3n, que estaba en sus \u00faltimos d\u00edas previo al inicio de construcci\u00f3n de sus viviendas, fue bajada. Dado que desde la seremi de Vivienda habr\u00edan determinado incorporar una nueva etapa al proceso denominada \u201ccompactaci\u00f3n din\u00e1mica\u201d, la cual asegura un terreno m\u00e1s firme, pero que significa prologar por casi un a\u00f1o adicional lo proyectado. Instancia que no fue comunicada con anterioridad a los integrantes de estos Comit\u00e9s ni a la Entidad Patrocinante del municipio aysenino.<\/p>\n<p style=\"text-align: justify;\">De ah\u00ed en m\u00e1s, se efectuaron una serie de reuniones, en que las dirigentas, alcalde, concejales y la EPM, conjuntamente a los representativos de la seremi y Serviu expusieron los argumentos y puntos de vista, la que concluy\u00f3 con el compromiso por parte de Vivienda a reducir los plazos de compactaci\u00f3n din\u00e1mica a seis meses y mejorar el est\u00e1ndar de las futuras casas, entre otros.<\/p>\n<p style=\"text-align: justify;\"><em>Sin embargo, a cuatro meses de esto no ha habido avances. <\/em>\u201cSi tienen miedo por qu\u00e9 no nos dicen y nosotros ponemos la cara. No tengo ning\u00fan problema en ir de cara a las personas, de cara a los servicios porque eso es lo que me caracteriza. Yo voy a defender a estos comit\u00e9s y voy a defender a cualquier comit\u00e9 de Ays\u00e9n porque estamos hablando de personas, son familias, no son n\u00fameros que est\u00e1n dejando fuera\u201d, enfatiz\u00f3 la m\u00e1xima autoridad comunal.<\/p>\n<p style=\"text-align: justify;\">El descontento se debe, adem\u00e1s, porque la informaci\u00f3n fue dada a conocer por la empresa contratista que est\u00e1 en el terreno, que hoy est\u00e1 trabajando para los comit\u00e9s habitacionales con quienes se compartir\u00e1 el pa\u00f1o de aproximadamente 15 hect\u00e1reas. No as\u00ed para el CNT El Calafate-Patag\u00f3n, quienes han esperado 12 a\u00f1os por ver cumplir el sue\u00f1o de la casa propia.<\/p>\n<p style=\"text-align: justify;\">\u201cDe otra manera, no nos hubi\u00e9semos enterado. Hubi\u00e9semos visto c\u00f3mo se construye un comit\u00e9 al lado. Quiero saber por qu\u00e9 de 4 mil millones se pas\u00f3 a 10.000 millones de gastos en la etapa de preparaci\u00f3n del terreno, y ni siquiera est\u00e1n trabajando en los comit\u00e9s que patrocinamos como EPM. Aqu\u00ed hay una cuesti\u00f3n que hay que aclarar porque cuando no se dice la verdad, hay que atenerse a las consecuencias\u201d, expuso el alcalde.<\/p>\n<p style=\"text-align: justify;\">\u201cAna Hern\u00e1ndez y Viviana Benavides, presidentas de los comit\u00e9s, son tremendamente trabajadoras, respetuosas. No queman neum\u00e1ticos, no insultan a nadie. Entonces, si la forma respetuosa no vale, y la otra s\u00ed, que nos digan y trabajamos de esa manera. Yo hago un llamado al seremi para que el lunes est\u00e9 dando la cara a estas familias, tiene que estar aqu\u00ed en Puerto Ays\u00e9n. Se trata de familias, los del lado, los de ac\u00e1 y tambi\u00e9n los de all\u00e1, al final son todos ayseninos. Ac\u00e1 se tienen que hacer las casas, y se tienen que hacer de la mejor manera\u201d, finaliz\u00f3.<\/p>\n<\/div><\/section><\/div><div  style='height:50px' class='hr hr-invisible   avia-builder-el-6  el_after_av_one_full  el_before_av_social_share '><span class='hr-inner ' ><span class='hr-inner-style'><\/span><\/span><\/div><\/p>\n<div  class='av-social-sharing-box  avia-builder-el-7  el_after_av_hr  el_before_av_hr  '><div class='av-share-box'><h5 class='av-share-link-description av-no-toc '>Compartir esta noticia<\/h5><ul class='av-share-box-list noLightbox'><li class='av-share-link av-social-link-facebook' ><a target=\"_blank\" aria-label=\"Compartir en Facebook\" href='https:\/\/www.facebook.com\/sharer.php?u=https:\/\/radiorevelacionfm.cl\/?p=2243&#038;t=Alcalde%20Mart%C3%ADnez%20ante%20nulo%20avance%3A%20%E2%80%9CLlamo%20al%20Seremi%20de%20Vivienda%20a%20dar%20la%20cara%20a%20nuestra%20gente%20del%20CNT%20El%20Calafate-Patag%C3%B3n%E2%80%9D' aria-hidden='false' data-av_icon='\ue8f3' data-av_iconfont='entypo-fontello' title='' data-avia-related-tooltip='Compartir en Facebook' rel=\"noopener\"><span class='avia_hidden_link_text'>Compartir en Facebook<\/span><\/a><\/li><li class='av-share-link av-social-link-twitter' ><a target=\"_blank\" aria-label=\"Compartir en Twitter\" href='https:\/\/twitter.com\/share?text=Alcalde%20Mart%C3%ADnez%20ante%20nulo%20avance%3A%20%E2%80%9CLlamo%20al%20Seremi%20de%20Vivienda%20a%20dar%20la%20cara%20a%20nuestra%20gente%20del%20CNT%20El%20Calafate-Patag%C3%B3n%E2%80%9D&#038;url=https:\/\/radiorevelacionfm.cl\/?p=2243' aria-hidden='false' data-av_icon='\ue8f1' data-av_iconfont='entypo-fontello' title='' data-avia-related-tooltip='Compartir en Twitter' rel=\"noopener\"><span class='avia_hidden_link_text'>Compartir en Twitter<\/span><\/a><\/li><li class='av-share-link av-social-link-whatsapp' ><a target=\"_blank\" aria-label=\"Compartir en Whatsapp\" href='https:\/\/api.whatsapp.com\/send?text=https:\/\/radiorevelacionfm.cl\/?p=2243' aria-hidden='false' data-av_icon='\uf232' data-av_iconfont='entypo-fontello' title='' data-avia-related-tooltip='Compartir en Whatsapp' rel=\"noopener\"><span class='avia_hidden_link_text'>Compartir en Whatsapp<\/span><\/a><\/li><li class='av-share-link av-social-link-linkedin' ><a target=\"_blank\" aria-label=\"Compartir en LinkedIn\" href='https:\/\/linkedin.com\/shareArticle?mini=true&#038;title=Alcalde%20Mart%C3%ADnez%20ante%20nulo%20avance%3A%20%E2%80%9CLlamo%20al%20Seremi%20de%20Vivienda%20a%20dar%20la%20cara%20a%20nuestra%20gente%20del%20CNT%20El%20Calafate-Patag%C3%B3n%E2%80%9D&#038;url=https:\/\/radiorevelacionfm.cl\/?p=2243' aria-hidden='false' data-av_icon='\ue8fc' data-av_iconfont='entypo-fontello' title='' data-avia-related-tooltip='Compartir en LinkedIn' rel=\"noopener\"><span class='avia_hidden_link_text'>Compartir en LinkedIn<\/span><\/a><\/li><li class='av-share-link av-social-link-mail' ><a  aria-label=\"Compartir por correo\" href='mailto:?subject=Alcalde%20Mart%C3%ADnez%20ante%20nulo%20avance%3A%20%E2%80%9CLlamo%20al%20Seremi%20de%20Vivienda%20a%20dar%20la%20cara%20a%20nuestra%20gente%20del%20CNT%20El%20Calafate-Patag%C3%B3n%E2%80%9D&#038;body=https:\/\/radiorevelacionfm.cl\/?p=2243' aria-hidden='false' data-av_icon='\ue805' data-av_iconfont='entypo-fontello' title='' data-avia-related-tooltip='Compartir por correo'><span class='avia_hidden_link_text'>Compartir por correo<\/span><\/a><\/li><\/ul><\/div><\/div>\n<div  style='height:50px' class='hr hr-invisible   avia-builder-el-8  el_after_av_social_share  el_before_av_comments_list '><span class='hr-inner ' ><span class='hr-inner-style'><\/span><\/span><\/div>\n<div  class='av-buildercomment  av-blog-meta-html-info-disabled av-blog-meta-tag-disabled  '><\/div>\n","protected":false},"excerpt":{"rendered":"","protected":false},"author":1,"featured_media":0,"comment_status":"open","ping_status":"open","sticky":false,"template":"","format":"standard","meta":{"footnotes":""},"categories":[57],"tags":[],"class_list":["post-2243","post","type-post","status-publish","format-standard","hentry","category-vivienda"],"jetpack_featured_media_url":"","_links":{"self":[{"href":"https:\/\/radiorevelacionfm.cl\/index.php?rest_route=\/wp\/v2\/posts\/2243","targetHints":{"allow":["GET"]}}],"collection":[{"href":"https:\/\/radiorevelacionfm.cl\/index.php?rest_route=\/wp\/v2\/posts"}],"about":[{"href":"https:\/\/radiorevelacionfm.cl\/index.php?rest_route=\/wp\/v2\/types\/post"}],"author":[{"embeddable":true,"href":"https:\/\/radiorevelacionfm.cl\/index.php?rest_route=\/wp\/v2\/users\/1"}],"replies":[{"embeddable":true,"href":"https:\/\/radiorevelacionfm.cl\/index.php?rest_route=%2Fwp%2Fv2%2Fcomments&post=2243"}],"version-history":[{"count":1,"href":"https:\/\/radiorevelacionfm.cl\/index.php?rest_route=\/wp\/v2\/posts\/2243\/revisions"}],"predecessor-version":[{"id":2244,"href":"https:\/\/radiorevelacionfm.cl\/index.php?rest_route=\/wp\/v2\/posts\/2243\/revisions\/2244"}],"wp:attachment":[{"href":"https:\/\/radiorevelacionfm.cl\/index.php?rest_route=%2Fwp%2Fv2%2Fmedia&parent=2243"}],"wp:term":[{"taxonomy":"category","embeddable":true,"href":"https:\/\/radiorevelacionfm.cl\/index.php?rest_route=%2Fwp%2Fv2%2Fcategories&post=2243"},{"taxonomy":"post_tag","embeddable":true,"href":"https:\/\/radiorevelacionfm.cl\/index.php?rest_route=%2Fwp%2Fv2%2Ftags&post=2243"}],"curies":[{"name":"wp","href":"https:\/\/api.w.org\/{rel}","templated":true}]}}