{"id":22426,"date":"2022-09-30T10:41:05","date_gmt":"2022-09-30T13:41:05","guid":{"rendered":"https:\/\/radiorevelacionfm.cl\/?p=22426"},"modified":"2022-09-30T10:41:05","modified_gmt":"2022-09-30T13:41:05","slug":"siniestro-en-municipalidad-de-rio-ibanez-evidencia-precaria-infraestructura-mientras-espera-financiamiento-para-reposicion-de-edificio-consistorial","status":"publish","type":"post","link":"https:\/\/radiorevelacionfm.cl\/?p=22426","title":{"rendered":"Siniestro en Municipalidad de R\u00edo Ib\u00e1\u00f1ez evidencia precaria infraestructura mientras espera financiamiento para reposici\u00f3n de edificio consistorial"},"content":{"rendered":"<div class=\"flex_column av_one_full  flex_column_div av-zero-column-padding first  avia-builder-el-0  el_before_av_one_full  avia-builder-el-first  \" style='border-radius:0px; '><div  class='avia-image-container  av-styling-    avia-builder-el-1  avia-builder-el-no-sibling  avia-align-center '  itemprop=\"image\" itemscope=\"itemscope\" itemtype=\"https:\/\/schema.org\/ImageObject\"  ><div class='avia-image-container-inner'><div class='avia-image-overlay-wrap'><img decoding=\"async\" class='wp-image-22427 avia-img-lazy-loading-not-22427 avia_image' src=\"https:\/\/radiorevelacionfm.cl\/wp-content\/uploads\/2022\/09\/DSC_0619-1-1.jpg\" alt='' title='DSC_0619 (1) (1)' height=\"600\" width=\"900\"  itemprop=\"thumbnailUrl\" srcset=\"https:\/\/radiorevelacionfm.cl\/wp-content\/uploads\/2022\/09\/DSC_0619-1-1.jpg 900w, https:\/\/radiorevelacionfm.cl\/wp-content\/uploads\/2022\/09\/DSC_0619-1-1-300x200.jpg 300w, https:\/\/radiorevelacionfm.cl\/wp-content\/uploads\/2022\/09\/DSC_0619-1-1-768x512.jpg 768w, https:\/\/radiorevelacionfm.cl\/wp-content\/uploads\/2022\/09\/DSC_0619-1-1-705x470.jpg 705w, https:\/\/radiorevelacionfm.cl\/wp-content\/uploads\/2022\/09\/DSC_0619-1-1-600x400.jpg 600w\" sizes=\"(max-width: 900px) 100vw, 900px\" \/><\/div><\/div><\/div><\/div><div class=\"flex_column av_one_full  flex_column_div av-zero-column-padding first  avia-builder-el-2  el_after_av_one_full  el_before_av_one_full  column-top-margin\" style='border-radius:0px; '><section class=\"av_textblock_section \"  itemscope=\"itemscope\" itemtype=\"https:\/\/schema.org\/BlogPosting\" itemprop=\"blogPost\" ><div class='avia_textblock  '   itemprop=\"text\" ><p style=\"text-align: center;\"><strong><span style=\"font-size: 18pt;\">Siniestro en Municipalidad de R\u00edo Ib\u00e1\u00f1ez evidencia precaria infraestructura mientras espera financiamiento para reposici\u00f3n de edificio consistorial<\/span><\/strong><\/p>\n<div id=\"gtx-trans\" style=\"position: absolute; left: -50px; top: 4.31534px;\">\n<div class=\"gtx-trans-icon\"><\/div>\n<\/div>\n<\/div><\/section><\/div><div class=\"flex_column av_one_full  flex_column_div av-zero-column-padding first  avia-builder-el-4  el_after_av_one_full  el_before_av_hr  column-top-margin\" style='border-radius:0px; '><section class=\"av_textblock_section \"  itemscope=\"itemscope\" itemtype=\"https:\/\/schema.org\/BlogPosting\" itemprop=\"blogPost\" ><div class='avia_textblock  '   itemprop=\"text\" ><p style=\"font-weight: 400; text-align: justify;\">Este jueves 29 de septiembre, la Municipalidad de R\u00edo Ib\u00e1\u00f1ez se vio afectada por un siniestro en una de las principales oficinas del inmueble, incendiando parte del techo del establecimiento.<\/p>\n<p style=\"font-weight: 400; text-align: justify;\">A las 9:30 horas de este jueves, los voluntarios de la quinta compa\u00f1\u00eda de bomberos de R\u00edo Ib\u00e1\u00f1ez acudieron hasta las dependencias municipales para apagar una inflamaci\u00f3n del ducto de una de las estufas, que tuvo origen en la oficina de administraci\u00f3n. El material ligero del inmueble, permite la r\u00e1pida propagaci\u00f3n del fuego, por lo que el actuar r\u00e1pido de los voluntarios fue crucial en el desenlace de esta jornada.<\/p>\n<p style=\"font-weight: 400; text-align: justify;\">Las condiciones del edificio de la Municipalidad de la comuna de R\u00edo Ib\u00e1\u00f1ez representan un \u201criesgo para la salud ocupacional de nuestros funcionarios y tambi\u00e9n un riesgo en la atenci\u00f3n y servicio que nosotros entregamos d\u00eda a d\u00eda a nuestros vecinos\u201d afirma con preocupaci\u00f3n el alcalde de R\u00edo Ib\u00e1\u00f1ez, Marcelo Santana.<\/p>\n<p style=\"font-weight: 400; text-align: justify;\">Juan Saldivia, Capit\u00e1n de la Quinta compa\u00f1\u00eda de Bomberos de R\u00edo Ib\u00e1\u00f1ez y Concejal de R\u00edo Ib\u00e1\u00f1ez, afirma \u201cafortunadamente se pudo controlar la emergencia sin ning\u00fan inconveniente. Esto deja de manifiesto que un edificio p\u00fablico que data de varios a\u00f1os, es propenso a sufrir este tipo de emergencias\u201d.<\/p>\n<p style=\"font-weight: 400; text-align: justify;\">Durante la jornada, los Consejeros Regionales (CORE), Ra\u00fal Rudolphi y Jorge Avello, visitaron el establecimiento municipal para observar en primera persona los efectos del incendio y las condiciones en las que trabajan actualmente los funcionarios municipales.<\/p>\n<p style=\"font-weight: 400; text-align: justify;\">\u201cLa necesidad que tienen al d\u00eda de hoy, de reponer este edificio es urgente. El Alcalde y su Concejo presentaron un proyecto, el cual hace meses est\u00e1 esperando que sea recibido y priorizado por la primera autoridad Regional, la gobernadora Andrea Mac\u00edas, para que sea conocido por parte del Consejo Regional y sea votado favorablemente para su financiamiento\u201d declara el CORE, Ra\u00fal Rudolphi.<\/p>\n<p style=\"font-weight: 400; text-align: justify;\">Jorge Avello, Concejero Regional de Ays\u00e9n, se suma al llamado a las autoridades del Gobierno central \u201cqueremos a partir de esto, alertar e invocar, que se tome la decisi\u00f3n definitiva. El municipio de Ib\u00e1\u00f1ez tiene un proyecto aprobado con todos los permisos necesarios, el RS, para poder ser financiado (\u2026) no queremos que pase algo m\u00e1s grave, en un municipio que su infraestructura no da para m\u00e1s\u201d.<\/p>\n<p style=\"font-weight: 400; text-align: justify;\">Esta visita se suma a la realizada por las CORE Lilian Inostroza, Paula Acu\u00f1a y Paola Rodr\u00edguez, el 10 de septiembre, donde hicieron un recorrido por todo el establecimiento, siendo testigos de las precarias condiciones estructurales en las que se encuentra.\u00a0 En esta instancia, los funcionarios municipales de R\u00edo Ib\u00e1\u00f1ez les entregaron una carta solicitando dar prioridad al proyecto de reposici\u00f3n del edificio consistorial, la misma que recibi\u00f3 la Gobernadora Regional, Andrea Mac\u00edas, el 31 de agosto en Villa Cerro Castillo.<\/p>\n<p style=\"font-weight: 400; text-align: justify;\">El proyecto de reposici\u00f3n del edificio consistorial se encuentra en estado de Recomendaci\u00f3n Favorable (RS) desde principios del 2022, lo que implica que cumple con todos los requisitos t\u00e9cnicos y econ\u00f3micos para poder ser financiado y ejecutado. Esta obra busca entregar mejores condiciones laborales para sus funcionarios y tambi\u00e9n, para la comunidad que se atiende en el establecimiento. Por eso, la solicitud del edil comunal es dar urgencia a la priorizaci\u00f3n del proyecto en la tabla del Gobierno Regional, para que este sea votado y finalmente financiado.<\/p>\n<\/div><\/section><\/div><div  style='height:50px' class='hr hr-invisible   avia-builder-el-6  el_after_av_one_full  el_before_av_social_share '><span class='hr-inner ' ><span class='hr-inner-style'><\/span><\/span><\/div><\/p>\n<div  class='av-social-sharing-box  avia-builder-el-7  el_after_av_hr  el_before_av_hr  '><div class='av-share-box'><h5 class='av-share-link-description av-no-toc '>Compartir esta noticia<\/h5><ul class='av-share-box-list noLightbox'><li class='av-share-link av-social-link-facebook' ><a target=\"_blank\" aria-label=\"Compartir en Facebook\" href='https:\/\/www.facebook.com\/sharer.php?u=https:\/\/radiorevelacionfm.cl\/?p=22426&#038;t=Siniestro%20en%20Municipalidad%20de%20R%C3%ADo%20Ib%C3%A1%C3%B1ez%20evidencia%20precaria%20infraestructura%20mientras%20espera%20financiamiento%20para%20reposici%C3%B3n%20de%20edificio%20consistorial' aria-hidden='false' data-av_icon='\ue8f3' data-av_iconfont='entypo-fontello' title='' data-avia-related-tooltip='Compartir en Facebook' rel=\"noopener\"><span class='avia_hidden_link_text'>Compartir en Facebook<\/span><\/a><\/li><li class='av-share-link av-social-link-twitter' ><a target=\"_blank\" aria-label=\"Compartir en Twitter\" href='https:\/\/twitter.com\/share?text=Siniestro%20en%20Municipalidad%20de%20R%C3%ADo%20Ib%C3%A1%C3%B1ez%20evidencia%20precaria%20infraestructura%20mientras%20espera%20financiamiento%20para%20reposici%C3%B3n%20de%20edificio%20consistorial&#038;url=https:\/\/radiorevelacionfm.cl\/?p=22426' aria-hidden='false' data-av_icon='\ue8f1' data-av_iconfont='entypo-fontello' title='' data-avia-related-tooltip='Compartir en Twitter' rel=\"noopener\"><span class='avia_hidden_link_text'>Compartir en Twitter<\/span><\/a><\/li><li class='av-share-link av-social-link-whatsapp' ><a target=\"_blank\" aria-label=\"Compartir en Whatsapp\" href='https:\/\/api.whatsapp.com\/send?text=https:\/\/radiorevelacionfm.cl\/?p=22426' aria-hidden='false' data-av_icon='\uf232' data-av_iconfont='entypo-fontello' title='' data-avia-related-tooltip='Compartir en Whatsapp' rel=\"noopener\"><span class='avia_hidden_link_text'>Compartir en Whatsapp<\/span><\/a><\/li><li class='av-share-link av-social-link-linkedin' ><a target=\"_blank\" aria-label=\"Compartir en LinkedIn\" href='https:\/\/linkedin.com\/shareArticle?mini=true&#038;title=Siniestro%20en%20Municipalidad%20de%20R%C3%ADo%20Ib%C3%A1%C3%B1ez%20evidencia%20precaria%20infraestructura%20mientras%20espera%20financiamiento%20para%20reposici%C3%B3n%20de%20edificio%20consistorial&#038;url=https:\/\/radiorevelacionfm.cl\/?p=22426' aria-hidden='false' data-av_icon='\ue8fc' data-av_iconfont='entypo-fontello' title='' data-avia-related-tooltip='Compartir en LinkedIn' rel=\"noopener\"><span class='avia_hidden_link_text'>Compartir en LinkedIn<\/span><\/a><\/li><li class='av-share-link av-social-link-mail' ><a  aria-label=\"Compartir por correo\" href='mailto:?subject=Siniestro%20en%20Municipalidad%20de%20R%C3%ADo%20Ib%C3%A1%C3%B1ez%20evidencia%20precaria%20infraestructura%20mientras%20espera%20financiamiento%20para%20reposici%C3%B3n%20de%20edificio%20consistorial&#038;body=https:\/\/radiorevelacionfm.cl\/?p=22426' aria-hidden='false' data-av_icon='\ue805' data-av_iconfont='entypo-fontello' title='' data-avia-related-tooltip='Compartir por correo'><span class='avia_hidden_link_text'>Compartir por correo<\/span><\/a><\/li><\/ul><\/div><\/div>\n<div  style='height:50px' class='hr hr-invisible   avia-builder-el-8  el_after_av_social_share  el_before_av_comments_list '><span class='hr-inner ' ><span class='hr-inner-style'><\/span><\/span><\/div>\n<div  class='av-buildercomment  av-blog-meta-html-info-disabled av-blog-meta-tag-disabled  '><\/div>\n","protected":false},"excerpt":{"rendered":"","protected":false},"author":1,"featured_media":22427,"comment_status":"open","ping_status":"open","sticky":false,"template":"","format":"standard","meta":{"footnotes":""},"categories":[38],"tags":[],"class_list":["post-22426","post","type-post","status-publish","format-standard","has-post-thumbnail","hentry","category-regional"],"jetpack_featured_media_url":"https:\/\/radiorevelacionfm.cl\/wp-content\/uploads\/2022\/09\/DSC_0619-1-1.jpg","_links":{"self":[{"href":"https:\/\/radiorevelacionfm.cl\/index.php?rest_route=\/wp\/v2\/posts\/22426","targetHints":{"allow":["GET"]}}],"collection":[{"href":"https:\/\/radiorevelacionfm.cl\/index.php?rest_route=\/wp\/v2\/posts"}],"about":[{"href":"https:\/\/radiorevelacionfm.cl\/index.php?rest_route=\/wp\/v2\/types\/post"}],"author":[{"embeddable":true,"href":"https:\/\/radiorevelacionfm.cl\/index.php?rest_route=\/wp\/v2\/users\/1"}],"replies":[{"embeddable":true,"href":"https:\/\/radiorevelacionfm.cl\/index.php?rest_route=%2Fwp%2Fv2%2Fcomments&post=22426"}],"version-history":[{"count":2,"href":"https:\/\/radiorevelacionfm.cl\/index.php?rest_route=\/wp\/v2\/posts\/22426\/revisions"}],"predecessor-version":[{"id":22429,"href":"https:\/\/radiorevelacionfm.cl\/index.php?rest_route=\/wp\/v2\/posts\/22426\/revisions\/22429"}],"wp:featuredmedia":[{"embeddable":true,"href":"https:\/\/radiorevelacionfm.cl\/index.php?rest_route=\/wp\/v2\/media\/22427"}],"wp:attachment":[{"href":"https:\/\/radiorevelacionfm.cl\/index.php?rest_route=%2Fwp%2Fv2%2Fmedia&parent=22426"}],"wp:term":[{"taxonomy":"category","embeddable":true,"href":"https:\/\/radiorevelacionfm.cl\/index.php?rest_route=%2Fwp%2Fv2%2Fcategories&post=22426"},{"taxonomy":"post_tag","embeddable":true,"href":"https:\/\/radiorevelacionfm.cl\/index.php?rest_route=%2Fwp%2Fv2%2Ftags&post=22426"}],"curies":[{"name":"wp","href":"https:\/\/api.w.org\/{rel}","templated":true}]}}