{"id":22422,"date":"2022-09-30T10:19:38","date_gmt":"2022-09-30T13:19:38","guid":{"rendered":"https:\/\/radiorevelacionfm.cl\/?p=22422"},"modified":"2022-09-30T10:19:38","modified_gmt":"2022-09-30T13:19:38","slug":"lanzan-libro-sobre-la-vida-secreta-de-los-textiles-bordados-en-la-patagonia","status":"publish","type":"post","link":"https:\/\/radiorevelacionfm.cl\/?p=22422","title":{"rendered":"Lanzan libro sobre la vida secreta de los textiles bordados en la Patagonia"},"content":{"rendered":"<div class=\"flex_column av_one_full  flex_column_div av-zero-column-padding first  avia-builder-el-0  el_before_av_one_full  avia-builder-el-first  \" style='border-radius:0px; '><div  class='avia-image-container  av-styling-    avia-builder-el-1  avia-builder-el-no-sibling  avia-align-center '  itemprop=\"image\" itemscope=\"itemscope\" itemtype=\"https:\/\/schema.org\/ImageObject\"  ><div class='avia-image-container-inner'><div class='avia-image-overlay-wrap'><img decoding=\"async\" class='wp-image-22423 avia-img-lazy-loading-not-22423 avia_image' src=\"https:\/\/radiorevelacionfm.cl\/wp-content\/uploads\/2022\/09\/Bordados-Baker-1-1.jpg\" alt='' title='Bordados Baker (1) (1)' height=\"600\" width=\"751\"  itemprop=\"thumbnailUrl\" srcset=\"https:\/\/radiorevelacionfm.cl\/wp-content\/uploads\/2022\/09\/Bordados-Baker-1-1.jpg 751w, https:\/\/radiorevelacionfm.cl\/wp-content\/uploads\/2022\/09\/Bordados-Baker-1-1-300x240.jpg 300w, https:\/\/radiorevelacionfm.cl\/wp-content\/uploads\/2022\/09\/Bordados-Baker-1-1-705x563.jpg 705w, https:\/\/radiorevelacionfm.cl\/wp-content\/uploads\/2022\/09\/Bordados-Baker-1-1-600x479.jpg 600w\" sizes=\"(max-width: 751px) 100vw, 751px\" \/><\/div><\/div><\/div><\/div><div class=\"flex_column av_one_full  flex_column_div av-zero-column-padding first  avia-builder-el-2  el_after_av_one_full  el_before_av_one_full  column-top-margin\" style='border-radius:0px; '><section class=\"av_textblock_section \"  itemscope=\"itemscope\" itemtype=\"https:\/\/schema.org\/BlogPosting\" itemprop=\"blogPost\" ><div class='avia_textblock  '   itemprop=\"text\" ><p style=\"text-align: center;\"><strong><span style=\"font-size: 18pt;\">Lanzan libro sobre la vida secreta de los textiles bordados en la Patagonia<\/span><\/strong><\/p>\n<div id=\"gtx-trans\" style=\"position: absolute; left: -50px; top: 4.31534px;\">\n<div class=\"gtx-trans-icon\"><\/div>\n<\/div>\n<\/div><\/section><\/div><div class=\"flex_column av_one_full  flex_column_div av-zero-column-padding first  avia-builder-el-4  el_after_av_one_full  el_before_av_hr  column-top-margin\" style='border-radius:0px; '><section class=\"av_textblock_section \"  itemscope=\"itemscope\" itemtype=\"https:\/\/schema.org\/BlogPosting\" itemprop=\"blogPost\" ><div class='avia_textblock  '   itemprop=\"text\" ><p dir=\"ltr\" style=\"text-align: justify;\">M\u00e1s de 100 piezas forman parte del libro digital \u201cBordados con Historia: Relatos de Artefactos Textiles en la Cuenca del Baker\u201d, escrito por la historiadora y periodista, Catalina Camus, y la dise\u00f1adora textil, Francisca Vidal, buscando aportar en el conocimiento y difusi\u00f3n de un oficio textil que se preserva con fuerza en la comunidad de Cochrane. Un proyecto de investigaci\u00f3n financiado por el Fondo Nacional de Desarrollo Cultura y las Artes, Convocatoria 2020.<\/p>\n<p dir=\"ltr\" style=\"text-align: justify;\">\u201cBordados con Historia: Relatos de Artefactos Textiles en la Cuenca del Baker\u201d es una invitaci\u00f3n a viajar por los confines rurales de la regi\u00f3n de Ays\u00e9n. Rumbo a Cochrane, donde el amor por los hilos y las agujas se volvi\u00f3 tradici\u00f3n. Entre abuelas, madres, hermanas, hijas y vecinas han ido compartiendo saberes y t\u00e9cnicas de un oficio textil que hasta hace unos a\u00f1os parec\u00eda casi olvidado en la Patagonia.<\/p>\n<p dir=\"ltr\" style=\"text-align: justify;\">Ellas, las Bordadoras del Baker, suelen dar vida a artefactos textiles utilizados para decorar el hogar, para adornar la tradicional vestimenta gaucha y, desde hace un tiempo, tambi\u00e9n para ellas mismas. Creaciones que, durante la segunda mitad del siglo XX nac\u00edan de los materiales que tra\u00edan a caballo desde Argentina o de los que ten\u00edan \u201ca mano\u201d en el campo. As\u00ed, con sabidur\u00eda e ingenio, convert\u00edan el cuero de choike (\u00f1and\u00fa) en elegantes tabaqueras o reciclaban sacos de harina para bordar delicados pa\u00f1os y manteles con dise\u00f1os de las flores de sus jardines.<\/p>\n<p dir=\"ltr\" style=\"text-align: justify;\">\u00bfQu\u00e9 emociones est\u00e1n grabadas en sus textiles? \u00bfPara qui\u00e9nes fueron bordados? \u00bfEn qu\u00e9 \u00e9poca se sit\u00faan? \u00bfDe d\u00f3nde viene ese amor profundo por bordar flores? Estas interrogantes permitieron adentrarse en la voz silenciosa de las piezas bordadas y dar vida a este libro digital, tras un proceso de investigaci\u00f3n, escritura y dise\u00f1o que se extendi\u00f3 por 30 meses. Este trabajo fue liderado por Catalina Camus y Francisca Vidal, junto al fot\u00f3grafo Marcelo Mascare\u00f1o y con la participaci\u00f3n especial de 24 bordadoras, desde las m\u00e1s j\u00f3venes exponentes hasta la maestra bordadora, Elo\u00edsa Escobar Montecino.<\/p>\n<p dir=\"ltr\" style=\"text-align: justify;\">\u201cNuestra investigaci\u00f3n es una invitaci\u00f3n a conectarse emocionalmente con los artefactos textiles recopilados en este libro, que en sus fibras y coloridas puntadas contienen las historias de vida de las bordadoras del Baker. Los relatos de estas p\u00e1ginas intentan traducir la experiencia de recorrer m\u00e1s de 1.000 km en b\u00fasqueda de historias hechas textiles, paisajes y sensaciones de calidez de hogar, las cuales solo fueron posibles de recoger gracias a la hospitalidad de cada artesana, quienes generosamente compartieron sus experiencias en la intimidad de sus casas patagonas. Manos diestras que hacen y deshacen puntos heredados inspirados en las flores y tonalidades de sus propios jardines podr\u00e1n ser apreciados en este libro, recorriendo en su lectura una Patagonia diferente, de hilos de colores y voces femeninas\u201d, se\u00f1ala la dise\u00f1adora de objetos, Francisca Vidal Vergara, quien se encuentra realizando un doctorado en dise\u00f1o en la Royal College of Art, en Londres, Inglaterra.<\/p>\n<p dir=\"ltr\" style=\"text-align: justify;\">Una colorida tabaquera bordada en cuero de \u00f1and\u00fa (choike) con la ilusi\u00f3n de ser entregada a quien se convirtiera en el amor de su vida. Una colecci\u00f3n de servilletas de g\u00e9nero que una de las bordadoras le dedic\u00f3 a su madre, quien acostumbraba a servir el mate dulce con esta delicada pieza bordada. Un cuadro textil de la escuelita del lago Vargas, construida por el padre de tres hermanas bordadoras para que ellas no tuvieran que dejar el campo por irse a estudiar a Cochrane. Son algunos de los cap\u00edtulos de este libro, que ya se encuentra disponible para ser le\u00eddo en forma online.<\/p>\n<p dir=\"ltr\" style=\"text-align: justify;\">Para poder encontrar los artefactos bordados que protagonizan el libro, comenta Catalina Camus Campod\u00f3nico, esta investigaci\u00f3n fue desarrollada en colaboraci\u00f3n con la comunidad de Cochrane. \u201cA\u00fan cuando ten\u00edamos un primer catastro de textiles tras la realizaci\u00f3n del documental \u201cBordadoras del Baker\u201d que hicimos el a\u00f1o 2019, en el transcurso de este nuevo proyecto, levantamos una campa\u00f1a participativa llamada \u201cSe buscan bordados con historia\u201d. De esta manera, logramos que muchas familias nos fueran compartiendo fotograf\u00edas y datos de los bordados que conservan en sus casas. As\u00ed, la investigaci\u00f3n fue creciendo y lo m\u00e1s importante es que finalmente esta iniciativa se tradujo en un aporte en la valoraci\u00f3n de este oficio textil por parte de la propia comunidad local y regional\u201d, agrega la historiadora y periodista radicada en Ays\u00e9n y quien lleva cinco a\u00f1os trabajando con esta comunidad de bordadoras.<\/p>\n<p dir=\"ltr\" style=\"text-align: justify;\"><strong>Estrenos en Cochrane y Coyhaique<\/strong><\/p>\n<p dir=\"ltr\" style=\"text-align: justify;\">Hace algunas semanas, el libro fue estrenado con las propias bordadoras, sus familias y toda la comunidad de Cochrane, en una actividad de gran convocatoria en el Museo Municipal de la misma localidad. Posteriormente, se realiz\u00f3 un lanzamiento abierto a toda la comunidad coyhaiquina en el Museo Regional de Ays\u00e9n y donde fue presentado por el director de esta instituci\u00f3n.<\/p>\n<p dir=\"ltr\" style=\"text-align: justify;\">\u201cSolo me nace agradecer este libro, este trabajo, esta dedicaci\u00f3n\u2026 que con una redacci\u00f3n amable y respetuosa dignifica el trabajo de mujeres ayseninas, que all\u00e1 por el Baker han sabido hacer que este paisaje se transforme en territorio, conviviendo con los \u201chondos silencios patag\u00f3nicos\u201d que mencionaba Sep\u00falveda Llanos y habitando estos rudos ecosistemas. Hay tres palabras que al leer siempre estuvieron presentes: silencio, intimidad y complicidad, y creo que han sabido, con estos tres ingredientes, conseguir un relato que nos muestra que la po\u00e9tica puede ser un espacio habitable\u201d, fueron las palabras de Gustavo Saldivia, Director del Museo Regional de Ays\u00e9n, durante la presentaci\u00f3n.<\/p>\n<p dir=\"ltr\" style=\"text-align: justify;\">Actualmente, el libro est\u00e1 disponible a trav\u00e9s de las redes sociales de las Bordadoras del Baker y pr\u00f3ximamente se realizar\u00e1n las gestiones con Memoria Chilena para ser alojado en esta plataforma de educaci\u00f3n patrimonial.<\/p>\n<\/div><\/section><\/div><div  style='height:50px' class='hr hr-invisible   avia-builder-el-6  el_after_av_one_full  el_before_av_social_share '><span class='hr-inner ' ><span class='hr-inner-style'><\/span><\/span><\/div><\/p>\n<div  class='av-social-sharing-box  avia-builder-el-7  el_after_av_hr  el_before_av_hr  '><div class='av-share-box'><h5 class='av-share-link-description av-no-toc '>Compartir esta noticia<\/h5><ul class='av-share-box-list noLightbox'><li class='av-share-link av-social-link-facebook' ><a target=\"_blank\" aria-label=\"Compartir en Facebook\" href='https:\/\/www.facebook.com\/sharer.php?u=https:\/\/radiorevelacionfm.cl\/?p=22422&#038;t=Lanzan%20libro%20sobre%20la%20vida%20secreta%20de%20los%20textiles%20bordados%20en%20la%20Patagonia' aria-hidden='false' data-av_icon='\ue8f3' data-av_iconfont='entypo-fontello' title='' data-avia-related-tooltip='Compartir en Facebook' rel=\"noopener\"><span class='avia_hidden_link_text'>Compartir en Facebook<\/span><\/a><\/li><li class='av-share-link av-social-link-twitter' ><a target=\"_blank\" aria-label=\"Compartir en Twitter\" href='https:\/\/twitter.com\/share?text=Lanzan%20libro%20sobre%20la%20vida%20secreta%20de%20los%20textiles%20bordados%20en%20la%20Patagonia&#038;url=https:\/\/radiorevelacionfm.cl\/?p=22422' aria-hidden='false' data-av_icon='\ue8f1' data-av_iconfont='entypo-fontello' title='' data-avia-related-tooltip='Compartir en Twitter' rel=\"noopener\"><span class='avia_hidden_link_text'>Compartir en Twitter<\/span><\/a><\/li><li class='av-share-link av-social-link-whatsapp' ><a target=\"_blank\" aria-label=\"Compartir en Whatsapp\" href='https:\/\/api.whatsapp.com\/send?text=https:\/\/radiorevelacionfm.cl\/?p=22422' aria-hidden='false' data-av_icon='\uf232' data-av_iconfont='entypo-fontello' title='' data-avia-related-tooltip='Compartir en Whatsapp' rel=\"noopener\"><span class='avia_hidden_link_text'>Compartir en Whatsapp<\/span><\/a><\/li><li class='av-share-link av-social-link-linkedin' ><a target=\"_blank\" aria-label=\"Compartir en LinkedIn\" href='https:\/\/linkedin.com\/shareArticle?mini=true&#038;title=Lanzan%20libro%20sobre%20la%20vida%20secreta%20de%20los%20textiles%20bordados%20en%20la%20Patagonia&#038;url=https:\/\/radiorevelacionfm.cl\/?p=22422' aria-hidden='false' data-av_icon='\ue8fc' data-av_iconfont='entypo-fontello' title='' data-avia-related-tooltip='Compartir en LinkedIn' rel=\"noopener\"><span class='avia_hidden_link_text'>Compartir en LinkedIn<\/span><\/a><\/li><li class='av-share-link av-social-link-mail' ><a  aria-label=\"Compartir por correo\" href='mailto:?subject=Lanzan%20libro%20sobre%20la%20vida%20secreta%20de%20los%20textiles%20bordados%20en%20la%20Patagonia&#038;body=https:\/\/radiorevelacionfm.cl\/?p=22422' aria-hidden='false' data-av_icon='\ue805' data-av_iconfont='entypo-fontello' title='' data-avia-related-tooltip='Compartir por correo'><span class='avia_hidden_link_text'>Compartir por correo<\/span><\/a><\/li><\/ul><\/div><\/div>\n<div  style='height:50px' class='hr hr-invisible   avia-builder-el-8  el_after_av_social_share  el_before_av_comments_list '><span class='hr-inner ' ><span class='hr-inner-style'><\/span><\/span><\/div>\n<div  class='av-buildercomment  av-blog-meta-html-info-disabled av-blog-meta-tag-disabled  '><\/div>\n","protected":false},"excerpt":{"rendered":"","protected":false},"author":1,"featured_media":22423,"comment_status":"open","ping_status":"open","sticky":false,"template":"","format":"standard","meta":{"footnotes":""},"categories":[52],"tags":[],"class_list":["post-22422","post","type-post","status-publish","format-standard","has-post-thumbnail","hentry","category-cultura"],"jetpack_featured_media_url":"https:\/\/radiorevelacionfm.cl\/wp-content\/uploads\/2022\/09\/Bordados-Baker-1-1.jpg","_links":{"self":[{"href":"https:\/\/radiorevelacionfm.cl\/index.php?rest_route=\/wp\/v2\/posts\/22422","targetHints":{"allow":["GET"]}}],"collection":[{"href":"https:\/\/radiorevelacionfm.cl\/index.php?rest_route=\/wp\/v2\/posts"}],"about":[{"href":"https:\/\/radiorevelacionfm.cl\/index.php?rest_route=\/wp\/v2\/types\/post"}],"author":[{"embeddable":true,"href":"https:\/\/radiorevelacionfm.cl\/index.php?rest_route=\/wp\/v2\/users\/1"}],"replies":[{"embeddable":true,"href":"https:\/\/radiorevelacionfm.cl\/index.php?rest_route=%2Fwp%2Fv2%2Fcomments&post=22422"}],"version-history":[{"count":2,"href":"https:\/\/radiorevelacionfm.cl\/index.php?rest_route=\/wp\/v2\/posts\/22422\/revisions"}],"predecessor-version":[{"id":22425,"href":"https:\/\/radiorevelacionfm.cl\/index.php?rest_route=\/wp\/v2\/posts\/22422\/revisions\/22425"}],"wp:featuredmedia":[{"embeddable":true,"href":"https:\/\/radiorevelacionfm.cl\/index.php?rest_route=\/wp\/v2\/media\/22423"}],"wp:attachment":[{"href":"https:\/\/radiorevelacionfm.cl\/index.php?rest_route=%2Fwp%2Fv2%2Fmedia&parent=22422"}],"wp:term":[{"taxonomy":"category","embeddable":true,"href":"https:\/\/radiorevelacionfm.cl\/index.php?rest_route=%2Fwp%2Fv2%2Fcategories&post=22422"},{"taxonomy":"post_tag","embeddable":true,"href":"https:\/\/radiorevelacionfm.cl\/index.php?rest_route=%2Fwp%2Fv2%2Ftags&post=22422"}],"curies":[{"name":"wp","href":"https:\/\/api.w.org\/{rel}","templated":true}]}}