{"id":22408,"date":"2022-09-29T20:10:35","date_gmt":"2022-09-29T23:10:35","guid":{"rendered":"https:\/\/radiorevelacionfm.cl\/?p=22408"},"modified":"2022-09-29T20:10:35","modified_gmt":"2022-09-29T23:10:35","slug":"destacan-aprobacion-del-proyecto-de-ley-que-regula-los-biocombustibles-solidos","status":"publish","type":"post","link":"https:\/\/radiorevelacionfm.cl\/?p=22408","title":{"rendered":"Destacan aprobaci\u00f3n del proyecto de ley que regula los Biocombustibles S\u00f3lidos"},"content":{"rendered":"<div class=\"flex_column av_one_full  flex_column_div av-zero-column-padding first  avia-builder-el-0  el_before_av_one_full  avia-builder-el-first  \" style='border-radius:0px; '><div  class='avia-image-container  av-styling-    avia-builder-el-1  avia-builder-el-no-sibling  avia-align-center '  itemprop=\"image\" itemscope=\"itemscope\" itemtype=\"https:\/\/schema.org\/ImageObject\"  ><div class='avia-image-container-inner'><div class='avia-image-overlay-wrap'><img decoding=\"async\" class='wp-image-22409 avia-img-lazy-loading-not-22409 avia_image' src=\"https:\/\/radiorevelacionfm.cl\/wp-content\/uploads\/2022\/09\/image-97_optimized-1.jpg\" alt='' title='image-(97)_optimized (1)' height=\"600\" width=\"837\"  itemprop=\"thumbnailUrl\" srcset=\"https:\/\/radiorevelacionfm.cl\/wp-content\/uploads\/2022\/09\/image-97_optimized-1.jpg 837w, https:\/\/radiorevelacionfm.cl\/wp-content\/uploads\/2022\/09\/image-97_optimized-1-300x215.jpg 300w, https:\/\/radiorevelacionfm.cl\/wp-content\/uploads\/2022\/09\/image-97_optimized-1-768x551.jpg 768w, https:\/\/radiorevelacionfm.cl\/wp-content\/uploads\/2022\/09\/image-97_optimized-1-260x185.jpg 260w, https:\/\/radiorevelacionfm.cl\/wp-content\/uploads\/2022\/09\/image-97_optimized-1-705x505.jpg 705w, https:\/\/radiorevelacionfm.cl\/wp-content\/uploads\/2022\/09\/image-97_optimized-1-600x430.jpg 600w\" sizes=\"(max-width: 837px) 100vw, 837px\" \/><\/div><\/div><\/div><\/div><div class=\"flex_column av_one_full  flex_column_div av-zero-column-padding first  avia-builder-el-2  el_after_av_one_full  el_before_av_one_full  column-top-margin\" style='border-radius:0px; '><section class=\"av_textblock_section \"  itemscope=\"itemscope\" itemtype=\"https:\/\/schema.org\/BlogPosting\" itemprop=\"blogPost\" ><div class='avia_textblock  '   itemprop=\"text\" ><p style=\"text-align: center;\"><strong><span style=\"font-size: 18pt;\">Destacan aprobaci\u00f3n del proyecto de ley que regula los Biocombustibles S\u00f3lidos <\/span><\/strong><\/p>\n<div id=\"gtx-trans\" style=\"position: absolute; left: -50px; top: 4.31534px;\">\n<div class=\"gtx-trans-icon\"><\/div>\n<\/div>\n<\/div><\/section><\/div><div class=\"flex_column av_one_full  flex_column_div av-zero-column-padding first  avia-builder-el-4  el_after_av_one_full  el_before_av_hr  column-top-margin\" style='border-radius:0px; '><section class=\"av_textblock_section \"  itemscope=\"itemscope\" itemtype=\"https:\/\/schema.org\/BlogPosting\" itemprop=\"blogPost\" ><div class='avia_textblock  '   itemprop=\"text\" ><p style=\"text-align: justify;\">El Seremi de Energ\u00eda de Ays\u00e9n Carlos D\u00edaz, destac\u00f3 la aprobaci\u00f3n en el Senado de la Ley de Biocombustibles S\u00f3lidos, impulsada por el Ministerio de Energ\u00eda, donde participaron diversos actores para establecer un marco regulatorio para el mercado de la le\u00f1a y otros biocombustibles s\u00f3lidos (BCS).<\/p>\n<p style=\"text-align: justify;\">La iniciativa tiene como objetivo definir est\u00e1ndares de calidad para los biocombustibles s\u00f3lidos que se comercializan en la zona centro y sur de Chile, y as\u00ed contribuir a mejorar las condiciones del aire y resguardar la seguridad y salud de las personas en las zonas donde se usa este tipo de combustibles. Tambi\u00e9n propone avanzar en un mercado formal y transparente que permita generar empleos y mejorar la competitividad de las empresas del rubro.<\/p>\n<p style=\"text-align: justify;\">Al respecto el Ministro de Energ\u00eda, Diego\u00a0Pardow, dijo que\u00a0 \u201cquiero destacar el trabajo colaborativo que hemos hecho con el Poder Legislativo, en particular con la c\u00e1mara de Diputados. Este es un proyecto que empez\u00f3 por moci\u00f3n de los diputados <a href=\"https:\/\/www.google.com\/search?rlz=1C5CHFA_enCL893CL893&amp;sxsrf=ALiCzsYLpgNmEPqjqm3zDUZG7g8H-GvZVQ:1664452849853&amp;q=Harry+J%C3%BCrgensen&amp;spell=1&amp;sa=X&amp;ved=2ahUKEwiWmPGG-rn6AhUFq5UCHTYMDMQQBSgAegQIAhA7\">Harry\u00a0J\u00fcrgensen<\/a> y Marcos Ilabaca que nos acompa\u00f1an.\u00a0Este es un paso muy importante para avanzar hacia una transici\u00f3n ecol\u00f3gica\u201d.<\/p>\n<p style=\"text-align: justify;\">Por su parte el Seremi D\u00edaz destac\u00f3 que \u201cesta iniciativa jur\u00eddica es de gran importancia para nuestra regi\u00f3n donde la mayor\u00eda de los hogares utilizan sistemas de calefacci\u00f3n en base a \u00a0biocombustibles. En ese sentido, la nueva ley nos permitir\u00e1 establecer requisitos y condiciones para la producci\u00f3n, transporte, comercializaci\u00f3n y consumo de biocombustibles s\u00f3lidos en nuestro pa\u00eds, con el fin de proveer energ\u00eda t\u00e9rmica de forma eficiente, limpia y segura; y reducir as\u00ed las emisiones contaminantes derivadas de su combusti\u00f3n\u201d.<\/p>\n<p style=\"text-align: justify;\">La autoridad regional de Energ\u00eda recalc\u00f3 que \u201ces importante destacar que esta transici\u00f3n energ\u00e9tica se desarrollar\u00e1 de forma gradual, progresiva y con participaci\u00f3n ciudadana, puesto que es parte de la cultura de nuestra regi\u00f3n. Adem\u00e1s, impulsaremos la expansi\u00f3n del mercado formal de le\u00f1a a trav\u00e9s de herramientas de fomento y acciones de acompa\u00f1amiento t\u00e9cnico a productores y comerciantes de la regi\u00f3n de Ays\u00e9n\u201d.<\/p>\n<p style=\"text-align: justify;\">La nueva norma define especificaciones t\u00e9cnicas m\u00ednimas de calidad para la comercializaci\u00f3n de los BCS y se crear\u00e1n registros obligatorios para los productores y comercializadores de este tipo de combustibles. Esto \u00faltimo obligar\u00e1 a los productores de le\u00f1a a contar con un sello de calidad para verificar que los productos comercializados est\u00e9n certificados bajo la nueva normativa.<\/p>\n<p style=\"text-align: justify;\">Adem\u00e1s, proh\u00edbe la comercializaci\u00f3n de BCS que no provengan de un centro procesamiento de biomasa certificado o de un comercializador\u00a0inscrito en los debidos registros y entrega la responsabilidad de fiscalizaci\u00f3n de la producci\u00f3n de este insumo a la Superintendencia de Electricidad y Combustibles.<\/p>\n<p style=\"text-align: justify;\">Cabe se\u00f1alar, que se elaborar\u00e1 un Plan Nacional para la Modernizaci\u00f3n del Mercado de los Biocombustibles S\u00f3lidos. Dicho instrumento ser\u00e1 impulsado por el Ministerio de Energ\u00eda en colaboraci\u00f3n con el Ministerio de Agricultura y las instituciones y organismos que tengan competencia normativa de fiscalizaci\u00f3n o ejecuci\u00f3n en materias que inciden en este mercado.<\/p>\n<\/div><\/section><\/div><div  style='height:50px' class='hr hr-invisible   avia-builder-el-6  el_after_av_one_full  el_before_av_social_share '><span class='hr-inner ' ><span class='hr-inner-style'><\/span><\/span><\/div><\/p>\n<div  class='av-social-sharing-box  avia-builder-el-7  el_after_av_hr  el_before_av_hr  '><div class='av-share-box'><h5 class='av-share-link-description av-no-toc '>Compartir esta noticia<\/h5><ul class='av-share-box-list noLightbox'><li class='av-share-link av-social-link-facebook' ><a target=\"_blank\" aria-label=\"Compartir en Facebook\" href='https:\/\/www.facebook.com\/sharer.php?u=https:\/\/radiorevelacionfm.cl\/?p=22408&#038;t=Destacan%20aprobaci%C3%B3n%20del%20proyecto%20de%20ley%20que%20regula%20los%20Biocombustibles%20S%C3%B3lidos' aria-hidden='false' data-av_icon='\ue8f3' data-av_iconfont='entypo-fontello' title='' data-avia-related-tooltip='Compartir en Facebook' rel=\"noopener\"><span class='avia_hidden_link_text'>Compartir en Facebook<\/span><\/a><\/li><li class='av-share-link av-social-link-twitter' ><a target=\"_blank\" aria-label=\"Compartir en Twitter\" href='https:\/\/twitter.com\/share?text=Destacan%20aprobaci%C3%B3n%20del%20proyecto%20de%20ley%20que%20regula%20los%20Biocombustibles%20S%C3%B3lidos&#038;url=https:\/\/radiorevelacionfm.cl\/?p=22408' aria-hidden='false' data-av_icon='\ue8f1' data-av_iconfont='entypo-fontello' title='' data-avia-related-tooltip='Compartir en Twitter' rel=\"noopener\"><span class='avia_hidden_link_text'>Compartir en Twitter<\/span><\/a><\/li><li class='av-share-link av-social-link-whatsapp' ><a target=\"_blank\" aria-label=\"Compartir en Whatsapp\" href='https:\/\/api.whatsapp.com\/send?text=https:\/\/radiorevelacionfm.cl\/?p=22408' aria-hidden='false' data-av_icon='\uf232' data-av_iconfont='entypo-fontello' title='' data-avia-related-tooltip='Compartir en Whatsapp' rel=\"noopener\"><span class='avia_hidden_link_text'>Compartir en Whatsapp<\/span><\/a><\/li><li class='av-share-link av-social-link-linkedin' ><a target=\"_blank\" aria-label=\"Compartir en LinkedIn\" href='https:\/\/linkedin.com\/shareArticle?mini=true&#038;title=Destacan%20aprobaci%C3%B3n%20del%20proyecto%20de%20ley%20que%20regula%20los%20Biocombustibles%20S%C3%B3lidos&#038;url=https:\/\/radiorevelacionfm.cl\/?p=22408' aria-hidden='false' data-av_icon='\ue8fc' data-av_iconfont='entypo-fontello' title='' data-avia-related-tooltip='Compartir en LinkedIn' rel=\"noopener\"><span class='avia_hidden_link_text'>Compartir en LinkedIn<\/span><\/a><\/li><li class='av-share-link av-social-link-mail' ><a  aria-label=\"Compartir por correo\" href='mailto:?subject=Destacan%20aprobaci%C3%B3n%20del%20proyecto%20de%20ley%20que%20regula%20los%20Biocombustibles%20S%C3%B3lidos&#038;body=https:\/\/radiorevelacionfm.cl\/?p=22408' aria-hidden='false' data-av_icon='\ue805' data-av_iconfont='entypo-fontello' title='' data-avia-related-tooltip='Compartir por correo'><span class='avia_hidden_link_text'>Compartir por correo<\/span><\/a><\/li><\/ul><\/div><\/div>\n<div  style='height:50px' class='hr hr-invisible   avia-builder-el-8  el_after_av_social_share  el_before_av_comments_list '><span class='hr-inner ' ><span class='hr-inner-style'><\/span><\/span><\/div>\n<div  class='av-buildercomment  av-blog-meta-html-info-disabled av-blog-meta-tag-disabled  '><\/div>\n","protected":false},"excerpt":{"rendered":"","protected":false},"author":1,"featured_media":22409,"comment_status":"open","ping_status":"open","sticky":false,"template":"","format":"standard","meta":{"footnotes":""},"categories":[38],"tags":[],"class_list":["post-22408","post","type-post","status-publish","format-standard","has-post-thumbnail","hentry","category-regional"],"jetpack_featured_media_url":"https:\/\/radiorevelacionfm.cl\/wp-content\/uploads\/2022\/09\/image-97_optimized-1.jpg","_links":{"self":[{"href":"https:\/\/radiorevelacionfm.cl\/index.php?rest_route=\/wp\/v2\/posts\/22408","targetHints":{"allow":["GET"]}}],"collection":[{"href":"https:\/\/radiorevelacionfm.cl\/index.php?rest_route=\/wp\/v2\/posts"}],"about":[{"href":"https:\/\/radiorevelacionfm.cl\/index.php?rest_route=\/wp\/v2\/types\/post"}],"author":[{"embeddable":true,"href":"https:\/\/radiorevelacionfm.cl\/index.php?rest_route=\/wp\/v2\/users\/1"}],"replies":[{"embeddable":true,"href":"https:\/\/radiorevelacionfm.cl\/index.php?rest_route=%2Fwp%2Fv2%2Fcomments&post=22408"}],"version-history":[{"count":2,"href":"https:\/\/radiorevelacionfm.cl\/index.php?rest_route=\/wp\/v2\/posts\/22408\/revisions"}],"predecessor-version":[{"id":22413,"href":"https:\/\/radiorevelacionfm.cl\/index.php?rest_route=\/wp\/v2\/posts\/22408\/revisions\/22413"}],"wp:featuredmedia":[{"embeddable":true,"href":"https:\/\/radiorevelacionfm.cl\/index.php?rest_route=\/wp\/v2\/media\/22409"}],"wp:attachment":[{"href":"https:\/\/radiorevelacionfm.cl\/index.php?rest_route=%2Fwp%2Fv2%2Fmedia&parent=22408"}],"wp:term":[{"taxonomy":"category","embeddable":true,"href":"https:\/\/radiorevelacionfm.cl\/index.php?rest_route=%2Fwp%2Fv2%2Fcategories&post=22408"},{"taxonomy":"post_tag","embeddable":true,"href":"https:\/\/radiorevelacionfm.cl\/index.php?rest_route=%2Fwp%2Fv2%2Ftags&post=22408"}],"curies":[{"name":"wp","href":"https:\/\/api.w.org\/{rel}","templated":true}]}}