{"id":22405,"date":"2022-09-30T12:52:26","date_gmt":"2022-09-30T15:52:26","guid":{"rendered":"https:\/\/radiorevelacionfm.cl\/?p=22405"},"modified":"2022-09-30T12:52:26","modified_gmt":"2022-09-30T15:52:26","slug":"sence-aysen-realizo-sesion-de-cierre-del-1er-consejo-de-la-sociedad-civil-institucional-y-abre-nuevo-llamado","status":"publish","type":"post","link":"https:\/\/radiorevelacionfm.cl\/?p=22405","title":{"rendered":"Sence Ays\u00e9n realiz\u00f3 sesi\u00f3n de cierre del 1er Consejo de la Sociedad Civil institucional y abre nuevo llamado"},"content":{"rendered":"<div class=\"flex_column av_one_full  flex_column_div av-zero-column-padding first  avia-builder-el-0  el_before_av_one_full  avia-builder-el-first  \" style='border-radius:0px; '><div  class='avia-image-container  av-styling-    avia-builder-el-1  avia-builder-el-no-sibling  avia-align-center '  itemprop=\"image\" itemscope=\"itemscope\" itemtype=\"https:\/\/schema.org\/ImageObject\"  ><div class='avia-image-container-inner'><div class='avia-image-overlay-wrap'><img decoding=\"async\" class='wp-image-22406 avia-img-lazy-loading-not-22406 avia_image' src=\"https:\/\/radiorevelacionfm.cl\/wp-content\/uploads\/2022\/09\/COSOC-1-1-1.jpeg\" alt='' title='COSOC 1 (1) (1)' height=\"600\" width=\"901\"  itemprop=\"thumbnailUrl\" srcset=\"https:\/\/radiorevelacionfm.cl\/wp-content\/uploads\/2022\/09\/COSOC-1-1-1.jpeg 901w, https:\/\/radiorevelacionfm.cl\/wp-content\/uploads\/2022\/09\/COSOC-1-1-1-300x200.jpeg 300w, https:\/\/radiorevelacionfm.cl\/wp-content\/uploads\/2022\/09\/COSOC-1-1-1-768x511.jpeg 768w, https:\/\/radiorevelacionfm.cl\/wp-content\/uploads\/2022\/09\/COSOC-1-1-1-705x469.jpeg 705w, https:\/\/radiorevelacionfm.cl\/wp-content\/uploads\/2022\/09\/COSOC-1-1-1-600x400.jpeg 600w\" sizes=\"(max-width: 901px) 100vw, 901px\" \/><\/div><\/div><\/div><\/div><div class=\"flex_column av_one_full  flex_column_div av-zero-column-padding first  avia-builder-el-2  el_after_av_one_full  el_before_av_one_full  column-top-margin\" style='border-radius:0px; '><section class=\"av_textblock_section \"  itemscope=\"itemscope\" itemtype=\"https:\/\/schema.org\/BlogPosting\" itemprop=\"blogPost\" ><div class='avia_textblock  '   itemprop=\"text\" ><p style=\"text-align: center;\"><span style=\"font-size: 18pt;\"><strong>Sence Ays\u00e9n realiz\u00f3 sesi\u00f3n de cierre del 1er Consejo de la Sociedad Civil institucional y abre nuevo llamado\u00a0<\/strong><\/span><\/p>\n<div id=\"gtx-trans\" style=\"position: absolute; left: -50px; top: 4.31534px;\">\n<div class=\"gtx-trans-icon\"><\/div>\n<\/div>\n<\/div><\/section><\/div><div class=\"flex_column av_one_full  flex_column_div av-zero-column-padding first  avia-builder-el-4  el_after_av_one_full  el_before_av_hr  column-top-margin\" style='border-radius:0px; '><section class=\"av_textblock_section \"  itemscope=\"itemscope\" itemtype=\"https:\/\/schema.org\/BlogPosting\" itemprop=\"blogPost\" ><div class='avia_textblock  '   itemprop=\"text\" ><p style=\"text-align: justify;\">Con la presencia del Seremi del Trabajo y Previsi\u00f3n Social de Ays\u00e9n, Rodrigo D\u00edaz Cordaro, el Director Regional (S) del Servicio Nacional de Capacitaci\u00f3n y Empleo, SENCE, Andro Valdenegro Terraza, la directiva del COSOC del SENCE Ays\u00e9n, representada por su presidenta, Margarita Arizmendi y diversos representantes de la sociedad civil, se realiz\u00f3 la sesi\u00f3n de cierre del 1er Consejo de la Sociedad Civil, COSOC, en donde se destac\u00f3 la importancia del trabajo mancomunado que desarrolla esta instancia en nuestra regi\u00f3n.<\/p>\n<p style=\"text-align: justify;\">Cabe destacar que el COSOC es un mecanismo de participaci\u00f3n ciudadana, que lo vincula con representantes de la sociedad civil, nacional o regional, que acompa\u00f1an a su autoridad en los procesos de toma de decisiones sobre pol\u00edticas p\u00fablicas. Su objetivo es ser un v\u00ednculo de di\u00e1logo permanente entre la comunidad y las instituciones del Estado.<\/p>\n<p style=\"text-align: justify;\">Margarita Arizmendi, presidenta del COSOC de SENCE Ays\u00e9n, se refiri\u00f3 a esta actividad \u201cHay que seguir trabajando como se ha hecho hasta el momento porque a SENCE la pandemia no lo par\u00f3, el servicio continu\u00f3 funcionando todos los d\u00edas, y bueno, a seguir trabajando. Yo trabajo con mucho gusto, de coraz\u00f3n con el SENCE porque es un servicio que presta ayuda a toda la comunidad, sin distinci\u00f3n de clase, sexo, religi\u00f3n, ni pol\u00edtica, es totalmente transversal con toda la ciudadan\u00eda, as\u00ed que yo trabajo ac\u00e1 con el coraz\u00f3n y con mucho gusto\u201d, coment\u00f3.<\/p>\n<p style=\"text-align: justify;\">\u201cPara nosotros como SENCE, es tremendamente importante generar estos espacios de participaci\u00f3n, por eso dar el realce al Consejo de la Sociedad Civil tanto en este cierre, como en la inmediata apertura de una nueva convocatoria. Para nosotros es un tema que lo tomamos con seriedad, porque creemos en la participaci\u00f3n y en la creaci\u00f3n de pol\u00edticas p\u00fablicas en conjunto con la ciudadan\u00eda, sobre todo en los que nos compete a nosotros que es la capacitaci\u00f3n, entendiendo que la pertinencia regional, es un objetivo al cual debemos apuntar y hacer realidad, cierto, a trav\u00e9s de nuestros planes y programas de formaci\u00f3n, capacitaci\u00f3n y certificaci\u00f3n de competencias\u201d, se\u00f1al\u00f3 el Director Regional (S), Andro Valdenegro Terraza.<\/p>\n<p style=\"text-align: justify;\">Por su parte, el Seremi del Trabajo y Previsi\u00f3n Social de Ays\u00e9n, Rodrigo D\u00edaz, valor\u00f3 este mecanismo de participaci\u00f3n ciudadana, \u201cEn esta sesi\u00f3n de cierre del primer consejo COSOC que ha tenido Sence regional, hemos planteado lo que estamos proyectando con el equipo de Sence y su Director regional (s), Andro Valdenegro, de profundizar la pertinencia regional de las capacitaciones y para ello queremos fortalecer el trabajo que realiza el Observatorio Laboral, que es un programa de Sence en alianza con la Universidad de Ays\u00e9n, donde se levanten las necesidades de capacitaci\u00f3n y de mano de obra actualizada a trav\u00e9s de encuestas. La pandemia gener\u00f3 un cambio en el mercado laboral nacional y regional, tanto en los puestos de trabajo, como en la especializaci\u00f3n requerida y el aumento de la informalidad. Como Gobierno debemos reconocer esta transformaci\u00f3n y buscar la forma de responder a ella adecuadamente, reforzando tambi\u00e9n la labor de las oficinas Municipales de Intermediaci\u00f3n Laboral, OMIL, lo cual hemos conversado en esta reuni\u00f3n\u201d, detall\u00f3.<\/p>\n<p style=\"text-align: justify;\">Siguiendo lo mencionado por la autoridad, entre los temas abordados en la jornada est\u00e1n la pertinencia de los cursos de capacitaci\u00f3n en la regi\u00f3n, poder llegar a m\u00e1s usuarios y considerar a las personas en situaci\u00f3n de discapacidad. Asimismo, se plante\u00f3 la importancia de unir los criterios y hacer una planificaci\u00f3n para mejorar el acceso y la cobertura de las diferentes capacitaciones, solicitando, por ejemplo, aumento de planes formativos para la regi\u00f3n y as\u00ed llegar a las diferentes localidades con capacitaciones atingentes y objetivos a las demandas de cada lugar.<\/p>\n<p style=\"text-align: justify;\">Valdenegro adem\u00e1s realiz\u00f3 un llamado a postular e integrarse al nuevo COSOC de Sence, donde esperan tener representaci\u00f3n de las distintas provincias, \u201cQueremos dar las gracias a quienes participaron del COSOC 2021, tambi\u00e9n queremos invitar a la comunidad de la sociedad civil organizada, organizaciones territoriales, comunitarias, a participar de esta instancia, a trav\u00e9s de los links y enlaces que est\u00e1n dispuestos para los registros. Hacer un llamado para todo el territorio regional, no solamente nuestra capital regional, si no que de punta a cabo contar con participaci\u00f3n para que juntos trabajemos con miras a una capacitaci\u00f3n regional, desde nuestro servicio Sence, con pertinencia, recogiendo lo que la gente necesita, recogiendo lo que nuestra regi\u00f3n demanda de formaci\u00f3n y capacitaci\u00f3n, ya sea en oficios a trav\u00e9s de nuestros programas regulares o tambi\u00e9n de certificaciones, reconociendo el conocimiento de los trabajadores y trabajadoras de Ays\u00e9n\u201d, mencion\u00f3 el director(s), a\u00f1adiendo, \u201cnuevamente reiterar la invitaci\u00f3n a todos quienes quieran participar en esta instancia, que para nosotros es tremendamente relevante contar con su mirada sobre lo que estamos haciendo y queremos proyectar para los pr\u00f3ximos a\u00f1os. Finalmente, agradecer a Margarita Arizmendi en representaci\u00f3n del COSOC que hoy d\u00eda cierra\u201d, puntualiz\u00f3.<\/p>\n<p style=\"text-align: justify;\">Para las organizaciones de la sociedad civil que quieran postular al COSOC, el link de inscripci\u00f3n es\u00a0<a href=\"https:\/\/webapps.sence.cl\/consejocivilsence\/hWConsejoCivil.aspx\">https:\/\/webapps.sence.cl\/consejocivilsence\/hWConsejoCivil.aspx#<\/a><\/p>\n<p style=\"text-align: justify;\"><strong>\u00a0<\/strong><\/p>\n<\/div><\/section><\/div><div  style='height:50px' class='hr hr-invisible   avia-builder-el-6  el_after_av_one_full  el_before_av_social_share '><span class='hr-inner ' ><span class='hr-inner-style'><\/span><\/span><\/div><\/p>\n<div  class='av-social-sharing-box  avia-builder-el-7  el_after_av_hr  el_before_av_hr  '><div class='av-share-box'><h5 class='av-share-link-description av-no-toc '>Compartir esta noticia<\/h5><ul class='av-share-box-list noLightbox'><li class='av-share-link av-social-link-facebook' ><a target=\"_blank\" aria-label=\"Compartir en Facebook\" href='https:\/\/www.facebook.com\/sharer.php?u=https:\/\/radiorevelacionfm.cl\/?p=22405&#038;t=Sence%20Ays%C3%A9n%20realiz%C3%B3%20sesi%C3%B3n%20de%20cierre%20del%201er%20Consejo%20de%20la%20Sociedad%20Civil%20institucional%20y%20abre%20nuevo%20llamado' aria-hidden='false' data-av_icon='\ue8f3' data-av_iconfont='entypo-fontello' title='' data-avia-related-tooltip='Compartir en Facebook' rel=\"noopener\"><span class='avia_hidden_link_text'>Compartir en Facebook<\/span><\/a><\/li><li class='av-share-link av-social-link-twitter' ><a target=\"_blank\" aria-label=\"Compartir en Twitter\" href='https:\/\/twitter.com\/share?text=Sence%20Ays%C3%A9n%20realiz%C3%B3%20sesi%C3%B3n%20de%20cierre%20del%201er%20Consejo%20de%20la%20Sociedad%20Civil%20institucional%20y%20abre%20nuevo%20llamado&#038;url=https:\/\/radiorevelacionfm.cl\/?p=22405' aria-hidden='false' data-av_icon='\ue8f1' data-av_iconfont='entypo-fontello' title='' data-avia-related-tooltip='Compartir en Twitter' rel=\"noopener\"><span class='avia_hidden_link_text'>Compartir en Twitter<\/span><\/a><\/li><li class='av-share-link av-social-link-whatsapp' ><a target=\"_blank\" aria-label=\"Compartir en Whatsapp\" href='https:\/\/api.whatsapp.com\/send?text=https:\/\/radiorevelacionfm.cl\/?p=22405' aria-hidden='false' data-av_icon='\uf232' data-av_iconfont='entypo-fontello' title='' data-avia-related-tooltip='Compartir en Whatsapp' rel=\"noopener\"><span class='avia_hidden_link_text'>Compartir en Whatsapp<\/span><\/a><\/li><li class='av-share-link av-social-link-linkedin' ><a target=\"_blank\" aria-label=\"Compartir en LinkedIn\" href='https:\/\/linkedin.com\/shareArticle?mini=true&#038;title=Sence%20Ays%C3%A9n%20realiz%C3%B3%20sesi%C3%B3n%20de%20cierre%20del%201er%20Consejo%20de%20la%20Sociedad%20Civil%20institucional%20y%20abre%20nuevo%20llamado&#038;url=https:\/\/radiorevelacionfm.cl\/?p=22405' aria-hidden='false' data-av_icon='\ue8fc' data-av_iconfont='entypo-fontello' title='' data-avia-related-tooltip='Compartir en LinkedIn' rel=\"noopener\"><span class='avia_hidden_link_text'>Compartir en LinkedIn<\/span><\/a><\/li><li class='av-share-link av-social-link-mail' ><a  aria-label=\"Compartir por correo\" href='mailto:?subject=Sence%20Ays%C3%A9n%20realiz%C3%B3%20sesi%C3%B3n%20de%20cierre%20del%201er%20Consejo%20de%20la%20Sociedad%20Civil%20institucional%20y%20abre%20nuevo%20llamado&#038;body=https:\/\/radiorevelacionfm.cl\/?p=22405' aria-hidden='false' data-av_icon='\ue805' data-av_iconfont='entypo-fontello' title='' data-avia-related-tooltip='Compartir por correo'><span class='avia_hidden_link_text'>Compartir por correo<\/span><\/a><\/li><\/ul><\/div><\/div>\n<div  style='height:50px' class='hr hr-invisible   avia-builder-el-8  el_after_av_social_share  el_before_av_comments_list '><span class='hr-inner ' ><span class='hr-inner-style'><\/span><\/span><\/div>\n<div  class='av-buildercomment  av-blog-meta-html-info-disabled av-blog-meta-tag-disabled  '><\/div>\n","protected":false},"excerpt":{"rendered":"","protected":false},"author":1,"featured_media":22406,"comment_status":"open","ping_status":"open","sticky":false,"template":"","format":"standard","meta":{"footnotes":""},"categories":[38],"tags":[],"class_list":["post-22405","post","type-post","status-publish","format-standard","has-post-thumbnail","hentry","category-regional"],"jetpack_featured_media_url":"https:\/\/radiorevelacionfm.cl\/wp-content\/uploads\/2022\/09\/COSOC-1-1-1.jpeg","_links":{"self":[{"href":"https:\/\/radiorevelacionfm.cl\/index.php?rest_route=\/wp\/v2\/posts\/22405","targetHints":{"allow":["GET"]}}],"collection":[{"href":"https:\/\/radiorevelacionfm.cl\/index.php?rest_route=\/wp\/v2\/posts"}],"about":[{"href":"https:\/\/radiorevelacionfm.cl\/index.php?rest_route=\/wp\/v2\/types\/post"}],"author":[{"embeddable":true,"href":"https:\/\/radiorevelacionfm.cl\/index.php?rest_route=\/wp\/v2\/users\/1"}],"replies":[{"embeddable":true,"href":"https:\/\/radiorevelacionfm.cl\/index.php?rest_route=%2Fwp%2Fv2%2Fcomments&post=22405"}],"version-history":[{"count":2,"href":"https:\/\/radiorevelacionfm.cl\/index.php?rest_route=\/wp\/v2\/posts\/22405\/revisions"}],"predecessor-version":[{"id":22444,"href":"https:\/\/radiorevelacionfm.cl\/index.php?rest_route=\/wp\/v2\/posts\/22405\/revisions\/22444"}],"wp:featuredmedia":[{"embeddable":true,"href":"https:\/\/radiorevelacionfm.cl\/index.php?rest_route=\/wp\/v2\/media\/22406"}],"wp:attachment":[{"href":"https:\/\/radiorevelacionfm.cl\/index.php?rest_route=%2Fwp%2Fv2%2Fmedia&parent=22405"}],"wp:term":[{"taxonomy":"category","embeddable":true,"href":"https:\/\/radiorevelacionfm.cl\/index.php?rest_route=%2Fwp%2Fv2%2Fcategories&post=22405"},{"taxonomy":"post_tag","embeddable":true,"href":"https:\/\/radiorevelacionfm.cl\/index.php?rest_route=%2Fwp%2Fv2%2Ftags&post=22405"}],"curies":[{"name":"wp","href":"https:\/\/api.w.org\/{rel}","templated":true}]}}