{"id":22402,"date":"2022-10-03T11:39:56","date_gmt":"2022-10-03T14:39:56","guid":{"rendered":"https:\/\/radiorevelacionfm.cl\/?p=22402"},"modified":"2022-10-03T11:39:56","modified_gmt":"2022-10-03T14:39:56","slug":"numerosas-actividades-dan-vida-al-festival-de-las-ciencias-2022","status":"publish","type":"post","link":"https:\/\/radiorevelacionfm.cl\/?p=22402","title":{"rendered":"Numerosas actividades dan vida al Festival de las Ciencias 2022"},"content":{"rendered":"<div class=\"flex_column av_one_full  flex_column_div av-zero-column-padding first  avia-builder-el-0  el_before_av_one_full  avia-builder-el-first  \" style='border-radius:0px; '><div  class='avia-image-container  av-styling-    avia-builder-el-1  avia-builder-el-no-sibling  avia-align-center '  itemprop=\"image\" itemscope=\"itemscope\" itemtype=\"https:\/\/schema.org\/ImageObject\"  ><div class='avia-image-container-inner'><div class='avia-image-overlay-wrap'><img decoding=\"async\" class='wp-image-22539 avia-img-lazy-loading-not-22539 avia_image' src=\"https:\/\/radiorevelacionfm.cl\/wp-content\/uploads\/2022\/10\/festivaldeartesaysen-1_optimized-1.jpg\" alt='' title='festivaldeartesaysen-(1)_optimized (1)' height=\"600\" width=\"800\"  itemprop=\"thumbnailUrl\" srcset=\"https:\/\/radiorevelacionfm.cl\/wp-content\/uploads\/2022\/10\/festivaldeartesaysen-1_optimized-1.jpg 800w, https:\/\/radiorevelacionfm.cl\/wp-content\/uploads\/2022\/10\/festivaldeartesaysen-1_optimized-1-300x225.jpg 300w, https:\/\/radiorevelacionfm.cl\/wp-content\/uploads\/2022\/10\/festivaldeartesaysen-1_optimized-1-768x576.jpg 768w, https:\/\/radiorevelacionfm.cl\/wp-content\/uploads\/2022\/10\/festivaldeartesaysen-1_optimized-1-705x529.jpg 705w, https:\/\/radiorevelacionfm.cl\/wp-content\/uploads\/2022\/10\/festivaldeartesaysen-1_optimized-1-600x450.jpg 600w\" sizes=\"(max-width: 800px) 100vw, 800px\" \/><\/div><\/div><\/div><\/div><div class=\"flex_column av_one_full  flex_column_div av-zero-column-padding first  avia-builder-el-2  el_after_av_one_full  el_before_av_one_full  column-top-margin\" style='border-radius:0px; '><section class=\"av_textblock_section \"  itemscope=\"itemscope\" itemtype=\"https:\/\/schema.org\/BlogPosting\" itemprop=\"blogPost\" ><div class='avia_textblock  '   itemprop=\"text\" ><p style=\"text-align: center;\"><span style=\"font-size: 18pt;\"><strong>Numerosas actividades dan vida al Festival de las Ciencias 2022<\/strong><\/span><\/p>\n<div id=\"gtx-trans\" style=\"position: absolute; left: -50px; top: 4.31534px;\">\n<div class=\"gtx-trans-icon\"><\/div>\n<\/div>\n<\/div><\/section><\/div><\/p>\n<div class=\"flex_column av_one_full  flex_column_div av-zero-column-padding first  avia-builder-el-4  el_after_av_one_full  el_before_av_hr  column-top-margin\" style='border-radius:0px; '><section class=\"av_textblock_section \"  itemscope=\"itemscope\" itemtype=\"https:\/\/schema.org\/BlogPosting\" itemprop=\"blogPost\" ><div class='avia_textblock  '   itemprop=\"text\" ><p style=\"text-align: justify;\">Una obra teatral, talleres, conversatorios, intervenciones urbanas, un espect\u00e1culo musical; y visitas a museos, laboratorios y \u00e1reas protegidas. Eso y mucho m\u00e1s trae este a\u00f1o el Festival de las Ciencias (FECI), que se desarrollar\u00e1 entre el 2 y 9 de octubre, y que en esta edici\u00f3n busca acercar las experiencias cient\u00edficas a la ciudadan\u00eda y contribuir a enfrentar la actual crisis clim\u00e1tica desde una mirada ecosist\u00e9mica con especial \u00e9nfasis en el patrimonio h\u00eddrico.<\/p>\n<p style=\"text-align: justify;\">El encuentro organizado por el Proyecto Explora Ays\u00e9n, perteneciente al Ministerio de Ciencia y ejecutado por la Universidad Austral de Chile Campus Patagonia, reunir\u00e1 m\u00e1s de 20 actividades gratuitas en 8 localidades de la regi\u00f3n, donde se incluyen colaboraciones con centros de investigaci\u00f3n, museos, universidades, centros culturales, municipios y servicios p\u00fablicos, entre otros organismos.<\/p>\n<p style=\"text-align: justify;\"><strong>Resiliencia y adaptaci\u00f3n<\/strong><\/p>\n<p style=\"text-align: justify;\">Este a\u00f1o la iniciativa busca abordar la actual crisis clim\u00e1tica proveniente del calentamiento global desde una de sus aristas m\u00e1s relevantes: el agua. Al respecto, Karina Ocampo, encargada del instrumento Ciencia P\u00fablica, indic\u00f3 que \u201centendemos que el cambio clim\u00e1tico es un tema dif\u00edcil y complejo de afrontar. Por eso el desaf\u00edo este a\u00f1o ha sido abordar esta tem\u00e1tica desde el reconocimiento y valorizaci\u00f3n del patrimonio h\u00eddrico regional desde un enfoque positivo, que busque promover acciones que fomenten en ni\u00f1as, ni\u00f1os, j\u00f3venes y adultos, la reconexi\u00f3n con la naturaleza, la restauraci\u00f3n de ecosistemas, la adaptaci\u00f3n y la b\u00fasqueda de aprendizajes de pr\u00e1cticas culturales.\u201d<\/p>\n<p style=\"text-align: justify;\">El evento adem\u00e1s cuenta con la colaboraci\u00f3n de m\u00e1s de 25 instituciones, destacando la asociatividad entre distintos y diversos organismos. Al respecto, Viviana Pizarro Directora del Proyecto Explora Ays\u00e9n, indic\u00f3 que \u201cEs importante visibilizar el trabajo que las distintas instituciones est\u00e1n llevando a cabo para enfrentar la crisis clim\u00e1tica. La ciencia, tecnolog\u00eda, conocimiento e innovaci\u00f3n, nos ayudan a comprender c\u00f3mo funciona el mundo en que vivimos y es de suma importancia que todas las investigaciones, estudios y levantamiento de informaci\u00f3n sean compartidas con la ciudadan\u00eda, para impulsar acciones que nos ayuden a generar cambios. En este sentido celebramos el trabajo colaborativo que se ha desarrollado y que permitir\u00e1n, desde distintas \u00e1reas del conocimiento y las culturas, relevar el patrimonio h\u00eddrico de Ays\u00e9n y promover su protecci\u00f3n y conservaci\u00f3n\u201d.<\/p>\n<p style=\"text-align: justify;\">Por otra parte, los\u00a0Proyectos Asociativos Regionales Explora de todo el pa\u00eds y las Serem\u00edas de Ciencia\u00a0impulsar\u00e1n actividades en todos los rincones del territorio.<\/p>\n<p style=\"text-align: justify;\">Puedes revisar la programaci\u00f3n e inscribirte en el sitio web: explora.cl\/aysen o visitar la web <a href=\"http:\/\/www.festivaldelasciencias.cl\"><strong>www.festivaldelasciencias.cl<\/strong><\/a><\/p>\n<p style=\"text-align: justify;\"><strong>\u00a0<\/strong><\/p>\n<p style=\"text-align: justify;\"><strong>\u00a0<\/strong><\/p>\n<\/div><\/section><\/div>\n<div  style='height:50px' class='hr hr-invisible   avia-builder-el-6  el_after_av_one_full  el_before_av_social_share '><span class='hr-inner ' ><span class='hr-inner-style'><\/span><\/span><\/div>\n<div  class='av-social-sharing-box  avia-builder-el-7  el_after_av_hr  el_before_av_hr  '><div class='av-share-box'><h5 class='av-share-link-description av-no-toc '>Compartir esta noticia<\/h5><ul class='av-share-box-list noLightbox'><li class='av-share-link av-social-link-facebook' ><a target=\"_blank\" aria-label=\"Compartir en Facebook\" href='https:\/\/www.facebook.com\/sharer.php?u=https:\/\/radiorevelacionfm.cl\/?p=22402&#038;t=Numerosas%20actividades%20dan%20vida%20al%20Festival%20de%20las%20Ciencias%202022' aria-hidden='false' data-av_icon='\ue8f3' data-av_iconfont='entypo-fontello' title='' data-avia-related-tooltip='Compartir en Facebook' rel=\"noopener\"><span class='avia_hidden_link_text'>Compartir en Facebook<\/span><\/a><\/li><li class='av-share-link av-social-link-twitter' ><a target=\"_blank\" aria-label=\"Compartir en Twitter\" href='https:\/\/twitter.com\/share?text=Numerosas%20actividades%20dan%20vida%20al%20Festival%20de%20las%20Ciencias%202022&#038;url=https:\/\/radiorevelacionfm.cl\/?p=22402' aria-hidden='false' data-av_icon='\ue8f1' data-av_iconfont='entypo-fontello' title='' data-avia-related-tooltip='Compartir en Twitter' rel=\"noopener\"><span class='avia_hidden_link_text'>Compartir en Twitter<\/span><\/a><\/li><li class='av-share-link av-social-link-whatsapp' ><a target=\"_blank\" aria-label=\"Compartir en Whatsapp\" href='https:\/\/api.whatsapp.com\/send?text=https:\/\/radiorevelacionfm.cl\/?p=22402' aria-hidden='false' data-av_icon='\uf232' data-av_iconfont='entypo-fontello' title='' data-avia-related-tooltip='Compartir en Whatsapp' rel=\"noopener\"><span class='avia_hidden_link_text'>Compartir en Whatsapp<\/span><\/a><\/li><li class='av-share-link av-social-link-linkedin' ><a target=\"_blank\" aria-label=\"Compartir en LinkedIn\" href='https:\/\/linkedin.com\/shareArticle?mini=true&#038;title=Numerosas%20actividades%20dan%20vida%20al%20Festival%20de%20las%20Ciencias%202022&#038;url=https:\/\/radiorevelacionfm.cl\/?p=22402' aria-hidden='false' data-av_icon='\ue8fc' data-av_iconfont='entypo-fontello' title='' data-avia-related-tooltip='Compartir en LinkedIn' rel=\"noopener\"><span class='avia_hidden_link_text'>Compartir en LinkedIn<\/span><\/a><\/li><li class='av-share-link av-social-link-mail' ><a  aria-label=\"Compartir por correo\" href='mailto:?subject=Numerosas%20actividades%20dan%20vida%20al%20Festival%20de%20las%20Ciencias%202022&#038;body=https:\/\/radiorevelacionfm.cl\/?p=22402' aria-hidden='false' data-av_icon='\ue805' data-av_iconfont='entypo-fontello' title='' data-avia-related-tooltip='Compartir por correo'><span class='avia_hidden_link_text'>Compartir por correo<\/span><\/a><\/li><\/ul><\/div><\/div>\n<div  style='height:50px' class='hr hr-invisible   avia-builder-el-8  el_after_av_social_share  el_before_av_comments_list '><span class='hr-inner ' ><span class='hr-inner-style'><\/span><\/span><\/div>\n<div  class='av-buildercomment  av-blog-meta-html-info-disabled av-blog-meta-tag-disabled  '><\/div>\n","protected":false},"excerpt":{"rendered":"","protected":false},"author":1,"featured_media":22539,"comment_status":"open","ping_status":"open","sticky":false,"template":"","format":"standard","meta":{"footnotes":""},"categories":[53],"tags":[],"class_list":["post-22402","post","type-post","status-publish","format-standard","has-post-thumbnail","hentry","category-ciencia"],"jetpack_featured_media_url":"https:\/\/radiorevelacionfm.cl\/wp-content\/uploads\/2022\/10\/festivaldeartesaysen-1_optimized-1.jpg","_links":{"self":[{"href":"https:\/\/radiorevelacionfm.cl\/index.php?rest_route=\/wp\/v2\/posts\/22402","targetHints":{"allow":["GET"]}}],"collection":[{"href":"https:\/\/radiorevelacionfm.cl\/index.php?rest_route=\/wp\/v2\/posts"}],"about":[{"href":"https:\/\/radiorevelacionfm.cl\/index.php?rest_route=\/wp\/v2\/types\/post"}],"author":[{"embeddable":true,"href":"https:\/\/radiorevelacionfm.cl\/index.php?rest_route=\/wp\/v2\/users\/1"}],"replies":[{"embeddable":true,"href":"https:\/\/radiorevelacionfm.cl\/index.php?rest_route=%2Fwp%2Fv2%2Fcomments&post=22402"}],"version-history":[{"count":3,"href":"https:\/\/radiorevelacionfm.cl\/index.php?rest_route=\/wp\/v2\/posts\/22402\/revisions"}],"predecessor-version":[{"id":22541,"href":"https:\/\/radiorevelacionfm.cl\/index.php?rest_route=\/wp\/v2\/posts\/22402\/revisions\/22541"}],"wp:featuredmedia":[{"embeddable":true,"href":"https:\/\/radiorevelacionfm.cl\/index.php?rest_route=\/wp\/v2\/media\/22539"}],"wp:attachment":[{"href":"https:\/\/radiorevelacionfm.cl\/index.php?rest_route=%2Fwp%2Fv2%2Fmedia&parent=22402"}],"wp:term":[{"taxonomy":"category","embeddable":true,"href":"https:\/\/radiorevelacionfm.cl\/index.php?rest_route=%2Fwp%2Fv2%2Fcategories&post=22402"},{"taxonomy":"post_tag","embeddable":true,"href":"https:\/\/radiorevelacionfm.cl\/index.php?rest_route=%2Fwp%2Fv2%2Ftags&post=22402"}],"curies":[{"name":"wp","href":"https:\/\/api.w.org\/{rel}","templated":true}]}}