{"id":22399,"date":"2022-09-29T18:57:23","date_gmt":"2022-09-29T21:57:23","guid":{"rendered":"https:\/\/radiorevelacionfm.cl\/?p=22399"},"modified":"2022-09-29T18:57:23","modified_gmt":"2022-09-29T21:57:23","slug":"pdi-ha-controlado-35-813-personas-en-pasos-fronterizos-de-aysen-durante-el-primer-semestre-de-2022","status":"publish","type":"post","link":"https:\/\/radiorevelacionfm.cl\/?p=22399","title":{"rendered":"PDI ha controlado 35.813 personas en pasos fronterizos de Ays\u00e9n durante el primer semestre de 2022"},"content":{"rendered":"<div class=\"flex_column av_one_full  flex_column_div av-zero-column-padding first  avia-builder-el-0  el_before_av_one_full  avia-builder-el-first  \" style='border-radius:0px; '><div  class='avia-image-container  av-styling-    avia-builder-el-1  avia-builder-el-no-sibling  avia-align-center '  itemprop=\"image\" itemscope=\"itemscope\" itemtype=\"https:\/\/schema.org\/ImageObject\"  ><div class='avia-image-container-inner'><div class='avia-image-overlay-wrap'><img decoding=\"async\" class='wp-image-22400 avia-img-lazy-loading-not-22400 avia_image' src=\"https:\/\/radiorevelacionfm.cl\/wp-content\/uploads\/2022\/09\/Migraciones-generica-regional-Aysen-1-1.jpeg\" alt='' title='Migraciones generica regional Ays\u00e9n (1) (1)' height=\"600\" width=\"900\"  itemprop=\"thumbnailUrl\" srcset=\"https:\/\/radiorevelacionfm.cl\/wp-content\/uploads\/2022\/09\/Migraciones-generica-regional-Aysen-1-1.jpeg 900w, https:\/\/radiorevelacionfm.cl\/wp-content\/uploads\/2022\/09\/Migraciones-generica-regional-Aysen-1-1-300x200.jpeg 300w, https:\/\/radiorevelacionfm.cl\/wp-content\/uploads\/2022\/09\/Migraciones-generica-regional-Aysen-1-1-768x512.jpeg 768w, https:\/\/radiorevelacionfm.cl\/wp-content\/uploads\/2022\/09\/Migraciones-generica-regional-Aysen-1-1-705x470.jpeg 705w, https:\/\/radiorevelacionfm.cl\/wp-content\/uploads\/2022\/09\/Migraciones-generica-regional-Aysen-1-1-600x400.jpeg 600w\" sizes=\"(max-width: 900px) 100vw, 900px\" \/><\/div><\/div><\/div><\/div><div class=\"flex_column av_one_full  flex_column_div av-zero-column-padding first  avia-builder-el-2  el_after_av_one_full  el_before_av_one_full  column-top-margin\" style='border-radius:0px; '><section class=\"av_textblock_section \"  itemscope=\"itemscope\" itemtype=\"https:\/\/schema.org\/BlogPosting\" itemprop=\"blogPost\" ><div class='avia_textblock  '   itemprop=\"text\" ><p style=\"text-align: center;\"><span style=\"font-size: 18pt;\"><strong>PDI ha controlado 35.813 personas en pasos fronterizos de Ays\u00e9n durante el primer semestre de 2022<\/strong><\/span><\/p>\n<div id=\"gtx-trans\" style=\"position: absolute; left: -50px; top: 4.31534px;\">\n<div class=\"gtx-trans-icon\"><\/div>\n<\/div>\n<\/div><\/section><\/div><div class=\"flex_column av_one_full  flex_column_div av-zero-column-padding first  avia-builder-el-4  el_after_av_one_full  el_before_av_hr  column-top-margin\" style='border-radius:0px; '><section class=\"av_textblock_section \"  itemscope=\"itemscope\" itemtype=\"https:\/\/schema.org\/BlogPosting\" itemprop=\"blogPost\" ><div class='avia_textblock  '   itemprop=\"text\" ><p style=\"text-align: justify;\">Una de las \u00e1reas estrat\u00e9gicas de servicio de la Polic\u00eda de Investigaciones de Chile es el control migratorio y polic\u00eda internacional, ya que en un mundo cada vez m\u00e1s interconectado y complejo la polic\u00eda civil debe desplegarse en el control de las fronteras, fiscalizando la permanencia de extranjeros en el territorio nacional y garantizando la protecci\u00f3n del pa\u00eds y sus instituciones ante organizaciones criminales trasnacionales.<\/p>\n<p style=\"text-align: justify;\">La labor de la PDI en el control migratorio se divide en tres etapas: ingreso, estad\u00eda y salida del territorio nacional. Para ello, el \u00e1rea de Migraciones y Polic\u00eda Internacional de la Polic\u00eda de Investigaciones tiene la misi\u00f3n de controlar el 99% de las personas que ingresan o salen del pa\u00eds.<\/p>\n<p style=\"text-align: justify;\">Al respecto, el jefe subrogante del Departamento de Migraciones y Polic\u00eda Internacional Coyhaique, subcomisario Pablo Soto, se\u00f1al\u00f3 que \u201ccada control de polic\u00eda internacional o fiscalizaci\u00f3n de extranjeros en el pa\u00eds o en la regi\u00f3n, adem\u00e1s de cumplir con los est\u00e1ndares internacionales, se realiza mediante an\u00e1lisis de datos para proteger la seguridad nacional. As\u00ed, dentro del trabajo del control migratorio, mantenemos el monitoreo constante de quienes circulan por pasos fronterizos con el fin de detectar perfiles de riesgo\u201d.<\/p>\n<p style=\"text-align: justify;\">As\u00ed, el trabajo de control migratorio se basa en el reconocimiento y validez de documentos de identidad, perfilamiento y an\u00e1lisis de datos, inspecci\u00f3n secundaria orientada a fortalecer y apoyar las labores de los controles fronterizos de la PDI, monitoreo de pasos fronterizos informales o no habilitados, proyecciones estad\u00edsticas de movimientos migratorios futuros y coordinaci\u00f3n en la lucha contra el crimen transnacional.<\/p>\n<p style=\"text-align: justify;\">En la regi\u00f3n, la PDI mantiene el control de tres pasos fronterizos: Coyhaique Alto, Huemules y Jeinimeni, permaneciendo habilitados solo \u00e9stos dos \u00faltimos para ingreso y salida de personas al territorio nacional. No obstante, el \u00e1rea de Migraciones y Polic\u00eda Internacional colabora permanentemente en el control en los otros pasos fronterizos habilitados.<\/p>\n<p style=\"text-align: justify;\">De acuerdo a lo explicado por el subcomisario Pablo Soto, \u201ccuando una persona ingresa o sale del pa\u00eds por un paso que no es controlado por la PDI, nuestra funci\u00f3n es consultar en los sistemas institucionales si la persona que est\u00e1 solicitando el salvoconducto para salir del territorio nacional no tiene impedimentos para dejar el pa\u00eds, verificando si es que tiene o no alguna orden vigente\u201d.<\/p>\n<p style=\"text-align: justify;\"><strong>Balance control migratorio Ays\u00e9n<\/strong><\/p>\n<p style=\"text-align: justify;\">A continuaci\u00f3n, se expone la cantidad total de personas que registran entradas y salidas del pa\u00eds por los pasos fronterizos controlados por la PDI en la regi\u00f3n. En ese sentido, la totalidad de entrados durante el 2020 fue de 62.334; salidos 64.366; y el general fue de 126.700. Durante el 2021, la totalidad de entrados fue de 7.296; salidos 6.419; y el general fue de 13.715. Y durante el primer semestre de 2022, la totalidad de entrados corresponde a 18.163; salidos 17.650; y el total general corresponde a de 35.813.<\/p>\n<p style=\"text-align: justify;\">De acuerdo a estos datos, \u201cse permite dilucidar que los totales de personas que ingresaron y salieron del pa\u00eds durante el a\u00f1o 2021 en la regi\u00f3n, disminuyeron en un 89% en relaci\u00f3n al 2020, debido a las restricciones generadas por temas sanitarios y el impacto de la pandemia. Del mismo modo, los datos entre los meses de enero y junio del a\u00f1o 2022 mantienen relaci\u00f3n con la apertura de los puntos de control fronterizo y a la mayor flexibilizaci\u00f3n en cuanto a los criterios para entrar y salir del pa\u00eds, demostrando un aumento del 82,9 % en comparaci\u00f3n con el mismo per\u00edodo del 2021\u201d, sostuvo el jefe subrogante del Departamento de Migraciones y Polic\u00eda Internacional.<\/p>\n<p style=\"text-align: justify;\">Dentro de las principales nacionalidades que presentan una mayor cantidad de movimientos migratorios en el pa\u00eds, se encuentran Argentina, Bolivia, Brasil, Colombia y Per\u00fa, mientras que a nivel regional la mayor cantidad de movimientos corresponden a ciudadanos de Argentina.<\/p>\n<p style=\"text-align: justify;\"><strong>Documentos exigidos para control migratorio<\/strong><\/p>\n<p style=\"text-align: justify;\">En relaci\u00f3n a la documentaci\u00f3n exigida para transitar desde Chile hacia Argentina, o viceversa, desde la PDI informaron que durante el control migratorio se deben presentar el documento de viaje v\u00e1lido y vigente, en primera instancia el pasaporte. Ahora bien, si el viajero pertenece a pa\u00edses acogidos al acuerdo Mercosur, podr\u00e1n viajar presentando solamente la c\u00e9dula de identidad o DNI de su pa\u00eds, siempre vigente. Adem\u00e1s, cabe recordar que la extensi\u00f3n de la vigencia de las c\u00e9dulas de identidad decretada por el Decreto N\u00b0147\/2021, en su art\u00edculo 3\u00ba, que indica que dicha extensi\u00f3n no habilita a aquellas c\u00e9dulas vencidas como documento de viaje para ingresar a pa\u00edses extranjeros.<\/p>\n<p style=\"text-align: justify;\">Cabe se\u00f1alar que lactantes tambi\u00e9n deben portar la documentaci\u00f3n requerida y que el egreso de menores de 18 a\u00f1os debe apegarse al Art.49 de la Ley N\u00b016.618 de Menores, esto quiere decir que en caso de que no pudiese otorgarse permiso o sin motivo plausible, se le negare la autorizaci\u00f3n por la persona o las personas que deben prestarlo, est\u00e1 autorizaci\u00f3n podr\u00e1 ser otorgada por el juez de letras de menores del lugar en que tenga su residencia el menor.<\/p>\n<p style=\"text-align: justify;\">Finalmente, desde la PDI recordaron que el horario de atenci\u00f3n para tr\u00e1nsito de personas y veh\u00edculos por el paso fronterizo Huemules es de 08:00 a 18:30 horas y en Jeinimeni es de 08:00 a 20:00 horas.<\/p>\n<\/div><\/section><\/div><div  style='height:50px' class='hr hr-invisible   avia-builder-el-6  el_after_av_one_full  el_before_av_social_share '><span class='hr-inner ' ><span class='hr-inner-style'><\/span><\/span><\/div><\/p>\n<div  class='av-social-sharing-box  avia-builder-el-7  el_after_av_hr  el_before_av_hr  '><div class='av-share-box'><h5 class='av-share-link-description av-no-toc '>Compartir esta noticia<\/h5><ul class='av-share-box-list noLightbox'><li class='av-share-link av-social-link-facebook' ><a target=\"_blank\" aria-label=\"Compartir en Facebook\" href='https:\/\/www.facebook.com\/sharer.php?u=https:\/\/radiorevelacionfm.cl\/?p=22399&#038;t=PDI%20ha%20controlado%2035.813%20personas%20en%20pasos%20fronterizos%20de%20Ays%C3%A9n%20durante%20el%20primer%20semestre%20de%202022' aria-hidden='false' data-av_icon='\ue8f3' data-av_iconfont='entypo-fontello' title='' data-avia-related-tooltip='Compartir en Facebook' rel=\"noopener\"><span class='avia_hidden_link_text'>Compartir en Facebook<\/span><\/a><\/li><li class='av-share-link av-social-link-twitter' ><a target=\"_blank\" aria-label=\"Compartir en Twitter\" href='https:\/\/twitter.com\/share?text=PDI%20ha%20controlado%2035.813%20personas%20en%20pasos%20fronterizos%20de%20Ays%C3%A9n%20durante%20el%20primer%20semestre%20de%202022&#038;url=https:\/\/radiorevelacionfm.cl\/?p=22399' aria-hidden='false' data-av_icon='\ue8f1' data-av_iconfont='entypo-fontello' title='' data-avia-related-tooltip='Compartir en Twitter' rel=\"noopener\"><span class='avia_hidden_link_text'>Compartir en Twitter<\/span><\/a><\/li><li class='av-share-link av-social-link-whatsapp' ><a target=\"_blank\" aria-label=\"Compartir en Whatsapp\" href='https:\/\/api.whatsapp.com\/send?text=https:\/\/radiorevelacionfm.cl\/?p=22399' aria-hidden='false' data-av_icon='\uf232' data-av_iconfont='entypo-fontello' title='' data-avia-related-tooltip='Compartir en Whatsapp' rel=\"noopener\"><span class='avia_hidden_link_text'>Compartir en Whatsapp<\/span><\/a><\/li><li class='av-share-link av-social-link-linkedin' ><a target=\"_blank\" aria-label=\"Compartir en LinkedIn\" href='https:\/\/linkedin.com\/shareArticle?mini=true&#038;title=PDI%20ha%20controlado%2035.813%20personas%20en%20pasos%20fronterizos%20de%20Ays%C3%A9n%20durante%20el%20primer%20semestre%20de%202022&#038;url=https:\/\/radiorevelacionfm.cl\/?p=22399' aria-hidden='false' data-av_icon='\ue8fc' data-av_iconfont='entypo-fontello' title='' data-avia-related-tooltip='Compartir en LinkedIn' rel=\"noopener\"><span class='avia_hidden_link_text'>Compartir en LinkedIn<\/span><\/a><\/li><li class='av-share-link av-social-link-mail' ><a  aria-label=\"Compartir por correo\" href='mailto:?subject=PDI%20ha%20controlado%2035.813%20personas%20en%20pasos%20fronterizos%20de%20Ays%C3%A9n%20durante%20el%20primer%20semestre%20de%202022&#038;body=https:\/\/radiorevelacionfm.cl\/?p=22399' aria-hidden='false' data-av_icon='\ue805' data-av_iconfont='entypo-fontello' title='' data-avia-related-tooltip='Compartir por correo'><span class='avia_hidden_link_text'>Compartir por correo<\/span><\/a><\/li><\/ul><\/div><\/div>\n<div  style='height:50px' class='hr hr-invisible   avia-builder-el-8  el_after_av_social_share  el_before_av_comments_list '><span class='hr-inner ' ><span class='hr-inner-style'><\/span><\/span><\/div>\n<div  class='av-buildercomment  av-blog-meta-html-info-disabled av-blog-meta-tag-disabled  '><\/div>\n","protected":false},"excerpt":{"rendered":"","protected":false},"author":1,"featured_media":22400,"comment_status":"open","ping_status":"open","sticky":false,"template":"","format":"standard","meta":{"footnotes":""},"categories":[36],"tags":[],"class_list":["post-22399","post","type-post","status-publish","format-standard","has-post-thumbnail","hentry","category-policial"],"jetpack_featured_media_url":"https:\/\/radiorevelacionfm.cl\/wp-content\/uploads\/2022\/09\/Migraciones-generica-regional-Aysen-1-1.jpeg","_links":{"self":[{"href":"https:\/\/radiorevelacionfm.cl\/index.php?rest_route=\/wp\/v2\/posts\/22399","targetHints":{"allow":["GET"]}}],"collection":[{"href":"https:\/\/radiorevelacionfm.cl\/index.php?rest_route=\/wp\/v2\/posts"}],"about":[{"href":"https:\/\/radiorevelacionfm.cl\/index.php?rest_route=\/wp\/v2\/types\/post"}],"author":[{"embeddable":true,"href":"https:\/\/radiorevelacionfm.cl\/index.php?rest_route=\/wp\/v2\/users\/1"}],"replies":[{"embeddable":true,"href":"https:\/\/radiorevelacionfm.cl\/index.php?rest_route=%2Fwp%2Fv2%2Fcomments&post=22399"}],"version-history":[{"count":2,"href":"https:\/\/radiorevelacionfm.cl\/index.php?rest_route=\/wp\/v2\/posts\/22399\/revisions"}],"predecessor-version":[{"id":22411,"href":"https:\/\/radiorevelacionfm.cl\/index.php?rest_route=\/wp\/v2\/posts\/22399\/revisions\/22411"}],"wp:featuredmedia":[{"embeddable":true,"href":"https:\/\/radiorevelacionfm.cl\/index.php?rest_route=\/wp\/v2\/media\/22400"}],"wp:attachment":[{"href":"https:\/\/radiorevelacionfm.cl\/index.php?rest_route=%2Fwp%2Fv2%2Fmedia&parent=22399"}],"wp:term":[{"taxonomy":"category","embeddable":true,"href":"https:\/\/radiorevelacionfm.cl\/index.php?rest_route=%2Fwp%2Fv2%2Fcategories&post=22399"},{"taxonomy":"post_tag","embeddable":true,"href":"https:\/\/radiorevelacionfm.cl\/index.php?rest_route=%2Fwp%2Fv2%2Ftags&post=22399"}],"curies":[{"name":"wp","href":"https:\/\/api.w.org\/{rel}","templated":true}]}}