{"id":22394,"date":"2022-09-29T17:55:09","date_gmt":"2022-09-29T20:55:09","guid":{"rendered":"https:\/\/radiorevelacionfm.cl\/?p=22394"},"modified":"2022-09-29T17:55:09","modified_gmt":"2022-09-29T20:55:09","slug":"concejales-de-chile-chico-critican-a-seremi-de-transportes-por-visitar-la-zona-y-no-reunirse-con-la-comunidad","status":"publish","type":"post","link":"https:\/\/radiorevelacionfm.cl\/?p=22394","title":{"rendered":"Concejales de Chile Chico critican a Seremi de Transportes por visitar la zona y no reunirse con la comunidad"},"content":{"rendered":"<div class=\"flex_column av_one_full  flex_column_div av-zero-column-padding first  avia-builder-el-0  el_before_av_one_full  avia-builder-el-first  \" style='border-radius:0px; '><div  class='avia-image-container  av-styling-    avia-builder-el-1  avia-builder-el-no-sibling  avia-align-center '  itemprop=\"image\" itemscope=\"itemscope\" itemtype=\"https:\/\/schema.org\/ImageObject\"  ><div class='avia-image-container-inner'><div class='avia-image-overlay-wrap'><img decoding=\"async\" class='wp-image-22395 avia-img-lazy-loading-not-22395 avia_image' src=\"https:\/\/radiorevelacionfm.cl\/wp-content\/uploads\/2022\/09\/concejales-chch-1-1.jpeg\" alt='' title='concejales chch (1) (1)' height=\"600\" width=\"800\"  itemprop=\"thumbnailUrl\" srcset=\"https:\/\/radiorevelacionfm.cl\/wp-content\/uploads\/2022\/09\/concejales-chch-1-1.jpeg 800w, https:\/\/radiorevelacionfm.cl\/wp-content\/uploads\/2022\/09\/concejales-chch-1-1-300x225.jpeg 300w, https:\/\/radiorevelacionfm.cl\/wp-content\/uploads\/2022\/09\/concejales-chch-1-1-768x576.jpeg 768w, https:\/\/radiorevelacionfm.cl\/wp-content\/uploads\/2022\/09\/concejales-chch-1-1-705x529.jpeg 705w, https:\/\/radiorevelacionfm.cl\/wp-content\/uploads\/2022\/09\/concejales-chch-1-1-600x450.jpeg 600w\" sizes=\"(max-width: 800px) 100vw, 800px\" \/><\/div><\/div><\/div><\/div><div class=\"flex_column av_one_full  flex_column_div av-zero-column-padding first  avia-builder-el-2  el_after_av_one_full  el_before_av_one_full  column-top-margin\" style='border-radius:0px; '><section class=\"av_textblock_section \"  itemscope=\"itemscope\" itemtype=\"https:\/\/schema.org\/BlogPosting\" itemprop=\"blogPost\" ><div class='avia_textblock  '   itemprop=\"text\" ><p style=\"text-align: center;\"><span style=\"font-size: 18pt;\"><b><span lang=\"ES\">Concejales de Chile Chico critican a Seremi de Transportes por visitar la zona y no reunirse con la comunidad<\/span><\/b><\/span><\/p>\n<div id=\"gtx-trans\" style=\"position: absolute; left: -50px; top: 4.31534px;\">\n<div class=\"gtx-trans-icon\"><\/div>\n<\/div>\n<\/div><\/section><\/div><div class=\"flex_column av_one_full  flex_column_div av-zero-column-padding first  avia-builder-el-4  el_after_av_one_full  el_before_av_hr  column-top-margin\" style='border-radius:0px; '><section class=\"av_textblock_section \"  itemscope=\"itemscope\" itemtype=\"https:\/\/schema.org\/BlogPosting\" itemprop=\"blogPost\" ><div class='avia_textblock  '   itemprop=\"text\" ><p style=\"font-weight: 400; text-align: justify;\">Los ediles Ariel Keim, Lidia Soto y Mario Figueroa acusaron una falta de respeto a los vecinos y vecinas de Chile Chico.<\/p>\n<p style=\"font-weight: 400; text-align: justify;\">Siguen las repercusiones del accidente que tuvo la barcaza Chelenko y que signific\u00f3 la p\u00e9rdida de su rampa de acceso, esto porque los concejales Lidia Soto, Mario Figueroa y Ariel Keim acusan que la Seremi de Transportes, Claudia Cantero, estuvo en la localidad, pero no se reuni\u00f3 con representantes de la comunidad ni con los propios ediles, adem\u00e1s de no informar las nuevas medidas en materia de conectividad.<\/p>\n<p style=\"font-weight: 400; text-align: justify;\">El concejal Ariel Keim indic\u00f3 que \u201cla verdad es que nos parece ins\u00f3lito que la Seremi de Transportes viaje a Chile Chico a hablar de otros temas que no tienen relaci\u00f3n con lo que est\u00e1 ocurriendo, tomando en cuenta la gravedad de lo ocurrido hace algunos d\u00edas, cuando una barcaza pierde parte de su estructura en el fondo del lago, rampa que a\u00fan no ha sido recuperada\u201d.<\/p>\n<p style=\"font-weight: 400; text-align: justify;\">\u201cElla estuvo de espaldas a la comunidad, porque no hace una convocatoria como corresponde y muchas organizaciones no fueron convocadas a esta especie de reuni\u00f3n secreta. No hay que tenerle miedo a la gente, hay que estar con la gente e informar a la comunidad. No podemos tener autoridades que se paseen por las localidades a escondidas\u201d, se\u00f1al\u00f3 el concejal.<\/p>\n<p style=\"font-weight: 400; text-align: justify;\">Por su parte, la concejala Lidia Soto, quien estaba arriba de la barcaza cuando esto sucedi\u00f3, afirm\u00f3 que \u201cesto es el colmo, es una seguidilla de errores, donde no se les han hecho las mantenciones cuando corresponde. Si esto hubiese sido un poco m\u00e1s adentro del lago, no ser\u00eda la misma historia. Las autoridades no le han tomado el peso a esto, no se han acercado a la comunidad. Tengo entendido que estuvo la Seremi de Transporte en Chile Chico, pero no se acerc\u00f3 a las personas. Es una falta de respeto a la comunidad\u201d.<\/p>\n<p style=\"font-weight: 400; text-align: justify;\">Finalmente, el concejal Mario Figueroa afirm\u00f3 que \u201ces ins\u00f3lito que la Seremi haya estado ac\u00e1 y se haya reunido s\u00f3lo con algunas autoridades, y no con la comunidad. Ni siquiera fue a los medios de comunicaci\u00f3n para informar. Existe un nulo actuar por parte de las autoridades, me atrevo a decir que esto es una mala se\u00f1al del Gobierno, porque se est\u00e1 jugando al l\u00edmite con la integridad y la seguridad de las personas. No es posible que mes a mes tengamos este tipo de sorpresas. No queremos m\u00e1rtires en el lago ni animitas en las islas.\u00a0 La gente est\u00e1 hastiada, hay un abandono que sienten los vecinos.<\/p>\n<\/div><\/section><\/div><div  style='height:50px' class='hr hr-invisible   avia-builder-el-6  el_after_av_one_full  el_before_av_social_share '><span class='hr-inner ' ><span class='hr-inner-style'><\/span><\/span><\/div><\/p>\n<div  class='av-social-sharing-box  avia-builder-el-7  el_after_av_hr  el_before_av_hr  '><div class='av-share-box'><h5 class='av-share-link-description av-no-toc '>Compartir esta noticia<\/h5><ul class='av-share-box-list noLightbox'><li class='av-share-link av-social-link-facebook' ><a target=\"_blank\" aria-label=\"Compartir en Facebook\" href='https:\/\/www.facebook.com\/sharer.php?u=https:\/\/radiorevelacionfm.cl\/?p=22394&#038;t=Concejales%20de%20Chile%20Chico%20critican%20a%20Seremi%20de%20Transportes%20por%20visitar%20la%20zona%20y%20no%20reunirse%20con%20la%20comunidad' aria-hidden='false' data-av_icon='\ue8f3' data-av_iconfont='entypo-fontello' title='' data-avia-related-tooltip='Compartir en Facebook' rel=\"noopener\"><span class='avia_hidden_link_text'>Compartir en Facebook<\/span><\/a><\/li><li class='av-share-link av-social-link-twitter' ><a target=\"_blank\" aria-label=\"Compartir en Twitter\" href='https:\/\/twitter.com\/share?text=Concejales%20de%20Chile%20Chico%20critican%20a%20Seremi%20de%20Transportes%20por%20visitar%20la%20zona%20y%20no%20reunirse%20con%20la%20comunidad&#038;url=https:\/\/radiorevelacionfm.cl\/?p=22394' aria-hidden='false' data-av_icon='\ue8f1' data-av_iconfont='entypo-fontello' title='' data-avia-related-tooltip='Compartir en Twitter' rel=\"noopener\"><span class='avia_hidden_link_text'>Compartir en Twitter<\/span><\/a><\/li><li class='av-share-link av-social-link-whatsapp' ><a target=\"_blank\" aria-label=\"Compartir en Whatsapp\" href='https:\/\/api.whatsapp.com\/send?text=https:\/\/radiorevelacionfm.cl\/?p=22394' aria-hidden='false' data-av_icon='\uf232' data-av_iconfont='entypo-fontello' title='' data-avia-related-tooltip='Compartir en Whatsapp' rel=\"noopener\"><span class='avia_hidden_link_text'>Compartir en Whatsapp<\/span><\/a><\/li><li class='av-share-link av-social-link-linkedin' ><a target=\"_blank\" aria-label=\"Compartir en LinkedIn\" href='https:\/\/linkedin.com\/shareArticle?mini=true&#038;title=Concejales%20de%20Chile%20Chico%20critican%20a%20Seremi%20de%20Transportes%20por%20visitar%20la%20zona%20y%20no%20reunirse%20con%20la%20comunidad&#038;url=https:\/\/radiorevelacionfm.cl\/?p=22394' aria-hidden='false' data-av_icon='\ue8fc' data-av_iconfont='entypo-fontello' title='' data-avia-related-tooltip='Compartir en LinkedIn' rel=\"noopener\"><span class='avia_hidden_link_text'>Compartir en LinkedIn<\/span><\/a><\/li><li class='av-share-link av-social-link-mail' ><a  aria-label=\"Compartir por correo\" href='mailto:?subject=Concejales%20de%20Chile%20Chico%20critican%20a%20Seremi%20de%20Transportes%20por%20visitar%20la%20zona%20y%20no%20reunirse%20con%20la%20comunidad&#038;body=https:\/\/radiorevelacionfm.cl\/?p=22394' aria-hidden='false' data-av_icon='\ue805' data-av_iconfont='entypo-fontello' title='' data-avia-related-tooltip='Compartir por correo'><span class='avia_hidden_link_text'>Compartir por correo<\/span><\/a><\/li><\/ul><\/div><\/div>\n<div  style='height:50px' class='hr hr-invisible   avia-builder-el-8  el_after_av_social_share  el_before_av_comments_list '><span class='hr-inner ' ><span class='hr-inner-style'><\/span><\/span><\/div>\n<div  class='av-buildercomment  av-blog-meta-html-info-disabled av-blog-meta-tag-disabled  '><\/div>\n","protected":false},"excerpt":{"rendered":"","protected":false},"author":1,"featured_media":22395,"comment_status":"open","ping_status":"open","sticky":false,"template":"","format":"standard","meta":{"footnotes":""},"categories":[35],"tags":[],"class_list":["post-22394","post","type-post","status-publish","format-standard","has-post-thumbnail","hentry","category-politica"],"jetpack_featured_media_url":"https:\/\/radiorevelacionfm.cl\/wp-content\/uploads\/2022\/09\/concejales-chch-1-1.jpeg","_links":{"self":[{"href":"https:\/\/radiorevelacionfm.cl\/index.php?rest_route=\/wp\/v2\/posts\/22394","targetHints":{"allow":["GET"]}}],"collection":[{"href":"https:\/\/radiorevelacionfm.cl\/index.php?rest_route=\/wp\/v2\/posts"}],"about":[{"href":"https:\/\/radiorevelacionfm.cl\/index.php?rest_route=\/wp\/v2\/types\/post"}],"author":[{"embeddable":true,"href":"https:\/\/radiorevelacionfm.cl\/index.php?rest_route=\/wp\/v2\/users\/1"}],"replies":[{"embeddable":true,"href":"https:\/\/radiorevelacionfm.cl\/index.php?rest_route=%2Fwp%2Fv2%2Fcomments&post=22394"}],"version-history":[{"count":2,"href":"https:\/\/radiorevelacionfm.cl\/index.php?rest_route=\/wp\/v2\/posts\/22394\/revisions"}],"predecessor-version":[{"id":22398,"href":"https:\/\/radiorevelacionfm.cl\/index.php?rest_route=\/wp\/v2\/posts\/22394\/revisions\/22398"}],"wp:featuredmedia":[{"embeddable":true,"href":"https:\/\/radiorevelacionfm.cl\/index.php?rest_route=\/wp\/v2\/media\/22395"}],"wp:attachment":[{"href":"https:\/\/radiorevelacionfm.cl\/index.php?rest_route=%2Fwp%2Fv2%2Fmedia&parent=22394"}],"wp:term":[{"taxonomy":"category","embeddable":true,"href":"https:\/\/radiorevelacionfm.cl\/index.php?rest_route=%2Fwp%2Fv2%2Fcategories&post=22394"},{"taxonomy":"post_tag","embeddable":true,"href":"https:\/\/radiorevelacionfm.cl\/index.php?rest_route=%2Fwp%2Fv2%2Ftags&post=22394"}],"curies":[{"name":"wp","href":"https:\/\/api.w.org\/{rel}","templated":true}]}}