{"id":22390,"date":"2022-09-30T12:16:43","date_gmt":"2022-09-30T15:16:43","guid":{"rendered":"https:\/\/radiorevelacionfm.cl\/?p=22390"},"modified":"2022-09-30T12:16:43","modified_gmt":"2022-09-30T15:16:43","slug":"sandoval-y-conectividad-en-lago-general-carrera-no-podemos-tener-a-la-gente-esperando-eternamente-una-solucion","status":"publish","type":"post","link":"https:\/\/radiorevelacionfm.cl\/?p=22390","title":{"rendered":"Sandoval y conectividad en Lago General Carrera: \u201cNo podemos tener a la gente esperando eternamente una soluci\u00f3n\u201d"},"content":{"rendered":"<div class=\"flex_column av_one_full  flex_column_div av-zero-column-padding first  avia-builder-el-0  el_before_av_one_full  avia-builder-el-first  \" style='border-radius:0px; '><div  class='avia-image-container  av-styling-    avia-builder-el-1  avia-builder-el-no-sibling  avia-align-center '  itemprop=\"image\" itemscope=\"itemscope\" itemtype=\"https:\/\/schema.org\/ImageObject\"  ><div class='avia-image-container-inner'><div class='avia-image-overlay-wrap'><img decoding=\"async\" class='wp-image-22391 avia-img-lazy-loading-not-22391 avia_image' src=\"https:\/\/radiorevelacionfm.cl\/wp-content\/uploads\/2022\/09\/SENADOR-SANDOVAL-13-1-1.jpg\" alt='' title='SENADOR SANDOVAL (13) (1) (1)' height=\"600\" width=\"900\"  itemprop=\"thumbnailUrl\" srcset=\"https:\/\/radiorevelacionfm.cl\/wp-content\/uploads\/2022\/09\/SENADOR-SANDOVAL-13-1-1.jpg 900w, https:\/\/radiorevelacionfm.cl\/wp-content\/uploads\/2022\/09\/SENADOR-SANDOVAL-13-1-1-300x200.jpg 300w, https:\/\/radiorevelacionfm.cl\/wp-content\/uploads\/2022\/09\/SENADOR-SANDOVAL-13-1-1-768x512.jpg 768w, https:\/\/radiorevelacionfm.cl\/wp-content\/uploads\/2022\/09\/SENADOR-SANDOVAL-13-1-1-705x470.jpg 705w, https:\/\/radiorevelacionfm.cl\/wp-content\/uploads\/2022\/09\/SENADOR-SANDOVAL-13-1-1-600x400.jpg 600w\" sizes=\"(max-width: 900px) 100vw, 900px\" \/><\/div><\/div><\/div><\/div><div class=\"flex_column av_one_full  flex_column_div av-zero-column-padding first  avia-builder-el-2  el_after_av_one_full  el_before_av_one_full  column-top-margin\" style='border-radius:0px; '><section class=\"av_textblock_section \"  itemscope=\"itemscope\" itemtype=\"https:\/\/schema.org\/BlogPosting\" itemprop=\"blogPost\" ><div class='avia_textblock  '   itemprop=\"text\" ><p style=\"text-align: center;\"><strong><span style=\"font-size: 18pt;\">Sandoval y conectividad en Lago General Carrera: \u201cNo podemos tener a la gente esperando eternamente una soluci\u00f3n\u201d<\/span><\/strong><\/p>\n<div id=\"gtx-trans\" style=\"position: absolute; left: -50px; top: 4.31534px;\">\n<div class=\"gtx-trans-icon\"><\/div>\n<\/div>\n<\/div><\/section><\/div><div class=\"flex_column av_one_full  flex_column_div av-zero-column-padding first  avia-builder-el-4  el_after_av_one_full  el_before_av_hr  column-top-margin\" style='border-radius:0px; '><section class=\"av_textblock_section \"  itemscope=\"itemscope\" itemtype=\"https:\/\/schema.org\/BlogPosting\" itemprop=\"blogPost\" ><div class='avia_textblock  '   itemprop=\"text\" ><p style=\"text-align: justify;\">En comisi\u00f3n Zonas Extremas del Senado,\u00a0Sandoval pidi\u00f3 informe detallado de \u201ccu\u00e1ndo, c\u00f3mo y en qu\u00e9 minuto podemos tener esta situaci\u00f3n resuelta\u201d ante reiterados problemas de conectividad en Lago General Carrera.<\/p>\n<p style=\"text-align: justify;\">\u201cNo ha sucedido una desgracia solo gracias a la providencia y nada m\u00e1s\u201d. As\u00ed lo se\u00f1al\u00f3 el senador David Sandoval, tras plantear en la comisi\u00f3n de Zonas Extremas del Senado, los reiterados y preocupantes problemas de conectividad lacustre que enfrentan los vecinos de Chile Chico desde hace varios meses.<\/p>\n<p style=\"text-align: justify;\">En concreto, el parlamentario pidi\u00f3, a trav\u00e9s de dicha instancia parlamentaria, se oficiara a las autoridades del Ministerio de Obras P\u00fablicas, para que den cuenta de manera pormenorizada sobre el estado de situaci\u00f3n de las dos barcazas fiscales (La Pilchero y La Tehuelche) que tienen paralizadas sus operaciones, adem\u00e1s de saber cu\u00e1l es el plan concreto y las fechas que se manejan para las reparaciones definitivas y la operatividad de las mismas. \u201c\u00bfSe imaginan esta rampa hubiera ca\u00eddo en el medio del lago y el agua entrando por la puerta de acceso?\u201d, cuestion\u00f3 Sandoval al referirse al \u00faltimo episodio este domingo, cuando la otra embarcaci\u00f3n disponible, La Chelenco, perdi\u00f3 su rampa de acceso a pocos minutos de zarpar desde Chile Chico.<\/p>\n<p style=\"text-align: justify;\">\u201cLo dram\u00e1tico de esto, es que las tres naves est\u00e1n fuera de circulaci\u00f3n\u201d, agreg\u00f3 el legislador, quien espera soluciones concretas, dadas las precarias condiciones en las que se han debido transportar los vecinos de la zona lacustre de la regi\u00f3n.<\/p>\n<p style=\"text-align: justify;\">Durante su intervenci\u00f3n, Sandoval se refiri\u00f3 a los distintos incidentes que se han producido a lo largo de este a\u00f1o en el Lago General Carrera, entre ellos, el incendio que afect\u00f3, durante julio, parte de las instalaciones de la barcaza La Pilchero y el episodio que en el mes de agosto afect\u00f3 a una aeronave que qued\u00f3 sin su tren de aterrizaje cuando volaba desde Coyhaique hasta Chile Chico. \u201cYo no le hecho la culpa a este Gobierno, porque lleva poco tiempo, y sin duda que esto tiene una secuencia de irresponsabilidades de mantenciones y reparaciones, pero no podemos tener a la gente esperando eternamente una soluci\u00f3n. Por eso, pedir con la mayor rigurosidad y precisi\u00f3n los informes detallados de cu\u00e1ndo, c\u00f3mo y en qu\u00e9 minuto podemos tener esta situaci\u00f3n resuelta\u201d, recalc\u00f3.<\/p>\n<p style=\"text-align: justify;\">\u201cSabemos que las soluciones no son f\u00e1ciles, pero s\u00ed por lo menos se necesita resguardo y calidad de servicio para la comunidad\u201d, hab\u00eda se\u00f1alado durante la semana Sandoval en sus redes sociales, subrayando adem\u00e1s que esto tambi\u00e9n amerita una profunda revisi\u00f3n de todos los procedimientos de funcionamiento de las naves.<\/p>\n<p style=\"text-align: justify;\">Finalmente, Sandoval plante\u00f3 la opci\u00f3n de realizar una reuni\u00f3n conjunta de la comisi\u00f3n de Zonas Extremas con la de Obras P\u00fablicas, para abordar este tema con el ministro de la cartera, Juan Carlos Garc\u00eda, en una pr\u00f3xima fecha.<\/p>\n<\/div><\/section><\/div><div  style='height:50px' class='hr hr-invisible   avia-builder-el-6  el_after_av_one_full  el_before_av_social_share '><span class='hr-inner ' ><span class='hr-inner-style'><\/span><\/span><\/div><\/p>\n<div  class='av-social-sharing-box  avia-builder-el-7  el_after_av_hr  el_before_av_hr  '><div class='av-share-box'><h5 class='av-share-link-description av-no-toc '>Compartir esta noticia<\/h5><ul class='av-share-box-list noLightbox'><li class='av-share-link av-social-link-facebook' ><a target=\"_blank\" aria-label=\"Compartir en Facebook\" href='https:\/\/www.facebook.com\/sharer.php?u=https:\/\/radiorevelacionfm.cl\/?p=22390&#038;t=Sandoval%20y%20conectividad%20en%20Lago%20General%20Carrera%3A%20%E2%80%9CNo%20podemos%20tener%20a%20la%20gente%20esperando%20eternamente%20una%20soluci%C3%B3n%E2%80%9D' aria-hidden='false' data-av_icon='\ue8f3' data-av_iconfont='entypo-fontello' title='' data-avia-related-tooltip='Compartir en Facebook' rel=\"noopener\"><span class='avia_hidden_link_text'>Compartir en Facebook<\/span><\/a><\/li><li class='av-share-link av-social-link-twitter' ><a target=\"_blank\" aria-label=\"Compartir en Twitter\" href='https:\/\/twitter.com\/share?text=Sandoval%20y%20conectividad%20en%20Lago%20General%20Carrera%3A%20%E2%80%9CNo%20podemos%20tener%20a%20la%20gente%20esperando%20eternamente%20una%20soluci%C3%B3n%E2%80%9D&#038;url=https:\/\/radiorevelacionfm.cl\/?p=22390' aria-hidden='false' data-av_icon='\ue8f1' data-av_iconfont='entypo-fontello' title='' data-avia-related-tooltip='Compartir en Twitter' rel=\"noopener\"><span class='avia_hidden_link_text'>Compartir en Twitter<\/span><\/a><\/li><li class='av-share-link av-social-link-whatsapp' ><a target=\"_blank\" aria-label=\"Compartir en Whatsapp\" href='https:\/\/api.whatsapp.com\/send?text=https:\/\/radiorevelacionfm.cl\/?p=22390' aria-hidden='false' data-av_icon='\uf232' data-av_iconfont='entypo-fontello' title='' data-avia-related-tooltip='Compartir en Whatsapp' rel=\"noopener\"><span class='avia_hidden_link_text'>Compartir en Whatsapp<\/span><\/a><\/li><li class='av-share-link av-social-link-linkedin' ><a target=\"_blank\" aria-label=\"Compartir en LinkedIn\" href='https:\/\/linkedin.com\/shareArticle?mini=true&#038;title=Sandoval%20y%20conectividad%20en%20Lago%20General%20Carrera%3A%20%E2%80%9CNo%20podemos%20tener%20a%20la%20gente%20esperando%20eternamente%20una%20soluci%C3%B3n%E2%80%9D&#038;url=https:\/\/radiorevelacionfm.cl\/?p=22390' aria-hidden='false' data-av_icon='\ue8fc' data-av_iconfont='entypo-fontello' title='' data-avia-related-tooltip='Compartir en LinkedIn' rel=\"noopener\"><span class='avia_hidden_link_text'>Compartir en LinkedIn<\/span><\/a><\/li><li class='av-share-link av-social-link-mail' ><a  aria-label=\"Compartir por correo\" href='mailto:?subject=Sandoval%20y%20conectividad%20en%20Lago%20General%20Carrera%3A%20%E2%80%9CNo%20podemos%20tener%20a%20la%20gente%20esperando%20eternamente%20una%20soluci%C3%B3n%E2%80%9D&#038;body=https:\/\/radiorevelacionfm.cl\/?p=22390' aria-hidden='false' data-av_icon='\ue805' data-av_iconfont='entypo-fontello' title='' data-avia-related-tooltip='Compartir por correo'><span class='avia_hidden_link_text'>Compartir por correo<\/span><\/a><\/li><\/ul><\/div><\/div>\n<div  style='height:50px' class='hr hr-invisible   avia-builder-el-8  el_after_av_social_share  el_before_av_comments_list '><span class='hr-inner ' ><span class='hr-inner-style'><\/span><\/span><\/div>\n<div  class='av-buildercomment  av-blog-meta-html-info-disabled av-blog-meta-tag-disabled  '><\/div>\n","protected":false},"excerpt":{"rendered":"","protected":false},"author":1,"featured_media":22391,"comment_status":"open","ping_status":"open","sticky":false,"template":"","format":"standard","meta":{"footnotes":""},"categories":[35],"tags":[],"class_list":["post-22390","post","type-post","status-publish","format-standard","has-post-thumbnail","hentry","category-politica"],"jetpack_featured_media_url":"https:\/\/radiorevelacionfm.cl\/wp-content\/uploads\/2022\/09\/SENADOR-SANDOVAL-13-1-1.jpg","_links":{"self":[{"href":"https:\/\/radiorevelacionfm.cl\/index.php?rest_route=\/wp\/v2\/posts\/22390","targetHints":{"allow":["GET"]}}],"collection":[{"href":"https:\/\/radiorevelacionfm.cl\/index.php?rest_route=\/wp\/v2\/posts"}],"about":[{"href":"https:\/\/radiorevelacionfm.cl\/index.php?rest_route=\/wp\/v2\/types\/post"}],"author":[{"embeddable":true,"href":"https:\/\/radiorevelacionfm.cl\/index.php?rest_route=\/wp\/v2\/users\/1"}],"replies":[{"embeddable":true,"href":"https:\/\/radiorevelacionfm.cl\/index.php?rest_route=%2Fwp%2Fv2%2Fcomments&post=22390"}],"version-history":[{"count":2,"href":"https:\/\/radiorevelacionfm.cl\/index.php?rest_route=\/wp\/v2\/posts\/22390\/revisions"}],"predecessor-version":[{"id":22437,"href":"https:\/\/radiorevelacionfm.cl\/index.php?rest_route=\/wp\/v2\/posts\/22390\/revisions\/22437"}],"wp:featuredmedia":[{"embeddable":true,"href":"https:\/\/radiorevelacionfm.cl\/index.php?rest_route=\/wp\/v2\/media\/22391"}],"wp:attachment":[{"href":"https:\/\/radiorevelacionfm.cl\/index.php?rest_route=%2Fwp%2Fv2%2Fmedia&parent=22390"}],"wp:term":[{"taxonomy":"category","embeddable":true,"href":"https:\/\/radiorevelacionfm.cl\/index.php?rest_route=%2Fwp%2Fv2%2Fcategories&post=22390"},{"taxonomy":"post_tag","embeddable":true,"href":"https:\/\/radiorevelacionfm.cl\/index.php?rest_route=%2Fwp%2Fv2%2Ftags&post=22390"}],"curies":[{"name":"wp","href":"https:\/\/api.w.org\/{rel}","templated":true}]}}