{"id":22388,"date":"2022-09-29T17:30:03","date_gmt":"2022-09-29T20:30:03","guid":{"rendered":"https:\/\/radiorevelacionfm.cl\/?p=22388"},"modified":"2022-09-29T17:30:03","modified_gmt":"2022-09-29T20:30:03","slug":"corporacion-chelenko-elegira-nueva-directiva-con-relevantes-desafios-para-la-sustentabilidad-del-turismo-regional","status":"publish","type":"post","link":"https:\/\/radiorevelacionfm.cl\/?p=22388","title":{"rendered":"Corporaci\u00f3n Chelenko elegir\u00e1 nueva directiva con relevantes desaf\u00edos para la sustentabilidad del turismo regional"},"content":{"rendered":"<div class=\"flex_column av_one_full  flex_column_div av-zero-column-padding first  avia-builder-el-0  el_before_av_one_full  avia-builder-el-first  \" style='border-radius:0px; '><div  class='avia-image-container  av-styling-    avia-builder-el-1  avia-builder-el-no-sibling  avia-align-center '  itemprop=\"image\" itemscope=\"itemscope\" itemtype=\"https:\/\/schema.org\/ImageObject\"  ><div class='avia-image-container-inner'><div class='avia-image-overlay-wrap'><img decoding=\"async\" class='wp-image-14820 avia-img-lazy-loading-not-14820 avia_image' src=\"https:\/\/radiorevelacionfm.cl\/wp-content\/uploads\/2022\/03\/nodo-chelenko1-1_optimized.jpg\" alt='' title='nodo-chelenko1-(1)_optimized' height=\"600\" width=\"1019\"  itemprop=\"thumbnailUrl\" srcset=\"https:\/\/radiorevelacionfm.cl\/wp-content\/uploads\/2022\/03\/nodo-chelenko1-1_optimized.jpg 1019w, https:\/\/radiorevelacionfm.cl\/wp-content\/uploads\/2022\/03\/nodo-chelenko1-1_optimized-300x177.jpg 300w, https:\/\/radiorevelacionfm.cl\/wp-content\/uploads\/2022\/03\/nodo-chelenko1-1_optimized-768x452.jpg 768w, https:\/\/radiorevelacionfm.cl\/wp-content\/uploads\/2022\/03\/nodo-chelenko1-1_optimized-705x415.jpg 705w, https:\/\/radiorevelacionfm.cl\/wp-content\/uploads\/2022\/03\/nodo-chelenko1-1_optimized-600x353.jpg 600w\" sizes=\"(max-width: 1019px) 100vw, 1019px\" \/><\/div><\/div><\/div><\/div><div class=\"flex_column av_one_full  flex_column_div av-zero-column-padding first  avia-builder-el-2  el_after_av_one_full  el_before_av_one_full  column-top-margin\" style='border-radius:0px; '><section class=\"av_textblock_section \"  itemscope=\"itemscope\" itemtype=\"https:\/\/schema.org\/BlogPosting\" itemprop=\"blogPost\" ><div class='avia_textblock  '   itemprop=\"text\" ><p style=\"text-align: center;\"><span style=\"font-size: 18pt;\"><b><span lang=\"ES\">Corporaci<\/span><\/b><b><span lang=\"X-NONE\">\u00f3n Chelenko elegir\u00e1 nueva directiva con relevantes desaf\u00edos para la sustentabilidad del turismo regional<\/span><\/b><\/span><\/p>\n<div id=\"gtx-trans\" style=\"position: absolute; left: -50px; top: 4.31534px;\">\n<div class=\"gtx-trans-icon\"><\/div>\n<\/div>\n<\/div><\/section><\/div><div class=\"flex_column av_one_full  flex_column_div av-zero-column-padding first  avia-builder-el-4  el_after_av_one_full  el_before_av_hr  column-top-margin\" style='border-radius:0px; '><section class=\"av_textblock_section \"  itemscope=\"itemscope\" itemtype=\"https:\/\/schema.org\/BlogPosting\" itemprop=\"blogPost\" ><div class='avia_textblock  '   itemprop=\"text\" ><p class=\"v1MsoNormal\" style=\"text-align: justify;\"><span lang=\"ES\">En enero de este a\u00f1o el Comit<\/span><span lang=\"X-NONE\">\u00e9 de Ministros del Turismo acord\u00f3 prorrogar por 4 a\u00f1os m\u00e1s la Zona de Inter\u00e9s Tur\u00edstico (ZOIT) Chelenko, una de las primeras constituidas en el pa\u00eds. Esto fue refrendado el 14 de julio de 2022 mediante la dictaci\u00f3n del<span class=\"v1gmail-Apple-converted-space\">\u00a0<\/span><\/span><span lang=\"ES\"><a href=\"https:\/\/www.bcn.cl\/leychile\/navegar?i=1178848\" target=\"_blank\" rel=\"noopener noreferrer\"><span lang=\"X-NONE\">decreto exento 202200090<\/span><\/a><\/span><span lang=\"X-NONE\"><span class=\"v1gmail-Apple-converted-space\">\u00a0<\/span>que, adem\u00e1s, actualiz\u00f3 el pol\u00edgono de esta importante \u00e1rea territorial de Ays\u00e9n que circunda el Lago General Carrera.<\/span><\/p>\n<p class=\"v1MsoNormal\" style=\"text-align: justify;\"><span lang=\"X-NONE\">Es en este contexto que el<span class=\"v1gmail-Apple-converted-space\">\u00a0<\/span>viernes 7 de octubre<span class=\"v1gmail-Apple-converted-space\">\u00a0<\/span>en el sector de El Le\u00f3n se realizar\u00e1 la Asamblea General para la elecci\u00f3n de la directiva de la Corporaci\u00f3n de Desarrollo Tur\u00edstico Sustentable del Territorio Chelenko, conocida como Corporaci\u00f3n Chelenko. Los nuevos y nuevas dirigentes conducir\u00e1n por los pr\u00f3ximos 3 a\u00f1os los destinos de la organizaci\u00f3n, la principal participante privada de la gobernanza de la ZOIT en la respectiva Mesa P\u00fablico Privada, que integran tambi\u00e9n diversos \u00f3rganos del Estado y los municipios de R\u00edo Ib\u00e1\u00f1ez y Chile Chico.<\/span><\/p>\n<p class=\"v1MsoNormal\" style=\"text-align: justify;\"><span lang=\"X-NONE\">La Corporaci\u00f3n Chelenko est\u00e1 conformada por doce organizaciones, representando a unas 300 familias de emprendedoras y emprendedores tur\u00edsticos de Villa Cerro Castillo, Bah\u00eda Murta, Puerto S\u00e1nchez, Puerto R\u00edo Tranquilo, R\u00edo Le\u00f3n, Puerto Guadal, Puerto Bertrand y Mall\u00edn Grande.<\/span><\/p>\n<p class=\"v1MsoNormal\" style=\"text-align: justify;\"><span lang=\"X-NONE\">Actualmente preside la corporaci\u00f3n<span class=\"v1gmail-Apple-converted-space\">\u00a0<\/span><\/span><span lang=\"ES\">Tamara Ullrich (AG de Turismo y Comercio Puerto R<\/span><span lang=\"X-NONE\">\u00edo<span class=\"v1gmail-Apple-converted-space\">\u00a0<\/span><\/span><span lang=\"ES\">Tranquilo), siendo su vicepresidenta Miriam Chible (Corporaci\u00f3n Costa Carrera).\u00a0<span class=\"v1gmail-Apple-converted-space\">\u00a0<\/span>Act<\/span><span lang=\"X-NONE\">\u00faa como<span class=\"v1gmail-Apple-converted-space\">\u00a0<\/span><\/span><span lang=\"ES\">secretaria Ang\u00e9lica Anti\u00f1anco (AG de Artesanas de Puerto Guadal), como tesorero Stefan Veringa (AG de Turismo, Cultura y Artesan\u00eda de Puerto Guadal) y como directora Esterlina Hern<\/span><span lang=\"X-NONE\">\u00e1<\/span><span lang=\"ES\">ndez (Comit\u00e9 de Turismo y Deporte y Cultura).<\/span><\/p>\n<p class=\"v1MsoNormal\" style=\"text-align: justify;\"><span lang=\"ES\">\u00a0<\/span><\/p>\n<p class=\"v1MsoNormal\" style=\"text-align: justify;\"><strong><span lang=\"ES\">Acciones y asamblea<\/span><\/strong><\/p>\n<p class=\"v1MsoNormal\" style=\"text-align: justify;\"><span lang=\"ES\">El viernes 7 se partir<\/span><span lang=\"X-NONE\">\u00e1 con una breve exposici\u00f3n de las distintas acciones realizadas por la directiva saliente.\u00a0<span class=\"v1gmail-Apple-converted-space\">\u00a0<\/span><\/span><\/p>\n<p class=\"v1MsoNormal\" style=\"text-align: justify;\"><span lang=\"X-NONE\">Entre \u00e9stas se incluye la materializaci\u00f3n del<span class=\"v1gmail-Apple-converted-space\">\u00a0<\/span>Plan de Acci\u00f3n desde el a\u00f1o 2018, enfocado fuertemente en temas de turismo y sustentabilidad; la realizaci\u00f3n del<span class=\"v1gmail-Apple-converted-space\">\u00a0<\/span>Curso de Gu\u00edas Chelenko, un<span class=\"v1gmail-Apple-converted-space\">\u00a0<\/span>Curso de Gu\u00edas en Puerto Varas<span class=\"v1gmail-Apple-converted-space\">\u00a0<\/span>y las<span class=\"v1gmail-Apple-converted-space\">\u00a0<\/span>giras tecnol\u00f3gicas a Panguilemu y a las otras zonas de inter\u00e9s tur\u00edstico de Ays\u00e9n.\u00a0<span class=\"v1gmail-Apple-converted-space\">\u00a0<\/span>Tambi\u00e9n se apoyaron festivales como la<span class=\"v1gmail-Apple-converted-space\">\u00a0<\/span>Eco Feria Fest<span class=\"v1gmail-Apple-converted-space\">\u00a0<\/span>y<span class=\"v1gmail-Apple-converted-space\">\u00a0<\/span>Sabores de la Perla del Lago de Puerto Guadal, el<span class=\"v1gmail-Apple-converted-space\">\u00a0<\/span>Encuentro de Turismo Sustentable de Cochrane, y se realiz\u00f3 en Chile Chico un<span class=\"v1gmail-Apple-converted-space\">\u00a0<\/span>taller de vinculaci\u00f3n entre los sectores tur\u00edstico y campesino.<\/span><\/p>\n<p class=\"v1MsoNormal\" style=\"text-align: justify;\"><span lang=\"ES\">Asimismo, se participa a<\/span><span lang=\"X-NONE\">\u00fan<span class=\"v1gmail-Apple-converted-space\">\u00a0<\/span><\/span><span lang=\"ES\">en el proceso de<span class=\"v1gmail-Apple-converted-space\">\u00a0<\/span>declaraci<\/span><span lang=\"X-NONE\">\u00f3n del Camino Longitudinal Austral como ruta esc\u00e9nica<\/span><span lang=\"X-NONE\">, se constituy\u00f3 el<span class=\"v1gmail-Apple-converted-space\">\u00a0<\/span>Nodo Chelenko de Turismo Sustentable<span class=\"v1gmail-Apple-converted-space\">\u00a0<\/span>que deriv\u00f3 en la iniciativa<span class=\"v1gmail-Apple-converted-space\">\u00a0<\/span>Chelenko RedPonsable, y actualmente se est\u00e1 en pleno proceso de conformaci\u00f3n de una<span class=\"v1gmail-Apple-converted-space\">\u00a0<\/span>cooperativa\u00a0<span class=\"v1gmail-Apple-converted-space\">\u00a0<\/span>para este mismo fin, con empresas tur\u00edsticas de la cuenca.\u00a0<span class=\"v1gmail-Apple-converted-space\">\u00a0<\/span>Todo esto en el marco del Programa de Sustentabilidad hacia el cual est\u00e1n orientados.<\/span><\/p>\n<p class=\"v1MsoNormal\" style=\"text-align: justify;\"><span lang=\"ES\">Participa activamente en el<span class=\"v1gmail-Apple-converted-space\">\u00a0<\/span>PER de Turismo<span class=\"v1gmail-Apple-converted-space\">\u00a0<\/span>y aport<\/span><span lang=\"X-NONE\">\u00f3<\/span><span lang=\"ES\"><span class=\"v1gmail-Apple-converted-space\">\u00a0<\/span>a instalar en la discusi<\/span><span lang=\"X-NONE\">\u00f3n p\u00fablica regional la<span class=\"v1gmail-Apple-converted-space\">\u00a0<\/span>problem\u00e1tica de los megaloteos, mediante la organizaci\u00f3n de un webinar a mediados de 2021.\u00a0<span class=\"v1gmail-Apple-converted-space\">\u00a0<\/span>Se ha involucrado en<span class=\"v1gmail-Apple-converted-space\">\u00a0<\/span>campa\u00f1as de reciclaje<span class=\"v1gmail-Apple-converted-space\">\u00a0<\/span>e impulsa el proyecto<span class=\"v1gmail-Apple-converted-space\">\u00a0<\/span>Chelenko Navegable, como una forma de recuperar con fines tur\u00edsticos y de desarrollo comunitario el v\u00ednculo con el Lago General Carrera que hist\u00f3ricamente han tenido las localidades costeras.<\/span><\/p>\n<p class=\"v1MsoNormal\" style=\"text-align: justify;\"><span lang=\"X-NONE\">Luego de explicar el trabajo desarrollado, se abordar\u00e1n los desaf\u00edos de la nueva directiva, procediendo a continuaci\u00f3n a elegir las y los nuevos directivos, para lo cual se hace un llamado a las organizaciones integrantes de la corporaci\u00f3n a presentar sus representantes a la directiva.<\/span><\/p>\n<p class=\"v1MsoNormal\" style=\"text-align: justify;\"><span lang=\"X-NONE\">La jornada concluir\u00e1 con la elaboraci\u00f3n colectiva de un programa de fortalecimiento de la Corporaci\u00f3n Chelenko para los pr\u00f3ximos a\u00f1os.<\/span><\/p>\n<\/div><\/section><\/div><div  style='height:50px' class='hr hr-invisible   avia-builder-el-6  el_after_av_one_full  el_before_av_social_share '><span class='hr-inner ' ><span class='hr-inner-style'><\/span><\/span><\/div><\/p>\n<div  class='av-social-sharing-box  avia-builder-el-7  el_after_av_hr  el_before_av_hr  '><div class='av-share-box'><h5 class='av-share-link-description av-no-toc '>Compartir esta noticia<\/h5><ul class='av-share-box-list noLightbox'><li class='av-share-link av-social-link-facebook' ><a target=\"_blank\" aria-label=\"Compartir en Facebook\" href='https:\/\/www.facebook.com\/sharer.php?u=https:\/\/radiorevelacionfm.cl\/?p=22388&#038;t=Corporaci%C3%B3n%20Chelenko%20elegir%C3%A1%20nueva%20directiva%20con%20relevantes%20desaf%C3%ADos%20para%20la%20sustentabilidad%20del%20turismo%20regional' aria-hidden='false' data-av_icon='\ue8f3' data-av_iconfont='entypo-fontello' title='' data-avia-related-tooltip='Compartir en Facebook' rel=\"noopener\"><span class='avia_hidden_link_text'>Compartir en Facebook<\/span><\/a><\/li><li class='av-share-link av-social-link-twitter' ><a target=\"_blank\" aria-label=\"Compartir en Twitter\" href='https:\/\/twitter.com\/share?text=Corporaci%C3%B3n%20Chelenko%20elegir%C3%A1%20nueva%20directiva%20con%20relevantes%20desaf%C3%ADos%20para%20la%20sustentabilidad%20del%20turismo%20regional&#038;url=https:\/\/radiorevelacionfm.cl\/?p=22388' aria-hidden='false' data-av_icon='\ue8f1' data-av_iconfont='entypo-fontello' title='' data-avia-related-tooltip='Compartir en Twitter' rel=\"noopener\"><span class='avia_hidden_link_text'>Compartir en Twitter<\/span><\/a><\/li><li class='av-share-link av-social-link-whatsapp' ><a target=\"_blank\" aria-label=\"Compartir en Whatsapp\" href='https:\/\/api.whatsapp.com\/send?text=https:\/\/radiorevelacionfm.cl\/?p=22388' aria-hidden='false' data-av_icon='\uf232' data-av_iconfont='entypo-fontello' title='' data-avia-related-tooltip='Compartir en Whatsapp' rel=\"noopener\"><span class='avia_hidden_link_text'>Compartir en Whatsapp<\/span><\/a><\/li><li class='av-share-link av-social-link-linkedin' ><a target=\"_blank\" aria-label=\"Compartir en LinkedIn\" href='https:\/\/linkedin.com\/shareArticle?mini=true&#038;title=Corporaci%C3%B3n%20Chelenko%20elegir%C3%A1%20nueva%20directiva%20con%20relevantes%20desaf%C3%ADos%20para%20la%20sustentabilidad%20del%20turismo%20regional&#038;url=https:\/\/radiorevelacionfm.cl\/?p=22388' aria-hidden='false' data-av_icon='\ue8fc' data-av_iconfont='entypo-fontello' title='' data-avia-related-tooltip='Compartir en LinkedIn' rel=\"noopener\"><span class='avia_hidden_link_text'>Compartir en LinkedIn<\/span><\/a><\/li><li class='av-share-link av-social-link-mail' ><a  aria-label=\"Compartir por correo\" href='mailto:?subject=Corporaci%C3%B3n%20Chelenko%20elegir%C3%A1%20nueva%20directiva%20con%20relevantes%20desaf%C3%ADos%20para%20la%20sustentabilidad%20del%20turismo%20regional&#038;body=https:\/\/radiorevelacionfm.cl\/?p=22388' aria-hidden='false' data-av_icon='\ue805' data-av_iconfont='entypo-fontello' title='' data-avia-related-tooltip='Compartir por correo'><span class='avia_hidden_link_text'>Compartir por correo<\/span><\/a><\/li><\/ul><\/div><\/div>\n<div  style='height:50px' class='hr hr-invisible   avia-builder-el-8  el_after_av_social_share  el_before_av_comments_list '><span class='hr-inner ' ><span class='hr-inner-style'><\/span><\/span><\/div>\n<div  class='av-buildercomment  av-blog-meta-html-info-disabled av-blog-meta-tag-disabled  '><\/div>\n","protected":false},"excerpt":{"rendered":"","protected":false},"author":1,"featured_media":14820,"comment_status":"open","ping_status":"open","sticky":false,"template":"","format":"standard","meta":{"footnotes":""},"categories":[54],"tags":[],"class_list":["post-22388","post","type-post","status-publish","format-standard","has-post-thumbnail","hentry","category-turismo"],"jetpack_featured_media_url":"https:\/\/radiorevelacionfm.cl\/wp-content\/uploads\/2022\/03\/nodo-chelenko1-1_optimized.jpg","_links":{"self":[{"href":"https:\/\/radiorevelacionfm.cl\/index.php?rest_route=\/wp\/v2\/posts\/22388","targetHints":{"allow":["GET"]}}],"collection":[{"href":"https:\/\/radiorevelacionfm.cl\/index.php?rest_route=\/wp\/v2\/posts"}],"about":[{"href":"https:\/\/radiorevelacionfm.cl\/index.php?rest_route=\/wp\/v2\/types\/post"}],"author":[{"embeddable":true,"href":"https:\/\/radiorevelacionfm.cl\/index.php?rest_route=\/wp\/v2\/users\/1"}],"replies":[{"embeddable":true,"href":"https:\/\/radiorevelacionfm.cl\/index.php?rest_route=%2Fwp%2Fv2%2Fcomments&post=22388"}],"version-history":[{"count":2,"href":"https:\/\/radiorevelacionfm.cl\/index.php?rest_route=\/wp\/v2\/posts\/22388\/revisions"}],"predecessor-version":[{"id":22397,"href":"https:\/\/radiorevelacionfm.cl\/index.php?rest_route=\/wp\/v2\/posts\/22388\/revisions\/22397"}],"wp:featuredmedia":[{"embeddable":true,"href":"https:\/\/radiorevelacionfm.cl\/index.php?rest_route=\/wp\/v2\/media\/14820"}],"wp:attachment":[{"href":"https:\/\/radiorevelacionfm.cl\/index.php?rest_route=%2Fwp%2Fv2%2Fmedia&parent=22388"}],"wp:term":[{"taxonomy":"category","embeddable":true,"href":"https:\/\/radiorevelacionfm.cl\/index.php?rest_route=%2Fwp%2Fv2%2Fcategories&post=22388"},{"taxonomy":"post_tag","embeddable":true,"href":"https:\/\/radiorevelacionfm.cl\/index.php?rest_route=%2Fwp%2Fv2%2Ftags&post=22388"}],"curies":[{"name":"wp","href":"https:\/\/api.w.org\/{rel}","templated":true}]}}