{"id":22385,"date":"2022-09-30T09:26:28","date_gmt":"2022-09-30T12:26:28","guid":{"rendered":"https:\/\/radiorevelacionfm.cl\/?p=22385"},"modified":"2022-09-30T09:26:28","modified_gmt":"2022-09-30T12:26:28","slug":"dia-nacional-de-acceso-a-la-justicia-realizan-charla-a-estudiantes-de-8-basicos-de-escuela-baquedano-de-coyhaique","status":"publish","type":"post","link":"https:\/\/radiorevelacionfm.cl\/?p=22385","title":{"rendered":"D\u00eda Nacional de Acceso a la Justicia: realizan charla a estudiantes de 8\u00b0 b\u00e1sicos de Escuela Baquedano de Coyhaique"},"content":{"rendered":"<div class=\"flex_column av_one_full  flex_column_div av-zero-column-padding first  avia-builder-el-0  el_before_av_one_full  avia-builder-el-first  \" style='border-radius:0px; '><div  class='avia-image-container  av-styling-    avia-builder-el-1  avia-builder-el-no-sibling  avia-align-center '  itemprop=\"image\" itemscope=\"itemscope\" itemtype=\"https:\/\/schema.org\/ImageObject\"  ><div class='avia-image-container-inner'><div class='avia-image-overlay-wrap'><img decoding=\"async\" class='wp-image-22386 avia-img-lazy-loading-not-22386 avia_image' src=\"https:\/\/radiorevelacionfm.cl\/wp-content\/uploads\/2022\/09\/charla-caj-1-1-1.jpg\" alt='' title='charla caj 1 (1) (1)' height=\"600\" width=\"800\"  itemprop=\"thumbnailUrl\" srcset=\"https:\/\/radiorevelacionfm.cl\/wp-content\/uploads\/2022\/09\/charla-caj-1-1-1.jpg 800w, https:\/\/radiorevelacionfm.cl\/wp-content\/uploads\/2022\/09\/charla-caj-1-1-1-300x225.jpg 300w, https:\/\/radiorevelacionfm.cl\/wp-content\/uploads\/2022\/09\/charla-caj-1-1-1-768x576.jpg 768w, https:\/\/radiorevelacionfm.cl\/wp-content\/uploads\/2022\/09\/charla-caj-1-1-1-705x529.jpg 705w, https:\/\/radiorevelacionfm.cl\/wp-content\/uploads\/2022\/09\/charla-caj-1-1-1-600x450.jpg 600w\" sizes=\"(max-width: 800px) 100vw, 800px\" \/><\/div><\/div><\/div><\/div><div class=\"flex_column av_one_full  flex_column_div av-zero-column-padding first  avia-builder-el-2  el_after_av_one_full  el_before_av_one_full  column-top-margin\" style='border-radius:0px; '><section class=\"av_textblock_section \"  itemscope=\"itemscope\" itemtype=\"https:\/\/schema.org\/BlogPosting\" itemprop=\"blogPost\" ><div class='avia_textblock  '   itemprop=\"text\" ><p style=\"text-align: center;\"><strong><span style=\"font-size: 18pt;\">D\u00eda Nacional de Acceso a la Justicia: realizan charla a estudiantes de 8\u00b0 b\u00e1sicos de Escuela Baquedano de Coyhaique <\/span><\/strong><\/p>\n<div id=\"gtx-trans\" style=\"position: absolute; left: -50px; top: 4.31534px;\">\n<div class=\"gtx-trans-icon\"><\/div>\n<\/div>\n<\/div><\/section><\/div><div class=\"flex_column av_one_full  flex_column_div av-zero-column-padding first  avia-builder-el-4  el_after_av_one_full  el_before_av_hr  column-top-margin\" style='border-radius:0px; '><section class=\"av_textblock_section \"  itemscope=\"itemscope\" itemtype=\"https:\/\/schema.org\/BlogPosting\" itemprop=\"blogPost\" ><div class='avia_textblock  '   itemprop=\"text\" ><p style=\"text-align: justify;\">En el marco del D\u00eda Nacional de Acceso a la Justicia, la Corporaci\u00f3n de Asistencia Judicial realiz\u00f3 una charla dirigida a los alumnos de octavos b\u00e1sicos de la Escuela Baquedano, dicha instancia tuvo como objetivo dar a conocer a los estudiantes, la nueva l\u00ednea de representaci\u00f3n jur\u00eddica especializada \u201cLa ni\u00f1ez y la adolescencia se defienden\u201d, que les reconoce a ni\u00f1as, ni\u00f1os y adolescentes el derecho a contar con representaci\u00f3n jur\u00eddica especializada, pasando de ser considerados \u201cobjetos de protecci\u00f3n\u201d a \u201csujetos de derecho\u201d.<\/p>\n<p style=\"text-align: justify;\">Dicha charla dirigida a cerca de 40 estudiantes estuvo a cargo de la Directora Regional (s) de la Caj Mar\u00eda Francisca Vilches acompa\u00f1ada de la trabajadora social del programa Rossana Jara, quienes a trav\u00e9s de una din\u00e1mica y breve presentaci\u00f3n entregaron toda la informaci\u00f3n y los contactos donde pueden dirigirse los ni\u00f1os, ni\u00f1as y adolescentes que necesiten representaci\u00f3n jur\u00eddica.<\/p>\n<p style=\"text-align: justify;\">Respecto a la actividad, la Directora Regional (s) Mar\u00eda Francisca Vilches indic\u00f3 que \u201cel principal motivo de nuestra actividad es conmemorar el D\u00eda Nacional del Acceso a la Justicia que se est\u00e1 celebrando en cada una de las corporaciones a nivel pa\u00eds, y por otra parte hemos elegido la Escuela Baquedano a los alumnos de octavos b\u00e1sicos a fin de darles a conocer esta nueva l\u00ednea de atenci\u00f3n \u201cLa ni\u00f1ez y la adolescencia se defienden\u201d y a fin tambi\u00e9n de poder dar a conocer a la comunidad educativa la existencia de la Corporaci\u00f3n de Asistencia Judicial\u00a0 y cada una de las l\u00edneas de atenci\u00f3n que tiene\u201d.<\/p>\n<p style=\"text-align: justify;\">Mientras que el Director de la Escuela Baquedano Eric Galleguillos Robles explic\u00f3 que \u201cpara nosotros es fundamental que se realicen este tipo de actividades y m\u00e1s a\u00fan en nuestro establecimiento, yo me siento honrado y agradecido que se haya escogido nuestra escuela para dar el puntapi\u00e9 inicial a este programa, nosotros vivimos en una realidad donde tenemos un 94% de vulnerabilidad con nuestros estudiantes, entonces que se te pueda explicar y ofrecer este programa a nuestros estudiantes, nuestros adolescentes, lo que para nosotros como Escuela Baquedano es muy importante\u201d.<\/p>\n<p style=\"text-align: justify;\">Finalmente, el Seremi de Justicia y Derechos Humanos Samuel Navarro Castro indic\u00f3 que \u201cla actividad estuvo enmarcada en el D\u00eda Nacional del Acceso a la Justicia, y nos parec\u00eda que a prop\u00f3sito de la nueva l\u00ednea de representaci\u00f3n jur\u00eddica \u201cLa ni\u00f1ez y la adolescencia se defienden\u201d hacerlo con este p\u00fablico objetivo que son los ni\u00f1os, ni\u00f1as y adolescentes que requieren representaci\u00f3n jur\u00eddica, lo hicimos en la escuela Baquedano con los octavos b\u00e1sicos, y estuvieron los profesores, el director de la Escuela a quien agradecemos la posibilidad de realizar esta actividad, que fue muy did\u00e1ctica y adaptada a la edad de estos estudiantes para que ellos sepan que son sujetos de derechos y que pueden contar con esta representaci\u00f3n jur\u00eddica que es parte de la oferta de la Corporaci\u00f3n de Asistencia de Judicial, acci\u00f3n que se debe replicar en otros lugares de la regi\u00f3n, porque de esta forma llegamos a esta poblaci\u00f3n objetivo\u201d.<\/p>\n<\/div><\/section><\/div><div  style='height:50px' class='hr hr-invisible   avia-builder-el-6  el_after_av_one_full  el_before_av_social_share '><span class='hr-inner ' ><span class='hr-inner-style'><\/span><\/span><\/div><\/p>\n<div  class='av-social-sharing-box  avia-builder-el-7  el_after_av_hr  el_before_av_hr  '><div class='av-share-box'><h5 class='av-share-link-description av-no-toc '>Compartir esta noticia<\/h5><ul class='av-share-box-list noLightbox'><li class='av-share-link av-social-link-facebook' ><a target=\"_blank\" aria-label=\"Compartir en Facebook\" href='https:\/\/www.facebook.com\/sharer.php?u=https:\/\/radiorevelacionfm.cl\/?p=22385&#038;t=D%C3%ADa%20Nacional%20de%20Acceso%20a%20la%20Justicia%3A%20realizan%20charla%20a%20estudiantes%20de%208%C2%B0%20b%C3%A1sicos%20de%20Escuela%20Baquedano%20de%20Coyhaique' aria-hidden='false' data-av_icon='\ue8f3' data-av_iconfont='entypo-fontello' title='' data-avia-related-tooltip='Compartir en Facebook' rel=\"noopener\"><span class='avia_hidden_link_text'>Compartir en Facebook<\/span><\/a><\/li><li class='av-share-link av-social-link-twitter' ><a target=\"_blank\" aria-label=\"Compartir en Twitter\" href='https:\/\/twitter.com\/share?text=D%C3%ADa%20Nacional%20de%20Acceso%20a%20la%20Justicia%3A%20realizan%20charla%20a%20estudiantes%20de%208%C2%B0%20b%C3%A1sicos%20de%20Escuela%20Baquedano%20de%20Coyhaique&#038;url=https:\/\/radiorevelacionfm.cl\/?p=22385' aria-hidden='false' data-av_icon='\ue8f1' data-av_iconfont='entypo-fontello' title='' data-avia-related-tooltip='Compartir en Twitter' rel=\"noopener\"><span class='avia_hidden_link_text'>Compartir en Twitter<\/span><\/a><\/li><li class='av-share-link av-social-link-whatsapp' ><a target=\"_blank\" aria-label=\"Compartir en Whatsapp\" href='https:\/\/api.whatsapp.com\/send?text=https:\/\/radiorevelacionfm.cl\/?p=22385' aria-hidden='false' data-av_icon='\uf232' data-av_iconfont='entypo-fontello' title='' data-avia-related-tooltip='Compartir en Whatsapp' rel=\"noopener\"><span class='avia_hidden_link_text'>Compartir en Whatsapp<\/span><\/a><\/li><li class='av-share-link av-social-link-linkedin' ><a target=\"_blank\" aria-label=\"Compartir en LinkedIn\" href='https:\/\/linkedin.com\/shareArticle?mini=true&#038;title=D%C3%ADa%20Nacional%20de%20Acceso%20a%20la%20Justicia%3A%20realizan%20charla%20a%20estudiantes%20de%208%C2%B0%20b%C3%A1sicos%20de%20Escuela%20Baquedano%20de%20Coyhaique&#038;url=https:\/\/radiorevelacionfm.cl\/?p=22385' aria-hidden='false' data-av_icon='\ue8fc' data-av_iconfont='entypo-fontello' title='' data-avia-related-tooltip='Compartir en LinkedIn' rel=\"noopener\"><span class='avia_hidden_link_text'>Compartir en LinkedIn<\/span><\/a><\/li><li class='av-share-link av-social-link-mail' ><a  aria-label=\"Compartir por correo\" href='mailto:?subject=D%C3%ADa%20Nacional%20de%20Acceso%20a%20la%20Justicia%3A%20realizan%20charla%20a%20estudiantes%20de%208%C2%B0%20b%C3%A1sicos%20de%20Escuela%20Baquedano%20de%20Coyhaique&#038;body=https:\/\/radiorevelacionfm.cl\/?p=22385' aria-hidden='false' data-av_icon='\ue805' data-av_iconfont='entypo-fontello' title='' data-avia-related-tooltip='Compartir por correo'><span class='avia_hidden_link_text'>Compartir por correo<\/span><\/a><\/li><\/ul><\/div><\/div>\n<div  style='height:50px' class='hr hr-invisible   avia-builder-el-8  el_after_av_social_share  el_before_av_comments_list '><span class='hr-inner ' ><span class='hr-inner-style'><\/span><\/span><\/div>\n<div  class='av-buildercomment  av-blog-meta-html-info-disabled av-blog-meta-tag-disabled  '><\/div>\n","protected":false},"excerpt":{"rendered":"","protected":false},"author":1,"featured_media":22386,"comment_status":"open","ping_status":"open","sticky":false,"template":"","format":"standard","meta":{"footnotes":""},"categories":[55],"tags":[],"class_list":["post-22385","post","type-post","status-publish","format-standard","has-post-thumbnail","hentry","category-justicia"],"jetpack_featured_media_url":"https:\/\/radiorevelacionfm.cl\/wp-content\/uploads\/2022\/09\/charla-caj-1-1-1.jpg","_links":{"self":[{"href":"https:\/\/radiorevelacionfm.cl\/index.php?rest_route=\/wp\/v2\/posts\/22385","targetHints":{"allow":["GET"]}}],"collection":[{"href":"https:\/\/radiorevelacionfm.cl\/index.php?rest_route=\/wp\/v2\/posts"}],"about":[{"href":"https:\/\/radiorevelacionfm.cl\/index.php?rest_route=\/wp\/v2\/types\/post"}],"author":[{"embeddable":true,"href":"https:\/\/radiorevelacionfm.cl\/index.php?rest_route=\/wp\/v2\/users\/1"}],"replies":[{"embeddable":true,"href":"https:\/\/radiorevelacionfm.cl\/index.php?rest_route=%2Fwp%2Fv2%2Fcomments&post=22385"}],"version-history":[{"count":2,"href":"https:\/\/radiorevelacionfm.cl\/index.php?rest_route=\/wp\/v2\/posts\/22385\/revisions"}],"predecessor-version":[{"id":22418,"href":"https:\/\/radiorevelacionfm.cl\/index.php?rest_route=\/wp\/v2\/posts\/22385\/revisions\/22418"}],"wp:featuredmedia":[{"embeddable":true,"href":"https:\/\/radiorevelacionfm.cl\/index.php?rest_route=\/wp\/v2\/media\/22386"}],"wp:attachment":[{"href":"https:\/\/radiorevelacionfm.cl\/index.php?rest_route=%2Fwp%2Fv2%2Fmedia&parent=22385"}],"wp:term":[{"taxonomy":"category","embeddable":true,"href":"https:\/\/radiorevelacionfm.cl\/index.php?rest_route=%2Fwp%2Fv2%2Fcategories&post=22385"},{"taxonomy":"post_tag","embeddable":true,"href":"https:\/\/radiorevelacionfm.cl\/index.php?rest_route=%2Fwp%2Fv2%2Ftags&post=22385"}],"curies":[{"name":"wp","href":"https:\/\/api.w.org\/{rel}","templated":true}]}}