{"id":22381,"date":"2022-09-29T16:36:46","date_gmt":"2022-09-29T19:36:46","guid":{"rendered":"https:\/\/radiorevelacionfm.cl\/?p=22381"},"modified":"2022-09-29T16:36:46","modified_gmt":"2022-09-29T19:36:46","slug":"israel-villavicencio-asume-como-nuevo-director-regional-de-migraciones","status":"publish","type":"post","link":"https:\/\/radiorevelacionfm.cl\/?p=22381","title":{"rendered":"Israel Villavicencio asume como nuevo director regional de Migraciones"},"content":{"rendered":"<div class=\"flex_column av_one_full  flex_column_div av-zero-column-padding first  avia-builder-el-0  el_before_av_one_full  avia-builder-el-first  \" style='border-radius:0px; '><div  class='avia-image-container  av-styling-    avia-builder-el-1  avia-builder-el-no-sibling  avia-align-center '  itemprop=\"image\" itemscope=\"itemscope\" itemtype=\"https:\/\/schema.org\/ImageObject\"  ><div class='avia-image-container-inner'><div class='avia-image-overlay-wrap'><img decoding=\"async\" class='wp-image-22382 avia-img-lazy-loading-not-22382 avia_image' src=\"https:\/\/radiorevelacionfm.cl\/wp-content\/uploads\/2022\/09\/IMG_2168-1-1.jpg\" alt='' title='IMG_2168 (1) (1)' height=\"600\" width=\"784\"  itemprop=\"thumbnailUrl\" srcset=\"https:\/\/radiorevelacionfm.cl\/wp-content\/uploads\/2022\/09\/IMG_2168-1-1.jpg 784w, https:\/\/radiorevelacionfm.cl\/wp-content\/uploads\/2022\/09\/IMG_2168-1-1-300x230.jpg 300w, https:\/\/radiorevelacionfm.cl\/wp-content\/uploads\/2022\/09\/IMG_2168-1-1-768x588.jpg 768w, https:\/\/radiorevelacionfm.cl\/wp-content\/uploads\/2022\/09\/IMG_2168-1-1-705x540.jpg 705w, https:\/\/radiorevelacionfm.cl\/wp-content\/uploads\/2022\/09\/IMG_2168-1-1-600x459.jpg 600w\" sizes=\"(max-width: 784px) 100vw, 784px\" \/><\/div><\/div><\/div><\/div><div class=\"flex_column av_one_full  flex_column_div av-zero-column-padding first  avia-builder-el-2  el_after_av_one_full  el_before_av_one_full  column-top-margin\" style='border-radius:0px; '><section class=\"av_textblock_section \"  itemscope=\"itemscope\" itemtype=\"https:\/\/schema.org\/BlogPosting\" itemprop=\"blogPost\" ><div class='avia_textblock  '   itemprop=\"text\" ><p style=\"text-align: center;\"><span style=\"font-size: 18pt;\"><b><span lang=\"ES\">Israel Villavicencio asume como nuevo director regional de Migraciones<\/span><\/b><\/span><\/p>\n<div id=\"gtx-trans\" style=\"position: absolute; left: -50px; top: 4.31534px;\">\n<div class=\"gtx-trans-icon\"><\/div>\n<\/div>\n<\/div><\/section><\/div><div class=\"flex_column av_one_full  flex_column_div av-zero-column-padding first  avia-builder-el-4  el_after_av_one_full  el_before_av_hr  column-top-margin\" style='border-radius:0px; '><section class=\"av_textblock_section \"  itemscope=\"itemscope\" itemtype=\"https:\/\/schema.org\/BlogPosting\" itemprop=\"blogPost\" ><div class='avia_textblock  '   itemprop=\"text\" ><p style=\"font-weight: 400; text-align: justify;\">El abogado Israel Villavicencio asumi\u00f3 como director regional de Migraciones en la Regi\u00f3n de Ays\u00e9n, servicio dependiente del Ministerio del Interior y Seguridad P\u00fablica.<\/p>\n<p style=\"font-weight: 400; text-align: justify;\">Este servicio tiene la misi\u00f3n de garantizar el cumplimiento de la legislaci\u00f3n relativa al ingreso y egreso, residencia temporal o definitiva, expulsi\u00f3n y regulaci\u00f3n de los ciudadanos extranjeros que permanecen en el territorio nacional, en el marco de la Pol\u00edtica Nacional Migratoria del Gobierno de Chile.<\/p>\n<p style=\"font-weight: 400; text-align: justify;\">Rodrigo Araya, Delegado Presidencial Regional, se reuni\u00f3 con el nuevo directivo, a fin de abordar los lineamientos del servicio y la actual situaci\u00f3n migratoria en la regi\u00f3n.<\/p>\n<p style=\"font-weight: 400; text-align: justify;\">\u201cNuestro Gobierno y nuestro Presidente Gabriel Boric est\u00e1 preocupado de c\u00f3mo mejoramos la legalizaci\u00f3n, pero tambi\u00e9n las condiciones de vida de la poblaci\u00f3n migrante en nuestra comunidad. Es una tarea importante y tenemos desaf\u00edos de c\u00f3mo ir mejorando este servicio en la regi\u00f3n, de acuerdo a las directrices de la pol\u00edtica nacional; tambi\u00e9n la importancia de coordinarse con los dem\u00e1s sectores, cultura, educaci\u00f3n y salud, que tienen que ver con el bienestar de la comunidad en general y de la poblaci\u00f3n migrante\u201d, se\u00f1al\u00f3.<\/p>\n<p style=\"font-weight: 400; text-align: justify;\">Al Servicio Nacional de Migraciones le corresponde analizar las solicitudes de Permanencia Transitoria, Residencia Temporal, Residencia Definitiva y Nacionalizaci\u00f3n; promover acciones de acogida que incentiven la integraci\u00f3n de los inmigrantes, favoreciendo la cohesi\u00f3n entre nacionales y extranjeros; y promover la modernizaci\u00f3n institucional, legislativa y de gesti\u00f3n migratoria en Chile, detall\u00f3 por su parte Israel Villavicencio.<\/p>\n<p style=\"font-weight: 400; text-align: justify;\">\u201cGenerar una estabilidad dentro de la regi\u00f3n y posicionar al servicio como un eje central en materia de migrantes, principalmente, llegando a nuestra poblaci\u00f3n migrante que, si bien es menor en consideraci\u00f3n a otras regiones de nuestro pa\u00eds, las necesidades se replican y tambi\u00e9n tienen caracter\u00edsticas distintas dado que nuestra regi\u00f3n presenta caracter\u00edsticas distintas, entonces atender esos focos y verificar toda la regularizaci\u00f3n y un enfoque importante es el trabajo con ni\u00f1as, ni\u00f1os y adolescentes, en apoyo a ellos precisamente para proteger sus derechos\u201d, se\u00f1al\u00f3.<\/p>\n<p style=\"font-weight: 400; text-align: justify;\">El servicio regional de Migraciones se encuentra ubicado en Err\u00e1zuriz 375, en dependencias de la Delegaci\u00f3n Presidencial Regional, p\u00e1gina web\u00a0<a href=\"https:\/\/serviciomigraciones.cl\/\" data-saferedirecturl=\"https:\/\/www.google.com\/url?q=https:\/\/serviciomigraciones.cl\/&amp;source=gmail&amp;ust=1664563784549000&amp;usg=AOvVaw2y-F3EsDnDxFJR0BPT5758\">https:\/\/serviciomigraciones.cl\/<\/a>.<\/p>\n<\/div><\/section><\/div><div  style='height:50px' class='hr hr-invisible   avia-builder-el-6  el_after_av_one_full  el_before_av_social_share '><span class='hr-inner ' ><span class='hr-inner-style'><\/span><\/span><\/div><\/p>\n<div  class='av-social-sharing-box  avia-builder-el-7  el_after_av_hr  el_before_av_hr  '><div class='av-share-box'><h5 class='av-share-link-description av-no-toc '>Compartir esta noticia<\/h5><ul class='av-share-box-list noLightbox'><li class='av-share-link av-social-link-facebook' ><a target=\"_blank\" aria-label=\"Compartir en Facebook\" href='https:\/\/www.facebook.com\/sharer.php?u=https:\/\/radiorevelacionfm.cl\/?p=22381&#038;t=Israel%20Villavicencio%20asume%20como%20nuevo%20director%20regional%20de%20Migraciones' aria-hidden='false' data-av_icon='\ue8f3' data-av_iconfont='entypo-fontello' title='' data-avia-related-tooltip='Compartir en Facebook' rel=\"noopener\"><span class='avia_hidden_link_text'>Compartir en Facebook<\/span><\/a><\/li><li class='av-share-link av-social-link-twitter' ><a target=\"_blank\" aria-label=\"Compartir en Twitter\" href='https:\/\/twitter.com\/share?text=Israel%20Villavicencio%20asume%20como%20nuevo%20director%20regional%20de%20Migraciones&#038;url=https:\/\/radiorevelacionfm.cl\/?p=22381' aria-hidden='false' data-av_icon='\ue8f1' data-av_iconfont='entypo-fontello' title='' data-avia-related-tooltip='Compartir en Twitter' rel=\"noopener\"><span class='avia_hidden_link_text'>Compartir en Twitter<\/span><\/a><\/li><li class='av-share-link av-social-link-whatsapp' ><a target=\"_blank\" aria-label=\"Compartir en Whatsapp\" href='https:\/\/api.whatsapp.com\/send?text=https:\/\/radiorevelacionfm.cl\/?p=22381' aria-hidden='false' data-av_icon='\uf232' data-av_iconfont='entypo-fontello' title='' data-avia-related-tooltip='Compartir en Whatsapp' rel=\"noopener\"><span class='avia_hidden_link_text'>Compartir en Whatsapp<\/span><\/a><\/li><li class='av-share-link av-social-link-linkedin' ><a target=\"_blank\" aria-label=\"Compartir en LinkedIn\" href='https:\/\/linkedin.com\/shareArticle?mini=true&#038;title=Israel%20Villavicencio%20asume%20como%20nuevo%20director%20regional%20de%20Migraciones&#038;url=https:\/\/radiorevelacionfm.cl\/?p=22381' aria-hidden='false' data-av_icon='\ue8fc' data-av_iconfont='entypo-fontello' title='' data-avia-related-tooltip='Compartir en LinkedIn' rel=\"noopener\"><span class='avia_hidden_link_text'>Compartir en LinkedIn<\/span><\/a><\/li><li class='av-share-link av-social-link-mail' ><a  aria-label=\"Compartir por correo\" href='mailto:?subject=Israel%20Villavicencio%20asume%20como%20nuevo%20director%20regional%20de%20Migraciones&#038;body=https:\/\/radiorevelacionfm.cl\/?p=22381' aria-hidden='false' data-av_icon='\ue805' data-av_iconfont='entypo-fontello' title='' data-avia-related-tooltip='Compartir por correo'><span class='avia_hidden_link_text'>Compartir por correo<\/span><\/a><\/li><\/ul><\/div><\/div>\n<div  style='height:50px' class='hr hr-invisible   avia-builder-el-8  el_after_av_social_share  el_before_av_comments_list '><span class='hr-inner ' ><span class='hr-inner-style'><\/span><\/span><\/div>\n<div  class='av-buildercomment  av-blog-meta-html-info-disabled av-blog-meta-tag-disabled  '><\/div>\n","protected":false},"excerpt":{"rendered":"","protected":false},"author":1,"featured_media":22382,"comment_status":"open","ping_status":"open","sticky":false,"template":"","format":"standard","meta":{"footnotes":""},"categories":[38],"tags":[],"class_list":["post-22381","post","type-post","status-publish","format-standard","has-post-thumbnail","hentry","category-regional"],"jetpack_featured_media_url":"https:\/\/radiorevelacionfm.cl\/wp-content\/uploads\/2022\/09\/IMG_2168-1-1.jpg","_links":{"self":[{"href":"https:\/\/radiorevelacionfm.cl\/index.php?rest_route=\/wp\/v2\/posts\/22381","targetHints":{"allow":["GET"]}}],"collection":[{"href":"https:\/\/radiorevelacionfm.cl\/index.php?rest_route=\/wp\/v2\/posts"}],"about":[{"href":"https:\/\/radiorevelacionfm.cl\/index.php?rest_route=\/wp\/v2\/types\/post"}],"author":[{"embeddable":true,"href":"https:\/\/radiorevelacionfm.cl\/index.php?rest_route=\/wp\/v2\/users\/1"}],"replies":[{"embeddable":true,"href":"https:\/\/radiorevelacionfm.cl\/index.php?rest_route=%2Fwp%2Fv2%2Fcomments&post=22381"}],"version-history":[{"count":2,"href":"https:\/\/radiorevelacionfm.cl\/index.php?rest_route=\/wp\/v2\/posts\/22381\/revisions"}],"predecessor-version":[{"id":22393,"href":"https:\/\/radiorevelacionfm.cl\/index.php?rest_route=\/wp\/v2\/posts\/22381\/revisions\/22393"}],"wp:featuredmedia":[{"embeddable":true,"href":"https:\/\/radiorevelacionfm.cl\/index.php?rest_route=\/wp\/v2\/media\/22382"}],"wp:attachment":[{"href":"https:\/\/radiorevelacionfm.cl\/index.php?rest_route=%2Fwp%2Fv2%2Fmedia&parent=22381"}],"wp:term":[{"taxonomy":"category","embeddable":true,"href":"https:\/\/radiorevelacionfm.cl\/index.php?rest_route=%2Fwp%2Fv2%2Fcategories&post=22381"},{"taxonomy":"post_tag","embeddable":true,"href":"https:\/\/radiorevelacionfm.cl\/index.php?rest_route=%2Fwp%2Fv2%2Ftags&post=22381"}],"curies":[{"name":"wp","href":"https:\/\/api.w.org\/{rel}","templated":true}]}}